{"id":5476,"date":"2020-11-04T18:25:54","date_gmt":"2020-11-04T15:25:54","guid":{"rendered":"http:\/\/mersinekonomipolitikagazetesi.com\/?p=5476"},"modified":"2020-11-04T18:25:54","modified_gmt":"2020-11-04T15:25:54","slug":"aksener-ulkenin-yuzde-65i-parlementer-sisteme-donmek-istiyor","status":"publish","type":"post","link":"https:\/\/mersinekonomipolitikagazetesi.com\/?p=5476","title":{"rendered":"AK\u015eENER : &#8220;\u00dcLKEN\u0130N Y\u00dcZDE 65&#8217;\u0130 PARLEMENTER S\u0130STEME D\u00d6NMEK \u0130ST\u0130YOR &#8220;"},"content":{"rendered":"<p>\u0130Y\u0130 Parti Genel Ba\u015fkan\u0131 Meral Ak\u015fener, Mersin&#8217;e gelerek, &#8216;Gelece\u011fin T\u00fcrkiye&#8217;si \u0130\u00e7in \u0130yile\u015ftirilmi\u015f Ve G\u00fc\u00e7lendirilmi\u015f Parlementer Sistem&#8217; paneline kat\u0131ld\u0131. Ak\u015fener, 2010 referandumu olmasayd\u0131 15 Temmuz\u2019daki kalk\u0131\u015fman\u0131n olmayaca\u011f\u0131n\u0131, 2017\u2019de ise millete yalan s\u00f6ylendi\u011fini ifade etti.\u00a0<\/p>\n<p>Mersin \u0130l Ba\u015fkanl\u0131\u011f\u0131 taraf\u0131ndan d\u00fczenlenen ve Se\u00e7im \u0130\u015fleri Ba\u015fkan\u0131 Nuri Okutan\u2019\u0131n moderator\u00fc oldu\u011fu panele konu\u015fmac\u0131 olarak gazeteci Ahu \u00d6zyurt, gazeteci Deniz Zeyrek, T\u00fcrkiye&#8217;nin ilk kad\u0131n sava\u015f muhabiri \u015eerif Turgut ve 2010 &#8211; 2014 y\u0131llar\u0131 aras\u0131nda T\u00fcrkiye&#8217;nin ABD b\u00fcy\u00fckel\u00e7ili\u011fi g\u00f6revini y\u00fcr\u00fcten T\u00fcrk emekli diplomat Nam\u0131k Tan kat\u0131larak g\u00fcndeme dair a\u00e7\u0131klamalarda bulundular. Mersin B\u00fcy\u00fck\u015fehir Belediyesi Kongre ve Sergi Saray\u0131&#8217;nda ger\u00e7ekle\u015ftirilen ve Mersin B\u00fcy\u00fck\u015fehir Belediye Ba\u015fkan\u0131 Vahap Se\u00e7er\u2019in de kat\u0131ld\u0131\u011f\u0131 etkinlikte, salonu dolduran \u0130Y\u0130 partililer Ak\u015fener&#8217; i co\u015fkuyla kar\u015f\u0131lad\u0131.\u00a0<\/p>\n<p>&#8220;Parlementer Sistem \u00dclke \u0130\u00e7in \u00c7\u0131k\u0131\u015f Yolu&#8221;\u00a0<\/p>\n<p>\u0130Y\u0130 Parti Genel Ba\u015fkan\u0131 Meral Ak\u015fener, panel bittikten sonra de\u011ferlendirme a\u00e7\u0131klams\u0131nda bulundu.<br \/>\nAk\u015fener, panelde parlamenter sistem \u00fczerinden demokrasi ve laiklik \u00fczerinde duruldu\u011funu ve g\u00fczel konu\u015fmalar\u0131n ge\u00e7ti\u011fini belirtti.<br \/>\nLaikli\u011fin bir hukuk kural\u0131 oldu\u011funu dile getiren Ak\u015fener, \u201cMaalesef hukuk\u00e7ular konu\u015fmad\u0131, ilahiyat\u00e7\u0131lar konu\u015ftu. Geldi\u011fimiz nokta budur.&#8221; ifadelerini kulland\u0131. Mersin\u2019in \u00f6zel bir \u015fehir oldu\u011funu, \u00f6zellikle kad\u0131nlar\u0131yla demokrasiyi kendi i\u00e7inde i\u015fleten bir il oldu\u011funu belirten Ak\u015fener, yap\u0131lan anket sonu\u00e7lar\u0131n\u0131 a\u00e7\u0131klayarak, \u00fclkede parlamenter sisteme d\u00f6nmek isteyen insan say\u0131s\u0131n y\u00fczde 64 oldu\u011funu belirtti.<br \/>\nAk\u015fener, &#8220;Bunu bir vatanda\u015fl\u0131k g\u00f6revi, \u0130nk\u0131lap tarihi hocas\u0131 olman\u0131n getirdi\u011fi bir sorumluluk, Atat\u00fcrk\u2019\u00fcn arkada\u015f\u0131 olan bir amcan\u0131n ye\u011feni olarak g\u00f6rev bildi\u011fim i\u00e7in g\u00fcndeme getirdik ve vatanda\u015f da arkas\u0131nda durdu. Referandum da evet oyu veren AK Partili se\u00e7menin \u015fu an y\u00fczde 20\u2019si iyile\u015ftirilmi\u015f g\u00fc\u00e7lendirilmi\u015f parlamenter sisteme ge\u00e7i\u015f y\u00f6n\u00fcnde fikir bildiriyor. Bu Erdo\u011fan i\u00e7in de, \u00fclke i\u00e7in de \u00e7\u0131k\u0131\u015f yolu. Bizim 150 y\u0131ll\u0131k bir parlamenter demokrasi tecr\u00fcbemiz var. Birikmi\u015f bir tecr\u00fcbe, kesildi mi? Kesildi, hatal\u0131 oldu mu? Oldu, 21. y\u00fczy\u0131l\u0131n ger\u00e7eklerine g\u00f6re konum al\u0131namad\u0131 m\u0131? Al\u0131namad\u0131 ama bir birikimimiz var. ABD\u2019deki ba\u015fkanl\u0131k sisteminin ayn\u0131s\u0131 gelse bile bir bilim insan\u0131 olarak T\u00fcrkiye a\u00e7\u0131s\u0131ndan Ba\u015fkanl\u0131k Sistemi\u2019nin yan\u0131nda durmad\u0131m.\u201d diye konu\u015ftu.\u00a0<\/p>\n<p>\n&#8220;Referandum Olmasayd\u0131 15 Temmuz Ya\u015fanmazd\u0131 &#8220;<\/p>\n<p>Ak\u015fener, &#8220;\u0130ki \u00f6nemli d\u00f6n\u00fc\u015f\u00fcm ya\u015fad\u0131 T\u00fcrkiye. Birincisi 2010 referandumu. O zaman i\u00e7inde bulundu\u011fum parti \u2018Hay\u0131r\u2019c\u0131yd\u0131 ama \u201cSald\u0131m \u00e7ay\u0131ra Mevlam kay\u0131ra\u201d gibi bir pozisyondayd\u0131. O zaman nefesim yetmedi. Devlet yetkililerine de s\u00f6yledim. Yapmas\u0131n dedim. \u0130simlerini s\u00f6yleyeyim, Mehmet Ali \u015eahin\u2019di biri, devrin Meclis Ba\u015fkan\u0131, Devrin tepesindekiler de dahil. O zaman omzuma vuruldu \u201cMerak etme gelin han\u0131m\u201d denildi. G\u00f6rd\u00fck neler oldu\u011funu. O referandum olmasa 15 Temmuz olmazd\u0131.&#8221; dedi.<br \/>\n\u00c7ok partili sisteme ge\u00e7i\u015ften 72 y\u0131l sonra Erdo\u011fan\u2019\u0131n, \u0130n\u00f6n\u00fc\u2019n\u00fcn b\u0131rakt\u0131\u011f\u0131 yetkileri eline ald\u0131\u011f\u0131n\u0131, Erdo\u011fan\u2019\u0131n olu\u015fturdu\u011fu h\u00fck\u00fcmet sistemine sultanc\u0131ll\u0131k y\u00f6netim bi\u00e7imi denildi\u011fini yani se\u00e7imli monar\u015fi oldu\u011funu s\u00f6yleyen Ak\u015fener, \u201cDemokrasi bir kurallar b\u00fct\u00fcn\u00fcd\u00fcr. Bunu ya\u015fatabilmenin, yeniden organize edebilmenin yolu iyile\u015ftirilmi\u015f g\u00fc\u00e7lendirilmi\u015f parlamenter sistemdir. 3.toplant\u0131m\u0131zda 3 ay i\u00e7erisinde bu konudaki talep y\u00fczde 64-65\u2019e \u00e7\u0131km\u0131\u015fsa biz \u0130Y\u0130 Parti olarak elbette muhalefet g\u00f6revimizi yerine getiriyoruz demektir. &#8221; dedi.<br \/>\nAk\u015fener, s\u00f6zlerini bitirirken \u015funlara vurgu yapt\u0131: \u201cT\u00fcrkiye yeniden iyile\u015ftirilmi\u015f g\u00fc\u00e7lendirilimi\u015f hukukun \u00fcst\u00fcn oldu\u011fu bir \u00fclke olmal\u0131d\u0131r. Demokrasi bir kuralllar butunudur. Biz bu i\u015fi ba\u015far\u0131ca\u011f\u0131z!&#8221;<\/p>\n<p>\n&#8220;Vatanda\u015f \u00c7aresiz, Kaderine Terk Edilmi\u015f Durumda &#8220;<\/p>\n<p>\n\u0130Y\u0130 Parti Mersin \u0130l Ba\u015fkan\u0131 Mehmet Dutar, yapt\u0131\u011f\u0131 konu\u015fmas\u0131nda, Mersin&#8217;in dertli oldu\u011funu belirtti.<br \/>\nYa\u015fanan sel felaketinde tar\u0131m alanlar\u0131n\u0131n sular alt\u0131nda kald\u0131\u011f\u0131n\u0131 belirten Dutar, &#8220;\u00dcreticimizin sesini duyan yok. Esnaflar kepenk kapatt\u0131, gen\u00e7lerimiz i\u015fsiz, yoksul ve \u00e7aresiz. Vatanda\u015f\u0131n al\u0131m g\u00fcc\u00fc d\u00fc\u015ft\u00fc. Vatanda\u015f \u00e7aresiz, kaderine terk edilmi\u015f durumda. Vatanda\u015f bu peri\u015fanl\u0131\u011f\u0131 ya\u015farken \u00f6te yandan K\u00f6pr\u00fcler, \u015eehir Hastaneleri ve milletten al\u0131nan gelirler ve paralar holdinglere ak\u0131t\u0131l\u0131yor. Halktan kopmu\u015f, milletine k\u00fcsm\u00fc\u015f, bakan\u0131na ula\u015f\u0131lamayan, Milletvekili bile dikkate al\u0131nmayan ve milletine hor bakan b\u00fcrokratik bir reis\u00e7ilik ortaya \u00e7\u0131km\u0131\u015ft\u0131r. \u0130nsanlar\u0131m\u0131z resi\u00e7ilikten rahats\u0131z. \u00dclkenin reis\u00e7i rejimden kurtulmas\u0131 laz\u0131m.T\u00fcrk milleti fetret devri ya\u015f\u0131yor.Bu rejim hi\u00e7 bir yarar getirmedi.Elle tutulur hi\u00e7 bir yan\u0131 olmayan bu sistemi T\u00fcrkiye g\u00f6rd\u00fc, denedi ve ya\u015fad\u0131. Bu millet bu hatan\u0131n d\u00fczelmesi i\u00e7in ilk se\u00e7imde gere\u011fini yapacakt\u0131r.\u201d ifadelerini kulland\u0131.<\/p>\n","protected":false},"excerpt":{"rendered":"<p>\u0130Y\u0130 Parti Genel Ba\u015fkan\u0131 Meral Ak\u015fener, Mersin&#8217;e gelerek, &#8216;Gelece\u011fin T\u00fcrkiye&#8217;si \u0130\u00e7in \u0130yile\u015ftirilmi\u015f Ve G\u00fc\u00e7lendirilmi\u015f Parlementer Sistem&#8217; paneline kat\u0131ld\u0131. Ak\u015fener, 2010 referandumu olmasayd\u0131 15 Temmuz\u2019daki kalk\u0131\u015fman\u0131n olmayaca\u011f\u0131n\u0131, 2017\u2019de ise millete yalan &hellip; <a href=\"https:\/\/mersinekonomipolitikagazetesi.com\/?p=5476\" class=\"more-link\">Devam\u0131n\u0131 Oku&#8230;<\/a><\/p>\n","protected":false},"author":1,"featured_media":0,"comment_status":"open","ping_status":"open","sticky":false,"template":"","format":"standard","meta":[],"categories":[],"tags":[],"_links":{"self":[{"href":"https:\/\/mersinekonomipolitikagazetesi.com\/index.php?rest_route=\/wp\/v2\/posts\/5476"}],"collection":[{"href":"https:\/\/mersinekonomipolitikagazetesi.com\/index.php?rest_route=\/wp\/v2\/posts"}],"about":[{"href":"https:\/\/mersinekonomipolitikagazetesi.com\/index.php?rest_route=\/wp\/v2\/types\/post"}],"author":[{"embeddable":true,"href":"https:\/\/mersinekonomipolitikagazetesi.com\/index.php?rest_route=\/wp\/v2\/users\/1"}],"replies":[{"embeddable":true,"href":"https:\/\/mersinekonomipolitikagazetesi.com\/index.php?rest_route=%2Fwp%2Fv2%2Fcomments&post=5476"}],"version-history":[{"count":0,"href":"https:\/\/mersinekonomipolitikagazetesi.com\/index.php?rest_route=\/wp\/v2\/posts\/5476\/revisions"}],"wp:attachment":[{"href":"https:\/\/mersinekonomipolitikagazetesi.com\/index.php?rest_route=%2Fwp%2Fv2%2Fmedia&parent=5476"}],"wp:term":[{"taxonomy":"category","embeddable":true,"href":"https:\/\/mersinekonomipolitikagazetesi.com\/index.php?rest_route=%2Fwp%2Fv2%2Fcategories&post=5476"},{"taxonomy":"post_tag","embeddable":true,"href":"https:\/\/mersinekonomipolitikagazetesi.com\/index.php?rest_route=%2Fwp%2Fv2%2Ftags&post=5476"}],"curies":[{"name":"wp","href":"https:\/\/api.w.org\/{rel}","templated":true}]}}