{"id":5477,"date":"2020-11-04T18:25:54","date_gmt":"2020-11-04T15:25:54","guid":{"rendered":"http:\/\/mersinekonomipolitikagazetesi.com\/?p=5477"},"modified":"2020-11-04T18:25:54","modified_gmt":"2020-11-04T15:25:54","slug":"iki-boruyla-sel-onlenir-mi","status":"publish","type":"post","link":"https:\/\/mersinekonomipolitikagazetesi.com\/?p=5477","title":{"rendered":"&#8220;\u0130K\u0130 BORUYLA SEL \u00d6NLEN\u0130R M\u0130?&#8221;"},"content":{"rendered":"<p>Mersin\u2019de ya\u015fanan sel felaketi sonras\u0131nda dere yataklar\u0131nda \u00e7al\u0131\u015fmalara ba\u015flayan B\u00fcy\u00fck\u015fehir, MESK\u0130 ve Mezitli Belediyesi&#8217;ne vatanda\u015flar, &#8220;Mersin B\u00fcy\u00fck\u015fehir Belediyesi, MESK\u0130 yetkilileri ile Mezitli Belediye Ba\u015fkan\u0131 bu \u00e7al\u0131\u015fmalar\u0131 neden daha \u00f6nce yapmad\u0131? Sel olunca, b\u00fcy\u00fck hasarlar ya\u015fan\u0131nca m\u0131 ak\u0131llar\u0131na geldi?&#8221; diyerek tepki g\u00f6sterdi.<br \/>\nGe\u00e7ti\u011fimiz g\u00fcnlerde Mersin\u2019de meydana gelen yo\u011fun ya\u011f\u0131\u015flar\u0131n ard\u0131ndan kentteki alt yap\u0131 eksiklikleri, imar pl\u00e2nlar\u0131n\u0131n de\u011fi\u015ftirilmesi, dere yataklar\u0131na a\u00e7\u0131lan imarlar a\u00e7\u0131s\u0131ndan kentte ciddi tahribatlar olu\u015fmu\u015ftu.<br \/>\nMersin B\u00fcy\u00fck\u015fehir Belediyesi Genel Sekreter Yard\u0131mc\u0131s\u0131 Haydar Ali Ulusoy ve Yol Yap\u0131m Daire Ba\u015fkan\u0131 H\u00fcsn\u00fc \u00d6z, Mezitli\u2019de incelemelerde bulundu.<\/p>\n<p>Mezitli Belediye Ba\u015fkan Yard\u0131mc\u0131s\u0131 Osman G\u00fcnay\u2019\u0131n da e\u015flik etti\u011fi incelemelerde, sel sonras\u0131 tahribat ya\u015fanan yerlerde al\u0131nmas\u0131 gereken \u00f6nlemler konu\u015fuldu.<\/p>\n<p>\u0130nceleme sonras\u0131 haz\u0131rlanan raporun Mersin Su ve Kanalizasyon Genel M\u00fcd\u00fcrl\u00fc\u011f\u00fc b\u00fcnyesinde ger\u00e7ekle\u015ftirilecek toplant\u0131da ele al\u0131naca\u011f\u0131 bildirildi.\u00a0<\/p>\n<p>\nHASARLARDAN SONRA \u00c7ALI\u015eMA BA\u015eLATTILAR!<br \/>\nMersin&#8217;de her y\u0131l meydana gelen afet i\u00e7in \u00f6nlemlerin al\u0131nmad\u0131\u011f\u0131 gerek\u00e7esiyle tepki g\u00f6steren vatanda\u015flar, &#8220;Her \u015fey olup bittikten sonra m\u0131 rapor haz\u0131rlan\u0131p \u00e7al\u0131\u015fma ba\u015flat\u0131l\u0131yor. Bu ya\u011f\u0131\u015flar\u0131n her sene meydana geldi\u011fi sel oldu\u011fu biliniyor. Ya\u011fmur sular\u0131n\u0131n akt\u0131\u011f\u0131 dere ve kanallar\u0131n \u00fczeri kapat\u0131l\u0131p bina ve yol yap\u0131l\u0131rsa b\u00f6yle sel olur. Koca kanal veya derenin yerine siz kalk\u0131p iki boru koyarsan\u0131z yine sel ka\u00e7\u0131n\u0131lmaz olur. Nas\u0131l dere ve kanal \u00fcstlerine imar verdiyseniz, ayn\u0131 \u015fekilde bu yerleri kamula\u015ft\u0131r\u0131p eski haline getirmek boynunuzun borcu. B\u00fcy\u00fck vebal alt\u0131ndas\u0131n\u0131z. \u00d6zellikle en b\u00fcy\u00fck hasarlar\u0131n ya\u015fand\u0131\u011f\u0131 Mezitli Belediyesi bu \u00f6nlemleri ba\u015ftan alarak hasar\u0131 en aza indirmeliydi. D\u00f6\u015fenen bir veya iki boru ile sel \u00f6nlenir mi?&#8221; diyerek \u015fikayetlerini dile getirdi.<\/p>\n","protected":false},"excerpt":{"rendered":"<p>Mersin\u2019de ya\u015fanan sel felaketi sonras\u0131nda dere yataklar\u0131nda \u00e7al\u0131\u015fmalara ba\u015flayan B\u00fcy\u00fck\u015fehir, MESK\u0130 ve Mezitli Belediyesi&#8217;ne vatanda\u015flar, &#8220;Mersin B\u00fcy\u00fck\u015fehir Belediyesi, MESK\u0130 yetkilileri ile Mezitli Belediye Ba\u015fkan\u0131 bu \u00e7al\u0131\u015fmalar\u0131 neden daha \u00f6nce yapmad\u0131? &hellip; <a href=\"https:\/\/mersinekonomipolitikagazetesi.com\/?p=5477\" class=\"more-link\">Devam\u0131n\u0131 Oku&#8230;<\/a><\/p>\n","protected":false},"author":1,"featured_media":0,"comment_status":"open","ping_status":"open","sticky":false,"template":"","format":"standard","meta":[],"categories":[],"tags":[],"_links":{"self":[{"href":"https:\/\/mersinekonomipolitikagazetesi.com\/index.php?rest_route=\/wp\/v2\/posts\/5477"}],"collection":[{"href":"https:\/\/mersinekonomipolitikagazetesi.com\/index.php?rest_route=\/wp\/v2\/posts"}],"about":[{"href":"https:\/\/mersinekonomipolitikagazetesi.com\/index.php?rest_route=\/wp\/v2\/types\/post"}],"author":[{"embeddable":true,"href":"https:\/\/mersinekonomipolitikagazetesi.com\/index.php?rest_route=\/wp\/v2\/users\/1"}],"replies":[{"embeddable":true,"href":"https:\/\/mersinekonomipolitikagazetesi.com\/index.php?rest_route=%2Fwp%2Fv2%2Fcomments&post=5477"}],"version-history":[{"count":0,"href":"https:\/\/mersinekonomipolitikagazetesi.com\/index.php?rest_route=\/wp\/v2\/posts\/5477\/revisions"}],"wp:attachment":[{"href":"https:\/\/mersinekonomipolitikagazetesi.com\/index.php?rest_route=%2Fwp%2Fv2%2Fmedia&parent=5477"}],"wp:term":[{"taxonomy":"category","embeddable":true,"href":"https:\/\/mersinekonomipolitikagazetesi.com\/index.php?rest_route=%2Fwp%2Fv2%2Fcategories&post=5477"},{"taxonomy":"post_tag","embeddable":true,"href":"https:\/\/mersinekonomipolitikagazetesi.com\/index.php?rest_route=%2Fwp%2Fv2%2Ftags&post=5477"}],"curies":[{"name":"wp","href":"https:\/\/api.w.org\/{rel}","templated":true}]}}