{"id":5478,"date":"2020-11-04T18:25:54","date_gmt":"2020-11-04T15:25:54","guid":{"rendered":"http:\/\/mersinekonomipolitikagazetesi.com\/?p=5478"},"modified":"2020-11-04T18:25:54","modified_gmt":"2020-11-04T15:25:54","slug":"rauf-denktas-ve-fazil-kucuk-mersinde-anildi","status":"publish","type":"post","link":"https:\/\/mersinekonomipolitikagazetesi.com\/?p=5478","title":{"rendered":"Rauf Denkta\u015f ve Faz\u0131l  K\u00fc\u00e7\u00fck, Mersin&#8217;de an\u0131ld\u0131"},"content":{"rendered":"<p>KKTC&#8217;nin kurucu Cumhurba\u015fkan\u0131 Rauf Raif Denkta\u015f ile ilk Cumhurba\u015fkan\u0131 Yard\u0131mc\u0131s\u0131 Faz\u0131l K\u00fc\u00e7\u00fck&#8217;\u00fcn \u00f6l\u00fcm y\u0131l d\u00f6n\u00fcmleri dolay\u0131s\u0131yla Mersin&#8217;de anma t\u00f6reni d\u00fczenlendi.<\/p>\n<p>Kuzey K\u0131br\u0131s T\u00fcrk Cumhuriyetinin (KKTC) kurucu Cumhurba\u015fkan\u0131 Rauf Raif Denkta\u015f ile ilk Cumhurba\u015fkan\u0131 Yard\u0131mc\u0131s\u0131 Faz\u0131l K\u00fc\u00e7\u00fck&#8217;\u00fcn \u00f6l\u00fcm y\u0131l d\u00f6n\u00fcmleri dolay\u0131s\u0131yla Mersin&#8217;de anma t\u00f6reni d\u00fczenlendi.\u00a0<br \/>\nToroslar Belediyesi ile KKTC Mersin Ba\u015fkonsoloslu\u011fu&#8217;nun Rauf Denkta\u015f Park\u0131 ve A\u00e7\u0131k Hava M\u00fczesi&#8217;nde d\u00fczenledi\u011fi t\u00f6rene, Kaymakam Ahmet Hikmet \u015eahin, Toroslar Belediye Ba\u015fkan\u0131 Ats\u0131z Af\u015f\u0131n Y\u0131lmaz, KKTC Ba\u015fkonsolosu Zalihe Mendeli, gaziler ve \u015fehit yak\u0131nlar\u0131 kat\u0131ld\u0131. Rauf Denkta\u015f An\u0131t\u0131&#8217;na \u00e7elenk b\u0131rak\u0131lmas\u0131yla ba\u015flayan t\u00f6ren, Kur&#8217;an-\u0131 Kerim tilaveti ve \u00f6\u011frencilerin iki liderle ilgili \u015fiirler okumas\u0131yla devam etti.\u00a0<br \/>\nT\u00f6rende konu\u015fan Toroslar Belediye Ba\u015fkan\u0131 Ats\u0131z Af\u015f\u0131n Y\u0131lmaz, K\u0131br\u0131s davas\u0131n\u0131n T\u00fcrkiye&#8217;nin ger\u00e7e\u011fi oldu\u011funu s\u00f6yledi. Kurtulu\u015f Sava\u015f\u0131&#8217;ndan \u00f6nce Anadolu&#8217;da ne ya\u015fand\u0131ysa 1974 y\u0131l\u0131ndan \u00f6ncede K\u0131br\u0131s&#8217;ta ayn\u0131 \u015feylerin ya\u015fand\u0131\u011f\u0131n\u0131 kaydeden Y\u0131lmaz, &#8220;Kurtulu\u015f Sava\u015f\u0131&#8217;nda oldu\u011fu gibi K\u0131br\u0131s&#8217;ta da yi\u011fitlik, kahramanl\u0131k destan\u0131 yaz\u0131ld\u0131. K\u0131br\u0131s&#8217;taki harekat\u0131n lideri, \u00f6nc\u00fcs\u00fc Rauf Denkta\u015f&#8217;\u0131 ve Faz\u0131l K\u00fc\u00e7\u00fck&#8217;\u00fc rahmetle, minnetle an\u0131yorum. O g\u00fcn, 1974 y\u0131l\u0131nda &#8216;K\u0131br\u0131s&#8217;ta ne i\u015fimiz var&#8217; diyenler, bug\u00fcn art\u0131k milletimizin bekas\u0131n\u0131n, g\u00fcvenli\u011finin \u015eam&#8217;dan, Trablus&#8217;tan, Buhara&#8217;dan ba\u015flad\u0131\u011f\u0131n\u0131 daha rahat, daha net g\u00f6r\u00fcyorlar. Halen o g\u00fcnk\u00fc hisleri, heyecan\u0131 ta\u015f\u0131yoruz. K\u0131br\u0131s&#8217;a yavru vatan dedik. Allah&#8217;\u0131n izniyle g\u00f6k \u00e7\u00f6kmedik\u00e7e, yer yar\u0131lmad\u0131k\u00e7a K\u0131br\u0131s&#8217;\u0131m\u0131z yine yavru vatan\u0131m\u0131z olarak kalmaya devam edecek&#8221; dedi.\u00a0<\/p>\n<p>&#8220;Davam\u0131z\u0131 savunmaya sonsuza denk devam edece\u011fiz&#8221;\u00a0<\/p>\n<p>KKTC Mersin Ba\u015fkonsolosu Zalihe Mendeli ise d\u00fcnyada \u00e7ok az liderin oldu\u011funu, bu liderlerden ikisinin de kendilerine nasip oldu\u011funu ifade ederek, &#8220;Dr. Faz\u0131l K\u00fc\u00e7\u00fck, karanl\u0131k i\u00e7erisinde savrulan K\u0131br\u0131s T\u00fcrk halk\u0131n\u0131 bir araya toparlayan, sahip oldu\u011fu de\u011ferleri yeniden hat\u0131rlatarak cesaret veren, fedakarl\u0131\u011f\u0131n ne oldu\u011funu davran\u0131\u015flar\u0131yla kan\u0131tlayan ger\u00e7ek bir liderdi, halk adam\u0131yd\u0131, \u00f6zg\u00fcrl\u00fck m\u00fccadelesi insan\u0131yd\u0131. Kurucu Cumhurba\u015fkan\u0131m\u0131z Rauf Denkta\u015f ise K\u0131br\u0131s T\u00fcrk halk\u0131n\u0131n var olu\u015f m\u00fccadelesine y\u00f6n veren, tarihe iz b\u0131rakm\u0131\u015f, K\u0131br\u0131s sevdal\u0131s\u0131, T\u00fcrkl\u00fck \u015fuuru \u00e7ok y\u00fcksek, egemenlik, ba\u011f\u0131ms\u0131zl\u0131k tutkusu ve siyasi dehas\u0131 hayli parlak, K\u0131br\u0131s T\u00fcrk halk\u0131n\u0131 toplum noktas\u0131ndan al\u0131p, devlet sahibi bir halk noktas\u0131na ta\u015f\u0131yan, anavatan T\u00fcrkiye&#8217;ye y\u00fcrekten ba\u011fl\u0131 bir liderdi. Bug\u00fcn burada KKTC&#8217;nin kurucu Cumhurba\u015fkan\u0131n\u0131n ebediyete intikalinin 8. ve 15 Ocak&#8217;ta \u00f6zg\u00fcrl\u00fck m\u00fccadelesi liderimiz Dr. Faz\u0131l K\u00fc\u00e7\u00fck&#8217;\u00fcn ebediyete intikalinin 36. y\u0131l d\u00f6n\u00fcm\u00fc i\u00e7in topland\u0131k. T\u00fcrk milletinin g\u00f6nl\u00fcnde \u00e7ok \u00f6zel yere sahip olan Rauf Denkta\u015f ve Faz\u0131l K\u00fc\u00e7\u00fck&#8217;\u00fc sayg\u0131, rahmet ve minnetle an\u0131yoruz. Sevgili Dr. K\u00fc\u00e7\u00fck ve Denkta\u015f, siz rahat uyuyunuz, bizler ana vatan\u0131m\u0131z T\u00fcrkiye Cumhuriyetinin deste\u011fiyle, hakl\u0131 davam\u0131z\u0131 savunmaya ve devletimizi sonsuza denk ya\u015fatmaya devam edece\u011fiz&#8221; ifadelerini kulland\u0131.\u00a0<br \/>\nKonu\u015fmalar\u0131n ard\u0131ndan anma t\u00f6reni toplu foto\u011fraf \u00e7ekimiyle sona erdi. \u00a0<\/p>\n","protected":false},"excerpt":{"rendered":"<p>KKTC&#8217;nin kurucu Cumhurba\u015fkan\u0131 Rauf Raif Denkta\u015f ile ilk Cumhurba\u015fkan\u0131 Yard\u0131mc\u0131s\u0131 Faz\u0131l K\u00fc\u00e7\u00fck&#8217;\u00fcn \u00f6l\u00fcm y\u0131l d\u00f6n\u00fcmleri dolay\u0131s\u0131yla Mersin&#8217;de anma t\u00f6reni d\u00fczenlendi. Kuzey K\u0131br\u0131s T\u00fcrk Cumhuriyetinin (KKTC) kurucu Cumhurba\u015fkan\u0131 Rauf Raif Denkta\u015f &hellip; <a href=\"https:\/\/mersinekonomipolitikagazetesi.com\/?p=5478\" class=\"more-link\">Devam\u0131n\u0131 Oku&#8230;<\/a><\/p>\n","protected":false},"author":1,"featured_media":0,"comment_status":"open","ping_status":"open","sticky":false,"template":"","format":"standard","meta":[],"categories":[],"tags":[],"_links":{"self":[{"href":"https:\/\/mersinekonomipolitikagazetesi.com\/index.php?rest_route=\/wp\/v2\/posts\/5478"}],"collection":[{"href":"https:\/\/mersinekonomipolitikagazetesi.com\/index.php?rest_route=\/wp\/v2\/posts"}],"about":[{"href":"https:\/\/mersinekonomipolitikagazetesi.com\/index.php?rest_route=\/wp\/v2\/types\/post"}],"author":[{"embeddable":true,"href":"https:\/\/mersinekonomipolitikagazetesi.com\/index.php?rest_route=\/wp\/v2\/users\/1"}],"replies":[{"embeddable":true,"href":"https:\/\/mersinekonomipolitikagazetesi.com\/index.php?rest_route=%2Fwp%2Fv2%2Fcomments&post=5478"}],"version-history":[{"count":0,"href":"https:\/\/mersinekonomipolitikagazetesi.com\/index.php?rest_route=\/wp\/v2\/posts\/5478\/revisions"}],"wp:attachment":[{"href":"https:\/\/mersinekonomipolitikagazetesi.com\/index.php?rest_route=%2Fwp%2Fv2%2Fmedia&parent=5478"}],"wp:term":[{"taxonomy":"category","embeddable":true,"href":"https:\/\/mersinekonomipolitikagazetesi.com\/index.php?rest_route=%2Fwp%2Fv2%2Fcategories&post=5478"},{"taxonomy":"post_tag","embeddable":true,"href":"https:\/\/mersinekonomipolitikagazetesi.com\/index.php?rest_route=%2Fwp%2Fv2%2Ftags&post=5478"}],"curies":[{"name":"wp","href":"https:\/\/api.w.org\/{rel}","templated":true}]}}