{"id":5491,"date":"2020-11-04T18:25:55","date_gmt":"2020-11-04T15:25:55","guid":{"rendered":"http:\/\/mersinekonomipolitikagazetesi.com\/?p=5491"},"modified":"2020-11-04T18:25:55","modified_gmt":"2020-11-04T15:25:55","slug":"tarsus-devlet-hastanesinde-patlama-5-yarali","status":"publish","type":"post","link":"https:\/\/mersinekonomipolitikagazetesi.com\/?p=5491","title":{"rendered":"Tarsus Devlet Hastanesinde patlama: 5 yaral\u0131"},"content":{"rendered":"<p>\u00a0Mersin&#8217;in Tarsus il\u00e7esinde, devlet hastanesinde meydana gelen patlamada ilk belirlemelere g\u00f6re 2&#8217;si a\u011f\u0131r 5 ki\u015fi yaraland\u0131.\u00a0 \u00a0<br \/>\n\u00a0 Edinilen bilgiye g\u00f6re, Tarsus Devlet Hastanesinin \u0131s\u0131tma so\u011futma \u00fcnitesinin bak\u0131m ve onar\u0131m\u0131n\u0131n yap\u0131ld\u0131\u011f\u0131 s\u0131rada hen\u00fcz bilinmeyen bir nedenle patlama meydana geldi. Olay yerine itfaiye ve polis ekipleri sevk edildi.\u00a0<br \/>\n\u00a0 Patlamada 2&#8217;si a\u011f\u0131r 5 ki\u015fi yaraland\u0131.\u00a0<br \/>\n\u00a0 Olay yerine ula\u015fan polis ekipleri patlaman\u0131n meydana geldi\u011fi alan\u0131 g\u00fcvenlik kordonunu ald\u0131.\u00a0<br \/>\n\u00a0 Yaralanan Hakk\u0131 G\u00f6kb\u00fck, \u00d6mer Y\u0131ld\u0131r\u0131m, B\u00fclent \u00c7aml\u0131 ve Mehmet S\u00fcmer hastanede tedavi alt\u0131na al\u0131nd\u0131.<\/p>\n<p><span style=\"font-family: sans-serif; font-size: 14px; text-align: justify; background-color: rgb(242, 244, 245);\">\u00a0Mersin&#8217;in Tarsus il\u00e7esinde, devlet hastanesinde meydana gelen patlamada yaralanan 5 ki\u015fiden birinin durumunun a\u011f\u0131r oldu\u011fu acil ameliyata al\u0131nd\u0131\u011f\u0131 bildirildi.<\/span><br style=\"box-sizing: border-box; font-family: sans-serif; font-size: 14px; text-align: justify; background-color: rgb(242, 244, 245);\" \/><br \/>\n<span style=\"font-family: sans-serif; font-size: 14px; text-align: justify; background-color: rgb(242, 244, 245);\">Tarsus Devlet Hastanesi Ba\u015fhekimi Op. Dr. Emre Direk, yapt\u0131\u011f\u0131 a\u00e7\u0131klamada, hastanenin ana bina kazan dairesinde saat 11.00 s\u0131ralar\u0131nda klima d\u0131\u015f \u00fcnitesine m\u00fcdahale s\u0131ras\u0131nda ger\u00e7ekle\u015fen patlama nedeniyle 5 teknik servis personelinin yaraland\u0131\u011f\u0131n\u0131 belirtti.<\/span><br style=\"box-sizing: border-box; font-family: sans-serif; font-size: 14px; text-align: justify; background-color: rgb(242, 244, 245);\" \/><br \/>\n<span style=\"font-family: sans-serif; font-size: 14px; text-align: justify; background-color: rgb(242, 244, 245);\">Yaral\u0131lardan birinin durumunun a\u011f\u0131r olmas\u0131 nedeniyle acil ameliyat al\u0131nd\u0131\u011f\u0131n\u0131 ve hayati tehlikesinin devam etti\u011fini vurgulayan Ba\u015fhekim Direk, &#8220;Yaral\u0131lardan bir tanesi el yaralanmas\u0131 di\u011fer 3 yaral\u0131 ise hafif yaralanma sebebiyle tedavi alt\u0131na al\u0131nd\u0131. Yaral\u0131lardan bir tanesi y\u00fcz yan\u0131\u011f\u0131 sebebiyle Mersin \u015eehir Hastanesi&#8217;ne sevk edildi&#8221; dedi.<\/span><\/p>\n","protected":false},"excerpt":{"rendered":"<p>\u00a0Mersin&#8217;in Tarsus il\u00e7esinde, devlet hastanesinde meydana gelen patlamada ilk belirlemelere g\u00f6re 2&#8217;si a\u011f\u0131r 5 ki\u015fi yaraland\u0131.\u00a0 \u00a0 \u00a0 Edinilen bilgiye g\u00f6re, Tarsus Devlet Hastanesinin \u0131s\u0131tma so\u011futma \u00fcnitesinin bak\u0131m ve onar\u0131m\u0131n\u0131n &hellip; <a href=\"https:\/\/mersinekonomipolitikagazetesi.com\/?p=5491\" class=\"more-link\">Devam\u0131n\u0131 Oku&#8230;<\/a><\/p>\n","protected":false},"author":1,"featured_media":0,"comment_status":"open","ping_status":"open","sticky":false,"template":"","format":"standard","meta":[],"categories":[],"tags":[],"_links":{"self":[{"href":"https:\/\/mersinekonomipolitikagazetesi.com\/index.php?rest_route=\/wp\/v2\/posts\/5491"}],"collection":[{"href":"https:\/\/mersinekonomipolitikagazetesi.com\/index.php?rest_route=\/wp\/v2\/posts"}],"about":[{"href":"https:\/\/mersinekonomipolitikagazetesi.com\/index.php?rest_route=\/wp\/v2\/types\/post"}],"author":[{"embeddable":true,"href":"https:\/\/mersinekonomipolitikagazetesi.com\/index.php?rest_route=\/wp\/v2\/users\/1"}],"replies":[{"embeddable":true,"href":"https:\/\/mersinekonomipolitikagazetesi.com\/index.php?rest_route=%2Fwp%2Fv2%2Fcomments&post=5491"}],"version-history":[{"count":0,"href":"https:\/\/mersinekonomipolitikagazetesi.com\/index.php?rest_route=\/wp\/v2\/posts\/5491\/revisions"}],"wp:attachment":[{"href":"https:\/\/mersinekonomipolitikagazetesi.com\/index.php?rest_route=%2Fwp%2Fv2%2Fmedia&parent=5491"}],"wp:term":[{"taxonomy":"category","embeddable":true,"href":"https:\/\/mersinekonomipolitikagazetesi.com\/index.php?rest_route=%2Fwp%2Fv2%2Fcategories&post=5491"},{"taxonomy":"post_tag","embeddable":true,"href":"https:\/\/mersinekonomipolitikagazetesi.com\/index.php?rest_route=%2Fwp%2Fv2%2Ftags&post=5491"}],"curies":[{"name":"wp","href":"https:\/\/api.w.org\/{rel}","templated":true}]}}