{"id":5492,"date":"2020-11-04T18:25:55","date_gmt":"2020-11-04T15:25:55","guid":{"rendered":"http:\/\/mersinekonomipolitikagazetesi.com\/?p=5492"},"modified":"2020-11-04T18:25:55","modified_gmt":"2020-11-04T15:25:55","slug":"hedef-kitle-ihtiyac-sahibi-universite-ogrencileri-aski-burada-sen-neredesin","status":"publish","type":"post","link":"https:\/\/mersinekonomipolitikagazetesi.com\/?p=5492","title":{"rendered":"Hedef kitle ihtiya\u00e7  sahibi \u00fcniversite \u00f6\u011frencileri ASKI BURADA SEN NEREDES\u0130N?"},"content":{"rendered":"<p>Mersin\u2019de \u00fcniversiteli gen\u00e7lere y\u00f6nelik dayan\u0131\u015fma, payla\u015fma duygusundan yola \u00e7\u0131k\u0131larak kurulan s\u00fcrd\u00fcr\u00fclebilir i\u015f birli\u011fi projesi Mersin Gazeteciler Cemiyeti\u2019nde yap\u0131lan bas\u0131n toplant\u0131s\u0131yla kamuoyuna duyuruldu.<br \/>\nProje kurucusu ve Genel Koordinat\u00f6r Yusuf Durman, \u201cPayla\u015ft\u0131k\u00e7a \u00e7o\u011fal\u0131r, payla\u015ft\u0131k\u00e7a g\u00fczelle\u015fir d\u00fcnya. Ask\u0131da yemek b\u0131rak\u0131larak \u00f6\u011frencilere destek olunabilinecek.\u201d diyerek projeye davette bulundu.<br \/>\nAsk\u0131 burada projesinde pilot b\u00f6lgenin Mersin oldu\u011funu ve hedef kitlenin de ihtiya\u00e7 sahibi \u00fcniversite \u00f6\u011frencilerinin oldu\u011funu belirtildi.<br \/>\n\u0130nternet a\u011f\u0131 \u00fczerinden www.ask\u0131burada.com adresinden ask\u0131ya destek olunabilece\u011fini ve kontrol edinilebilece\u011fini vurgulayan Genel Koordinat\u00f6r Yusuf Durman, \u201c\u0130htiya\u00e7 sahiplerinin ihtiya\u00e7lar\u0131na sorunsuz ula\u015fmay\u0131 hedefliyoruz. Bunu ki\u015filer rencide olmadan stres ya\u015famadan, yard\u0131mlar\u0131 ula\u015ft\u0131rmak amac\u0131yla sistem kurduk. Amac\u0131m\u0131z projeyi Mersin\u2019de ba\u015flatarak t\u00fcm T\u00fcrkiye\u2019ye uygulamak.\u201d dedi.<\/p>\n<p>\u201cKendilerini tan\u0131tmadan rencide olmadan \u00fccretsiz al\u0131\u015fveri\u015f\u201d<\/p>\n<p>Ask\u0131da ekmek projesinden esinlenildi\u011fini belirterek dijital alanda sistem oturduklar\u0131n\u0131 s\u00f6yleyen ve sistemin \u00e7al\u0131\u015fma bi\u00e7imini anlatan Durman, \u201c\u00dcye olan esnaflar\u0131n d\u00fckkanlar\u0131na bu sistem kurularak internet sayfas\u0131na eri\u015fimini a\u00e7\u0131yorum. Belirlenen ihtiya\u00e7 sahibi \u00f6\u011frencilere tan\u0131mlanan dijital \u00fccretsiz kart ile yemeklerini \u00fccretsiz ve isim belirtmeden yiyebiliyorlar.\u201d diye konu\u015ftu.<\/p>\n<p>\u201c54 \u00fcniversite \u00f6\u011frencisi ve \u00a040 \u00fcye i\u015f yeri ile hizmet veriyoruz\u201d<\/p>\n<p>Projeye 6 aya yak\u0131n s\u00fcredir ba\u015flan\u0131ld\u0131\u011f\u0131n\u0131 belirten Durman projeye her hay\u0131rsever vatanda\u015f\u0131n destek olabilece\u011fini ve sistem \u00fczerinden kontrollerini g\u00fcvenle yapabilece\u011fini belirtti. Restoran, market, manav, eczane, berber, kasap, haz\u0131r giyim, k\u0131rtasiye v.b. bir\u00e7ok i\u015fyerinin projeye d\u00e2hil olmas\u0131yla yard\u0131m a\u011f\u0131n\u0131n geni\u015fledi\u011fini ifade eden Ask\u0131 Burada Proje Y\u00f6neticisi Yusuf, \u201c54 \u00fcniversite \u00f6\u011frencisi ve \u00a040 \u00fcye i\u015f yeri ile hizmet veriyoruz. \u00d6\u011frencilik y\u0131llar\u0131nda bizlerde benzer zorluklar\u0131 \u00e7ekmi\u015ftik. \u00d6\u011frencilerin halinden de bu nedenle en iyi anlayanlardan\u0131z. \u0130htiya\u00e7 sahibi \u00f6\u011frencilerimize ula\u015fmak olan amac\u0131yla projeyi d\u00fc\u015f\u00fcnd\u00fck. Ask\u0131 Burada Projesi ile deste\u011fe ihtiya\u00e7 duyan gen\u00e7lere, birbirini tan\u0131mayan destek\u00e7i g\u00f6n\u00fcl dostlar\u0131 vatanda\u015flar, kat\u0131l\u0131mc\u0131 i\u015fletmelerde ask\u0131ya men\u00fc ya da \u00fcr\u00fcn b\u0131rakarak katk\u0131da bulunuyor.\u201d dedi.<\/p>\n<p>\u201cEminiz, \u2018Ask\u0131 Burada\u2019 hay\u0131rlara vesile olacak\u201d<\/p>\n<p>Bir s\u00fcredir fikir a\u015famas\u0131nda yo\u011fun mesai harcad\u0131klar\u0131 proje i\u00e7in toplumda \u00a0taksi \u015fof\u00f6r\u00fc, manav, bakkal, f\u0131r\u0131nc\u0131, i\u015f\u00e7i, memur ve amiri gibi her kesiminden fikirler al\u0131p \u00fczerine katt\u0131klar\u0131n\u0131 belirten Durman, \u201cYerel esnaf\u0131m\u0131z\u0131n da ayn\u0131 zamanda bu d\u00f6ng\u00fcden fayda sa\u011flanmas\u0131 i\u00e7in bir olu\u015fuma gerek duyduk, b\u00f6ylece ilk hedefimiz \u00f6\u011frenciler iken bir sonraki hedeflerimize toplumun her kesiminden ihtiya\u00e7 sahiplerine ula\u015fmay\u0131 koyduk. Yapt\u0131\u011f\u0131m\u0131z proje hen\u00fcz yeni hayata ge\u00e7mi\u015f durumda, biz Mersin halk\u0131na ve Mersinlilerin vicdan\u0131na g\u00fcveniyoruz, biliyor ki d\u00f6rt elle bu projeye sar\u0131lacaklar. Eminiz, \u2018Ask\u0131 Burada\u2019 hay\u0131rlara vesile olacak. Projenin desteklenmesi i\u00e7in belediye ba\u015fkanlar\u0131, kaymakam ile kurum ve kurulu\u015flarla g\u00f6r\u00fc\u015fme yapt\u0131k. Desteklerini bekliyoruz.\u201d ifadelerini kulland\u0131.<\/p>\n","protected":false},"excerpt":{"rendered":"<p>Mersin\u2019de \u00fcniversiteli gen\u00e7lere y\u00f6nelik dayan\u0131\u015fma, payla\u015fma duygusundan yola \u00e7\u0131k\u0131larak kurulan s\u00fcrd\u00fcr\u00fclebilir i\u015f birli\u011fi projesi Mersin Gazeteciler Cemiyeti\u2019nde yap\u0131lan bas\u0131n toplant\u0131s\u0131yla kamuoyuna duyuruldu. Proje kurucusu ve Genel Koordinat\u00f6r Yusuf Durman, \u201cPayla\u015ft\u0131k\u00e7a &hellip; <a href=\"https:\/\/mersinekonomipolitikagazetesi.com\/?p=5492\" class=\"more-link\">Devam\u0131n\u0131 Oku&#8230;<\/a><\/p>\n","protected":false},"author":1,"featured_media":0,"comment_status":"open","ping_status":"open","sticky":false,"template":"","format":"standard","meta":[],"categories":[],"tags":[],"_links":{"self":[{"href":"https:\/\/mersinekonomipolitikagazetesi.com\/index.php?rest_route=\/wp\/v2\/posts\/5492"}],"collection":[{"href":"https:\/\/mersinekonomipolitikagazetesi.com\/index.php?rest_route=\/wp\/v2\/posts"}],"about":[{"href":"https:\/\/mersinekonomipolitikagazetesi.com\/index.php?rest_route=\/wp\/v2\/types\/post"}],"author":[{"embeddable":true,"href":"https:\/\/mersinekonomipolitikagazetesi.com\/index.php?rest_route=\/wp\/v2\/users\/1"}],"replies":[{"embeddable":true,"href":"https:\/\/mersinekonomipolitikagazetesi.com\/index.php?rest_route=%2Fwp%2Fv2%2Fcomments&post=5492"}],"version-history":[{"count":0,"href":"https:\/\/mersinekonomipolitikagazetesi.com\/index.php?rest_route=\/wp\/v2\/posts\/5492\/revisions"}],"wp:attachment":[{"href":"https:\/\/mersinekonomipolitikagazetesi.com\/index.php?rest_route=%2Fwp%2Fv2%2Fmedia&parent=5492"}],"wp:term":[{"taxonomy":"category","embeddable":true,"href":"https:\/\/mersinekonomipolitikagazetesi.com\/index.php?rest_route=%2Fwp%2Fv2%2Fcategories&post=5492"},{"taxonomy":"post_tag","embeddable":true,"href":"https:\/\/mersinekonomipolitikagazetesi.com\/index.php?rest_route=%2Fwp%2Fv2%2Ftags&post=5492"}],"curies":[{"name":"wp","href":"https:\/\/api.w.org\/{rel}","templated":true}]}}