{"id":5495,"date":"2020-11-04T18:25:55","date_gmt":"2020-11-04T15:25:55","guid":{"rendered":"http:\/\/mersinekonomipolitikagazetesi.com\/?p=5495"},"modified":"2020-11-04T18:25:55","modified_gmt":"2020-11-04T15:25:55","slug":"orman-arazisine-dikilen-limon-agaclari-kesildi","status":"publish","type":"post","link":"https:\/\/mersinekonomipolitikagazetesi.com\/?p=5495","title":{"rendered":"Orman arazisine dikilen limon a\u011fa\u00e7lar\u0131 kesildi"},"content":{"rendered":"<p>Mersin&#8217;de orman arazilerine dikildi\u011fi belirlenen yakla\u015f\u0131k 4 bin limon a\u011fac\u0131 ekipler taraf\u0131ndan kesildi.\u00a0<br \/>\nMersin Orman B\u00f6lge M\u00fcd\u00fcrl\u00fc\u011f\u00fc ekiplerince yap\u0131lan kontrollerde merkez Mezitli il\u00e7esi Tece Mahallesi&#8217;ndeki orman arazilerine ge\u00e7mi\u015f y\u0131llarda limon a\u011fa\u00e7lar\u0131 dikildi\u011fi tespit edildi. Orman \u0130\u015fletme M\u00fcd\u00fcrl\u00fc\u011f\u00fc, i\u015fgal edilen alanlar i\u00e7in mahkemeye ba\u015fvurdu. Ekipler, mahkemesi sonu\u00e7lanan alanlar i\u00e7in limon bah\u00e7esine d\u00f6n\u00fc\u015ft\u00fcr\u00fclen yerlerde kesim yapt\u0131. Yakla\u015f\u0131k y\u00fcz d\u00f6n\u00fcm alandaki limon a\u011fa\u00e7lar\u0131 ekipler taraf\u0131ndan kesildi.\u00a0<br \/>\nOrman B\u00f6lge M\u00fcd\u00fcrl\u00fc\u011f\u00fc yetkilileri, mahkemesi sonu\u00e7lanan alanlar i\u00e7in uygulaman\u0131n devam edece\u011fini, kesilen limonlar\u0131n yerine orman a\u011fa\u00e7lar\u0131n\u0131n dikiminin yap\u0131laca\u011f\u0131n\u0131 a\u00e7\u0131klad\u0131.\u00a0<\/p>\n","protected":false},"excerpt":{"rendered":"<p>Mersin&#8217;de orman arazilerine dikildi\u011fi belirlenen yakla\u015f\u0131k 4 bin limon a\u011fac\u0131 ekipler taraf\u0131ndan kesildi.\u00a0 Mersin Orman B\u00f6lge M\u00fcd\u00fcrl\u00fc\u011f\u00fc ekiplerince yap\u0131lan kontrollerde merkez Mezitli il\u00e7esi Tece Mahallesi&#8217;ndeki orman arazilerine ge\u00e7mi\u015f y\u0131llarda limon &hellip; <a href=\"https:\/\/mersinekonomipolitikagazetesi.com\/?p=5495\" class=\"more-link\">Devam\u0131n\u0131 Oku&#8230;<\/a><\/p>\n","protected":false},"author":1,"featured_media":0,"comment_status":"open","ping_status":"open","sticky":false,"template":"","format":"standard","meta":[],"categories":[],"tags":[],"_links":{"self":[{"href":"https:\/\/mersinekonomipolitikagazetesi.com\/index.php?rest_route=\/wp\/v2\/posts\/5495"}],"collection":[{"href":"https:\/\/mersinekonomipolitikagazetesi.com\/index.php?rest_route=\/wp\/v2\/posts"}],"about":[{"href":"https:\/\/mersinekonomipolitikagazetesi.com\/index.php?rest_route=\/wp\/v2\/types\/post"}],"author":[{"embeddable":true,"href":"https:\/\/mersinekonomipolitikagazetesi.com\/index.php?rest_route=\/wp\/v2\/users\/1"}],"replies":[{"embeddable":true,"href":"https:\/\/mersinekonomipolitikagazetesi.com\/index.php?rest_route=%2Fwp%2Fv2%2Fcomments&post=5495"}],"version-history":[{"count":0,"href":"https:\/\/mersinekonomipolitikagazetesi.com\/index.php?rest_route=\/wp\/v2\/posts\/5495\/revisions"}],"wp:attachment":[{"href":"https:\/\/mersinekonomipolitikagazetesi.com\/index.php?rest_route=%2Fwp%2Fv2%2Fmedia&parent=5495"}],"wp:term":[{"taxonomy":"category","embeddable":true,"href":"https:\/\/mersinekonomipolitikagazetesi.com\/index.php?rest_route=%2Fwp%2Fv2%2Fcategories&post=5495"},{"taxonomy":"post_tag","embeddable":true,"href":"https:\/\/mersinekonomipolitikagazetesi.com\/index.php?rest_route=%2Fwp%2Fv2%2Ftags&post=5495"}],"curies":[{"name":"wp","href":"https:\/\/api.w.org\/{rel}","templated":true}]}}