{"id":5497,"date":"2020-11-04T18:25:55","date_gmt":"2020-11-04T15:25:55","guid":{"rendered":"http:\/\/mersinekonomipolitikagazetesi.com\/?p=5497"},"modified":"2020-11-04T18:25:55","modified_gmt":"2020-11-04T15:25:55","slug":"secer-fakir-ses-cikarmiyor-zengin-bagiriyor","status":"publish","type":"post","link":"https:\/\/mersinekonomipolitikagazetesi.com\/?p=5497","title":{"rendered":"SE\u00c7ER: \u201cFAK\u0130R SES \u00c7IKARMIYOR ZENG\u0130N BA\u011eIRIYOR\u201d"},"content":{"rendered":"<p>Mersin B\u00fcy\u00fck\u015fehir Belediye Meclisi\u2019nin Ocak ay\u0131 ola\u011fan toplant\u0131s\u0131 ikinci bile\u015fimi ger\u00e7ekle\u015fti. Kongre ve Sergi Saray\u0131\u2019nda ger\u00e7ekle\u015fen toplant\u0131n\u0131n ana g\u00fcndemi MESK\u0130&#8217;nin yeni aboneliklerden ald\u0131\u011f\u0131 y\u00fczde 2 \u00a0pay ve Mezitli Sanayi Sitesi konusu oldu.\u00a0<\/p>\n<p>Meski Genel M\u00fcd\u00fcrl\u00fc\u011f\u00fc taraf\u0131ndan yeni su aboneliklerinde y\u00fczde 2 alt yap\u0131 kat\u0131l\u0131m bedeli al\u0131nmaya ba\u015fland\u0131.<br \/>\n\u0130lk defa al\u0131nan altyap\u0131 kat\u0131l\u0131m bedelinin fiyat art\u0131\u015f\u0131na neden olmas\u0131 \u00fczerine kamuoyunda \u00e7\u0131kan tart\u0131\u015fmalar\u0131 Akdeniz Belediye Ba\u015fkan Yard\u0131mc\u0131s\u0131 Zafer \u015eahin \u00d6zturan g\u00fcndeme getirdi.\u00a0<br \/>\nMersin B\u00fcy\u00fck\u015fehir Belediye Ba\u015fkan\u0131 Vahap Se\u00e7er sert a\u00e7\u0131klamalarda bulundu.<br \/>\nAl\u0131nan bedele ili\u015fkin yasalara uymak zorunda oldu\u011funu belirten Se\u00e7er, &#8220;\u015eimdi yasalar bana indirim yapaca\u011f\u0131m alanlar\u0131 belirlemi\u015f. Ben yasalar\u0131 uygulamak zorunday\u0131m. Bizim de yeni binalardan y\u00fczde 2&#8217;ye kadar kat\u0131l\u0131m pay\u0131 alma hakk\u0131m\u0131z var. Ben popilizm yapmacayaca\u011f\u0131m ve a\u00e7\u0131k konu\u015fuca\u011f\u0131m. \u015eimdi, oradan para alma, buradan para alma ama onu yap, bunu yap. Ben nereden para bulaca\u011f\u0131m? Herkes yasalar \u00e7er\u00e7evesinde bir bedel \u00f6demek zorunda. Amac\u0131m\u0131z insanlar\u0131 s\u0131kbo\u011faz etmek de\u011fil, MESK\u0130 yat\u0131r\u0131mlar\u0131na ihtiyac\u0131m\u0131z var. Ben nas\u0131l hizmet edecem?\u201d ifadelerini kulland\u0131.\u00a0<\/p>\n<p>&#8220;Geri Ad\u0131m Atmam&#8221;<\/p>\n<p>Konuya ili\u015fkin \u00f6rnek veren Se\u00e7er, \u201c\u015eimdi, 1 milyon TL bedeli olan dairenin emlak vergisi 2 y\u00fcz bin TL, y\u00fczde 2&#8217;si 4 bin TL yap\u0131yor. Kusura bakmay\u0131n ama 1 milyon TL&#8217;lik evi olan beyefendi de bana 4 bin tl \u00f6desin ki, temiz bir \u015fehir yaratay\u0131m kendine. \u0130\u00e7me suyu hatt\u0131, kanalizasyon hatt\u0131 yapay\u0131m. Bu kadar ba\u011f\u0131rman\u0131n anlam\u0131 ne? Fakir ba\u011f\u0131rsa hakk\u0131 var ama zengini ve m\u00fcteahhiti ba\u011fr\u0131yor. Bug\u00fcne kadar konuyla alakal\u0131 sadece 84 ki\u015fi m\u00fcracaat etmi\u015f. 84 ki\u015fi Mersin\u2019de ihtilal yapt\u0131. Neden? 1 milyonluk dairesi i\u00e7in 4 bin TL \u00f6dedi diye. B\u00f6yle bir y\u00f6netim anlay\u0131\u015f\u0131 olmaz. Bu rakamlar l\u00fcks daire sahiplerine dokunur, dokundu\u011fuda, 1 milyonda 4 bin TL &#8216;dir. Di\u011fr yandan 100 bin TL&#8217;lik evinde oturan vatanda\u015f sadece 400 TL \u00f6d\u00fcyor ki ona da 4 taksit imkan\u0131 ve indirim sa\u011fl\u0131yoruz. Fakirin sesi \u00e7\u0131km\u0131yor, zengin ba\u011fr\u0131yor. Takdiri size b\u0131rak\u0131yorum.&#8221; dedi.\u00a0<br \/>\n\u0130\u00e7me suyuna ya\u011fmur suyu kar\u015f\u0131t\u0131 s\u00f6ylentilerine de cevap veren Se\u00e7er, \u201cB\u00f6yle bir \u015fey s\u00f6z konusu de\u011fil. De\u011fi\u015fik 17 noktada su numunesi al\u0131nmakta ve meski taraf\u0131ndan ayr\u0131ca gezici mobil ara\u00e7lar s\u0131k\u0131nt\u0131l\u0131 b\u00f6lgelerde numune al\u0131p kontrol sa\u011fl\u0131yor. \u0130nsan sa\u011fl\u0131na tehdit olu\u015fturcak herhangi bir sonuca rastlanmad\u0131. Ben sabah \u00e7ay\u0131m\u0131 demlerken musluk suyunu kullan\u0131yorum bir sorun yok.&#8221; a\u00e7\u0131klamas\u0131nda bulundu.<\/p>\n<p>Mezitli Sanayisinde Belirsizlik S\u00fcr\u00fcyor\u00a0<\/p>\n<p>Mersin\u2019in bat\u0131 b\u00f6lgesinde ki vatanda\u015flar\u0131n T\u0131rm\u0131l ve Akdeniz sanayilerine gidi\u015finin zor oldu\u011funu belirten Mersin B\u00fcy\u00fck\u015fehir Belediye Meclis \u00dcyesi \u0130smail Yerlikaya , \u201cMezitli Belediyesi\u2019nden gelen talep do\u011frultusunda \u00c7evre ve \u015eehircilik bakanl\u0131\u011f\u0131 de\u011fi\u015fikli\u011fe gitti. Tar\u0131msal alan olan ve tar\u0131msal organize alan\u0131 olan b\u00f6lgeyi sanayi alan\u0131na \u00e7evirdi. \u015eimdi itirazlar var ve Bakanl\u0131k bunlar\u0131 de\u011ferlendiriyor. Bakanl\u0131k, \u2018Siz yerel y\u00f6netimler plan\u0131n\u0131z\u0131n arkas\u0131nda duruyorsan\u0131z biz bu de\u011fi\u015fikli\u011fi ona g\u00f6re de\u011ferlendirece\u011fiz. Ama yerel idareciler burada bu sanayiyi istemiyorsa eski haline \u00e7evirelim \u2018 diyorlar. Bununla ilgili Ne\u015fet Tarhan ve B\u00fcy\u00fck\u015fehir Belediye Ba\u015fkan\u0131 olarak size s\u00f6z hakk\u0131 do\u011fuyor tart\u0131\u015f\u0131lmas\u0131 gerekiyor.\u201d diye konu\u015ftu.<br \/>\nMezitli \u0130l\u00e7esi Esnaf ve Sanatk\u00e2rlar Kredi Kefalet Kooperatif Ba\u015fkan\u0131 B\u00fcnyamin \u00d6nel ise Mezitli Sanayi b\u00f6lgesi ile ilgili konu\u015fulan alan\u0131n 519 bin civar\u0131 oldu\u011funu belirterek 600 bin civar\u0131 rakamlar\u0131n a\u015f\u0131r\u0131 olarak g\u00f6sterildi\u011fini vurgulad\u0131. \u00d6nel, \u201cSanayi imardan sonra 300 d\u00f6n\u00fcm gibi bir rakam kal\u0131yor ve Toroslar, Yeni\u015fehir, \u00c7e\u015fmeli gibi yerler kat\u0131ld\u0131\u011f\u0131 zaman o b\u00f6lgenin tamam\u0131na hitabeden bir alan.\u201d dedi<\/p>\n<p>\u201cGasp edenler itiraz ediyorlar\u201d<\/p>\n<p>470 malik oldu\u011funu ve bunlar\u0131n sadece 79\u2019unun yap\u0131ma itiraz ettiklerini s\u00f6yleyen \u00d6nel, \u201cBurada 79 itiraz edenlerin 130 d\u00f6n\u00fcm hazine 36 d\u00f6n\u00fcmde orman\u0131 gasp ederek kullanan insanlar\u0131n itirazlar\u0131 bunlar. Yerel halk ile g\u00f6r\u00fc\u015f\u00fcl\u00fcnce tapular\u0131 olan ve ileriye d\u00f6n\u00fck d\u00fc\u015f\u00fcnen insanlar sanayinin yap\u0131lmas\u0131n\u0131 talep ediyorlar.\u201d diye s\u00f6yledi.\u00a0<\/p>\n<p>\u201cAciliyeti olan mevcut sanayinin kalkmas\u0131\u201d<\/p>\n<p>Mezitli Belediye Ba\u015fkan\u0131 Ne\u015fet Tarhan ise herkesin hemen hemen Mezitli kent merkezinde bu sanayinin olmamas\u0131 d\u00fc\u015f\u00fcncesinde oldu\u011funu belirterek, \u201cSanayici esnaf\u0131 hakl\u0131 olarak en uygun fiyat ve en uygun \u00e7er\u00e7evede bir yer olsun istiyor. Mevcut sanayide 30 d\u00f6n\u00fcm bir alan\u0131n 18 d\u00f6n\u00fcm\u00fc kendilerine ait. Dolay\u0131s\u0131yla bunu de\u011ferlendirmek istiyorlar. \u015eu anda 30 35 d\u00f6n\u00fcm bir sanayi alan\u0131 var. Biz diyoruz ki esnaf say\u0131s\u0131 2 kat\u0131 olsun ve di\u011ferlerini de alal\u0131m. \u0130\u00e7erisine yap\u0131lacak cami ve sosyal tesisleri kabaca hesapl\u0131yoruz. Gelece\u011fe d\u00f6n\u00fck otomobil sanayi ve mobilyac\u0131lar i\u00e7in Mezitli\u2019de o b\u00f6lgede yer almak istiyorlar. Fakat aciliyeti olan mevcut sanayinin kalkmas\u0131.\u201d diye konu\u015ftu.<\/p>\n","protected":false},"excerpt":{"rendered":"<p>Mersin B\u00fcy\u00fck\u015fehir Belediye Meclisi\u2019nin Ocak ay\u0131 ola\u011fan toplant\u0131s\u0131 ikinci bile\u015fimi ger\u00e7ekle\u015fti. Kongre ve Sergi Saray\u0131\u2019nda ger\u00e7ekle\u015fen toplant\u0131n\u0131n ana g\u00fcndemi MESK\u0130&#8217;nin yeni aboneliklerden ald\u0131\u011f\u0131 y\u00fczde 2 \u00a0pay ve Mezitli Sanayi Sitesi &hellip; <a href=\"https:\/\/mersinekonomipolitikagazetesi.com\/?p=5497\" class=\"more-link\">Devam\u0131n\u0131 Oku&#8230;<\/a><\/p>\n","protected":false},"author":1,"featured_media":0,"comment_status":"open","ping_status":"open","sticky":false,"template":"","format":"standard","meta":[],"categories":[],"tags":[],"_links":{"self":[{"href":"https:\/\/mersinekonomipolitikagazetesi.com\/index.php?rest_route=\/wp\/v2\/posts\/5497"}],"collection":[{"href":"https:\/\/mersinekonomipolitikagazetesi.com\/index.php?rest_route=\/wp\/v2\/posts"}],"about":[{"href":"https:\/\/mersinekonomipolitikagazetesi.com\/index.php?rest_route=\/wp\/v2\/types\/post"}],"author":[{"embeddable":true,"href":"https:\/\/mersinekonomipolitikagazetesi.com\/index.php?rest_route=\/wp\/v2\/users\/1"}],"replies":[{"embeddable":true,"href":"https:\/\/mersinekonomipolitikagazetesi.com\/index.php?rest_route=%2Fwp%2Fv2%2Fcomments&post=5497"}],"version-history":[{"count":0,"href":"https:\/\/mersinekonomipolitikagazetesi.com\/index.php?rest_route=\/wp\/v2\/posts\/5497\/revisions"}],"wp:attachment":[{"href":"https:\/\/mersinekonomipolitikagazetesi.com\/index.php?rest_route=%2Fwp%2Fv2%2Fmedia&parent=5497"}],"wp:term":[{"taxonomy":"category","embeddable":true,"href":"https:\/\/mersinekonomipolitikagazetesi.com\/index.php?rest_route=%2Fwp%2Fv2%2Fcategories&post=5497"},{"taxonomy":"post_tag","embeddable":true,"href":"https:\/\/mersinekonomipolitikagazetesi.com\/index.php?rest_route=%2Fwp%2Fv2%2Ftags&post=5497"}],"curies":[{"name":"wp","href":"https:\/\/api.w.org\/{rel}","templated":true}]}}