{"id":5500,"date":"2020-11-04T18:25:55","date_gmt":"2020-11-04T15:25:55","guid":{"rendered":"http:\/\/mersinekonomipolitikagazetesi.com\/?p=5500"},"modified":"2020-11-04T18:25:55","modified_gmt":"2020-11-04T15:25:55","slug":"tarsusta-ev-yangini","status":"publish","type":"post","link":"https:\/\/mersinekonomipolitikagazetesi.com\/?p=5500","title":{"rendered":"Tarsus\u2019ta ev yang\u0131n\u0131"},"content":{"rendered":"<p>Mersin\u2019in Tarsus il\u00e7esinde bir evde \u00e7\u0131kan yang\u0131n hasara neden oldu.\u00a0<br \/>\n\u00a0 Al\u0131nan bilgiye g\u00f6re, Hac\u0131hamzal\u0131 Mahallesi\u2019nde Murat \u015eim\u015fek\u2019e ait tek katl\u0131 evde sabaha do\u011fru hen\u00fcz belirlenemeyen nedenle yang\u0131n \u00e7\u0131kt\u0131.\u00a0<br \/>\n\u00a0 \u00c7evredekilerin ihbar\u0131 \u00fczerine olay yerine Mersin B\u00fcy\u00fck\u015fehir Belediyesi Tarsus \u0130tfaiye Grup Amirli\u011fi ekipleri sevk edildi. \u0130tfaiye ekipleri yang\u0131n\u0131 k\u0131sa s\u00fcrede s\u00fcrd\u00fcr\u00fcrken, evde hasar meydana geldi.\u00a0<br \/>\n\u00a0 Olayla ilgili soru\u015fturma devam ediyor.\u00a0<\/p>\n","protected":false},"excerpt":{"rendered":"<p>Mersin\u2019in Tarsus il\u00e7esinde bir evde \u00e7\u0131kan yang\u0131n hasara neden oldu.\u00a0 \u00a0 Al\u0131nan bilgiye g\u00f6re, Hac\u0131hamzal\u0131 Mahallesi\u2019nde Murat \u015eim\u015fek\u2019e ait tek katl\u0131 evde sabaha do\u011fru hen\u00fcz belirlenemeyen nedenle yang\u0131n \u00e7\u0131kt\u0131.\u00a0 \u00a0 &hellip; <a href=\"https:\/\/mersinekonomipolitikagazetesi.com\/?p=5500\" class=\"more-link\">Devam\u0131n\u0131 Oku&#8230;<\/a><\/p>\n","protected":false},"author":1,"featured_media":0,"comment_status":"open","ping_status":"open","sticky":false,"template":"","format":"standard","meta":[],"categories":[],"tags":[],"_links":{"self":[{"href":"https:\/\/mersinekonomipolitikagazetesi.com\/index.php?rest_route=\/wp\/v2\/posts\/5500"}],"collection":[{"href":"https:\/\/mersinekonomipolitikagazetesi.com\/index.php?rest_route=\/wp\/v2\/posts"}],"about":[{"href":"https:\/\/mersinekonomipolitikagazetesi.com\/index.php?rest_route=\/wp\/v2\/types\/post"}],"author":[{"embeddable":true,"href":"https:\/\/mersinekonomipolitikagazetesi.com\/index.php?rest_route=\/wp\/v2\/users\/1"}],"replies":[{"embeddable":true,"href":"https:\/\/mersinekonomipolitikagazetesi.com\/index.php?rest_route=%2Fwp%2Fv2%2Fcomments&post=5500"}],"version-history":[{"count":0,"href":"https:\/\/mersinekonomipolitikagazetesi.com\/index.php?rest_route=\/wp\/v2\/posts\/5500\/revisions"}],"wp:attachment":[{"href":"https:\/\/mersinekonomipolitikagazetesi.com\/index.php?rest_route=%2Fwp%2Fv2%2Fmedia&parent=5500"}],"wp:term":[{"taxonomy":"category","embeddable":true,"href":"https:\/\/mersinekonomipolitikagazetesi.com\/index.php?rest_route=%2Fwp%2Fv2%2Fcategories&post=5500"},{"taxonomy":"post_tag","embeddable":true,"href":"https:\/\/mersinekonomipolitikagazetesi.com\/index.php?rest_route=%2Fwp%2Fv2%2Ftags&post=5500"}],"curies":[{"name":"wp","href":"https:\/\/api.w.org\/{rel}","templated":true}]}}