{"id":5501,"date":"2020-11-04T18:25:55","date_gmt":"2020-11-04T15:25:55","guid":{"rendered":"http:\/\/mersinekonomipolitikagazetesi.com\/?p=5501"},"modified":"2020-11-04T18:25:55","modified_gmt":"2020-11-04T15:25:55","slug":"ailelere-yariyil-tatili-uyarisi","status":"publish","type":"post","link":"https:\/\/mersinekonomipolitikagazetesi.com\/?p=5501","title":{"rendered":"Ailelere yar\u0131y\u0131l tatili uyar\u0131s\u0131"},"content":{"rendered":"<p>Uzman Klinik Psikolog Y\u00fccel \u015eavkl\u0131, yakla\u015fan yar\u0131y\u0131l tatilini \u00e7ocuklar\u0131n verimli ge\u00e7irebilmesi ad\u0131na ailelere \u00f6nerilerde bulundu. \u00c7ocuklar\u0131n akademik ba\u015far\u0131s\u0131n\u0131 artt\u0131rmak i\u00e7in k\u0131sa s\u00fcreli yar\u0131y\u0131l tatilini f\u0131rsat olarak g\u00f6rmenin \u00e7ok do\u011fru olmad\u0131\u011f\u0131na dikkat \u00e7eken \u015eavkl\u0131, ailecek yap\u0131labilecek aktivitelerin zaman\u0131 etkili ve verimli kullanmak ad\u0131na \u00f6nemli oldu\u011funu s\u00f6yledi.\u00a0\u00a0<br \/>\n\u00a0 Mersin B\u00fcy\u00fck\u015fehir Belediyesi b\u00fcnyesinde hizmet veren \u015eavkl\u0131, yar\u0131y\u0131l tatilini de\u011ferlendirme noktas\u0131nda ailelerin iki uca ayr\u0131ld\u0131\u011f\u0131n\u0131 ifade ederek, &#8220;Yar\u0131y\u0131l tatilini nas\u0131l de\u011ferlendirece\u011fi konusunda ailelerimiz iki u\u00e7ta. Birinci u\u00e7 okulun \u00e7ocuklar\u0131 y\u0131pratt\u0131\u011f\u0131 s\u00fcrecine inanan aileler \u00e7ocuklar\u0131 fazlas\u0131yla rahatlatacak farkl\u0131 bir temponun i\u00e7ine sokmaya y\u00f6neltebiliyorlar. Yar\u0131y\u0131l\u0131 \u00e7ocuklar i\u00e7in tamamen rahatlama d\u00f6nemi olarak de\u011ferlendirmekte okula d\u00f6n\u00fc\u015f s\u00fcrecisinde zorlay\u0131c\u0131 bir etken olabilir. Burada dengeyi tutturmak \u00f6nemli. 15 g\u00fcn asl\u0131nda k\u0131sa bir s\u00fcre. Bu rahatlaman\u0131n sonucunda yo\u011fun tempoya d\u00f6nmek \u00e7ocuklar i\u00e7in zorlay\u0131c\u0131 olabiliyor. Bu nedenle \u00e7ocuklar\u0131m\u0131z adaptasyon s\u00fcrecinde sorun ya\u015fayabiliyorlar. \u00c7ocuklar\u0131m\u0131z okula d\u00f6n\u00fc\u015f s\u00fcrecinde okul fobisi, okula kar\u015f\u0131 diren\u00e7, okulu istememe, ayr\u0131lma anksiyetesi gibi durumlar bu s\u00fcre\u00e7te daha fazla g\u00f6r\u00fclebilir. O y\u00fczden dengeyi sa\u011flamam\u0131z gerekiyor&#8221; dedi.\u00a0<br \/>\n\u00a0 Tatili de\u011ferlendirme noktas\u0131nda ailelerin bulundu\u011fu ikinci ucun ise yar\u0131y\u0131l\u0131 akademik ba\u015far\u0131y\u0131 art\u0131rma anlam\u0131nda bir f\u0131rsat olarak g\u00f6ren k\u0131s\u0131m oldu\u011funu s\u00f6yleyen \u015eavkl\u0131,\u00a0 &#8220;Ailelerin b\u00fcy\u00fck bir k\u0131sm\u0131 bu u\u00e7ta yer al\u0131yor. Bu da \u00e7ocuklar\u0131 olumsuz etkileyebilir. \u0130kinci d\u00f6neme \u00e7ocuklar dinlenmi\u015f olarak ba\u015flayamaz. 15 g\u00fcn\u00fcn \u00e7ocuklar\u0131n akademik anlamda s\u0131\u00e7ratma ya\u015famas\u0131 i\u00e7in etkili bir s\u00fcre oldu\u011funu d\u00fc\u015f\u00fcnm\u00fcyoruz. Bu iki u\u00e7 aras\u0131nda denge sa\u011flamak hem aileler hem de \u00e7ocuklar i\u00e7in pozitif etki sa\u011flayacakt\u0131r&#8221; diye konu\u015ftu.\u00a0<br \/>\n\u00a0 Ailelerin \u00e7ocuklar\u0131 ile birlikte yar\u0131y\u0131l\u0131 dolu dolu de\u011ferlendirmek ad\u0131na yapabileceklerini s\u0131ralayan \u015eavkl\u0131, &#8220;E\u011fitim s\u00fcrecinde \u00e7ok fazla vakit ay\u0131ramad\u0131\u011f\u0131m\u0131z aktivitelere kat\u0131labiliriz. Burada pasif haz\u0131rc\u0131 aktivite yerine \u00e7ocu\u011fun daha etkile\u015fimli oldu\u011fu ailecek aktiviteler yap\u0131labilir. Ailecek kitap okuma etkinlikleri, film g\u00fcnleri, kutu, kart oyunlar\u0131 oynanabilir. Bu oyunlar aile dinamiklerini g\u00fc\u00e7lendirirken, \u00e7ocuklar\u0131n ho\u015fg\u00f6r\u00fc, kabullenme, yenme, yenilme gibi duygular\u0131 \u00f6\u011frenmesini sa\u011flayacakt\u0131r. \u00c7ocuklarla ev i\u00e7i sorumluluklar\u0131 payla\u015ft\u0131rmak, birlikte kek yapmak, bir \u015feyler ekmek, k\u00fc\u00e7\u00fck tamirler yapmak gibi \u015feyler \u00e7ocu\u011fu beceri anlam\u0131nda g\u00fc\u00e7lendirir&#8221; \u015feklinde konu\u015ftu.\u00a0<br \/>\n\u00a0 \u00c7ocuklar\u0131n tatil s\u00fcresince bilgisayar, internet ve tablet ile fazla ha\u015f\u0131r ne\u015fir olmamas\u0131n\u0131 gerekti\u011fine de dikkat \u00e7eken \u015eavkl\u0131, \u201c\u00c7ocuklar\u0131m\u0131z yar\u0131y\u0131l tatilinde bilgisayara biraz mola vermeliler. Bu s\u00fcre\u00e7te teknolojinin kullan\u0131m s\u00fcresi \u00e7ok ciddi kontrol edilmeli. Okul \u00f6ncesi d\u00f6nemde g\u00fcnl\u00fck yar\u0131m saat, ilk\u00f6\u011fretimin ilk d\u00f6neminde 45 dakika, ikinci d\u00f6neminde bir saat, lise \u00e7a\u011f\u0131ndaki \u00e7ocuklar\u0131m\u0131zda maksimum iki saat olabilir. Tatilde s\u00fcre biraz esnetilebilir ama genel eksende bu \u00e7er\u00e7eveden ayr\u0131lmamakta fayda var\u201d dedi.\u00a0<\/p>\n","protected":false},"excerpt":{"rendered":"<p>Uzman Klinik Psikolog Y\u00fccel \u015eavkl\u0131, yakla\u015fan yar\u0131y\u0131l tatilini \u00e7ocuklar\u0131n verimli ge\u00e7irebilmesi ad\u0131na ailelere \u00f6nerilerde bulundu. \u00c7ocuklar\u0131n akademik ba\u015far\u0131s\u0131n\u0131 artt\u0131rmak i\u00e7in k\u0131sa s\u00fcreli yar\u0131y\u0131l tatilini f\u0131rsat olarak g\u00f6rmenin \u00e7ok do\u011fru olmad\u0131\u011f\u0131na &hellip; <a href=\"https:\/\/mersinekonomipolitikagazetesi.com\/?p=5501\" class=\"more-link\">Devam\u0131n\u0131 Oku&#8230;<\/a><\/p>\n","protected":false},"author":1,"featured_media":0,"comment_status":"open","ping_status":"open","sticky":false,"template":"","format":"standard","meta":[],"categories":[],"tags":[],"_links":{"self":[{"href":"https:\/\/mersinekonomipolitikagazetesi.com\/index.php?rest_route=\/wp\/v2\/posts\/5501"}],"collection":[{"href":"https:\/\/mersinekonomipolitikagazetesi.com\/index.php?rest_route=\/wp\/v2\/posts"}],"about":[{"href":"https:\/\/mersinekonomipolitikagazetesi.com\/index.php?rest_route=\/wp\/v2\/types\/post"}],"author":[{"embeddable":true,"href":"https:\/\/mersinekonomipolitikagazetesi.com\/index.php?rest_route=\/wp\/v2\/users\/1"}],"replies":[{"embeddable":true,"href":"https:\/\/mersinekonomipolitikagazetesi.com\/index.php?rest_route=%2Fwp%2Fv2%2Fcomments&post=5501"}],"version-history":[{"count":0,"href":"https:\/\/mersinekonomipolitikagazetesi.com\/index.php?rest_route=\/wp\/v2\/posts\/5501\/revisions"}],"wp:attachment":[{"href":"https:\/\/mersinekonomipolitikagazetesi.com\/index.php?rest_route=%2Fwp%2Fv2%2Fmedia&parent=5501"}],"wp:term":[{"taxonomy":"category","embeddable":true,"href":"https:\/\/mersinekonomipolitikagazetesi.com\/index.php?rest_route=%2Fwp%2Fv2%2Fcategories&post=5501"},{"taxonomy":"post_tag","embeddable":true,"href":"https:\/\/mersinekonomipolitikagazetesi.com\/index.php?rest_route=%2Fwp%2Fv2%2Ftags&post=5501"}],"curies":[{"name":"wp","href":"https:\/\/api.w.org\/{rel}","templated":true}]}}