{"id":5502,"date":"2020-11-04T18:25:55","date_gmt":"2020-11-04T15:25:55","guid":{"rendered":"http:\/\/mersinekonomipolitikagazetesi.com\/?p=5502"},"modified":"2020-11-04T18:25:55","modified_gmt":"2020-11-04T15:25:55","slug":"mersinde-yanginda-zarar-goren-aileye-belediye-destek-verdi","status":"publish","type":"post","link":"https:\/\/mersinekonomipolitikagazetesi.com\/?p=5502","title":{"rendered":"Mersin&#8217;de yang\u0131nda zarar g\u00f6ren aileye belediye destek verdi"},"content":{"rendered":"<p>Mersin&#8217;in Silifke il\u00e7esinde evlerinde \u00e7\u0131kan yang\u0131n sonucu e\u015fyalar\u0131 zarar g\u00f6ren ve zor durumda kalan aileye, B\u00fcy\u00fck\u015fehir Belediyesi destek oldu.\u00a0 \u00a0<br \/>\n\u00a0 Mersin B\u00fcy\u00fck\u015fehir Belediyesi&#8217;nden yap\u0131lan a\u00e7\u0131klamaya g\u00f6re, Silifke il\u00e7esi Arkum Mahallesi\u2019nde ya\u015fayan \u00d6zcan ailesinin evinde ge\u00e7ti\u011fimiz g\u00fcnlerde elektrik prizinden yang\u0131n \u00e7\u0131kt\u0131. \u00c7\u0131kan yang\u0131nda e\u015fyalar\u0131 zarar g\u00f6ren ya\u015fl\u0131 \u00e7iftin ma\u011fduriyetini B\u00fcy\u00fck\u015fehir Belediyesi k\u0131sa s\u00fcrede i\u00e7erisinde giderdi.\u00a0<br \/>\n\u00a0 Yang\u0131n sonras\u0131 yard\u0131m talebinde bulunan aileye B\u00fcy\u00fck\u015fehir Belediyesi ekipleri k\u0131sa s\u00fcre i\u00e7erisinde d\u00f6n\u00fc\u015f yaparak, yerinde incelemelerde bulundu. \u0130ncelemelerin ard\u0131ndan Sosyal Hizmetler Dairesi Ba\u015fkanl\u0131\u011f\u0131 ekipleri yang\u0131nda zarar g\u00f6ren f\u0131r\u0131nl\u0131 ocak, buzdolab\u0131 ve \u00e7ama\u015f\u0131r makinesinin yerine yenilerini g\u00f6t\u00fcrerek aileye teslim etti. Sosyal Hizmetler Dairesi Ba\u015fkanl\u0131\u011f\u0131 ekipleri taraf\u0131ndan e\u015fyalar\u0131 teslim edilen \u00d6zcan ailesinin y\u00fcz\u00fc yeniden g\u00fcld\u00fc.\u00a0<br \/>\n\u00a0 Nisan ay\u0131ndan bu yana 40 aileye yard\u0131m yap\u0131ld\u0131\u00a0<br \/>\n\u00a0 \u00c7e\u015fitli tarihlerde evleri yang\u0131nda veya do\u011fal afetten dolay\u0131 zarar g\u00f6ren ailelere yard\u0131m eli uzatan B\u00fcy\u00fck\u015fehir Belediyesi, nisan ay\u0131ndan bu yana 40 aileye ihtiya\u00e7lar\u0131na g\u00f6re buzdolab\u0131, ocakl\u0131 f\u0131r\u0131n, \u00e7ama\u015f\u0131r makinesi, \u00e7ekyat, bazal\u0131 yatak yard\u0131m\u0131nda bulundu.\u00a0<\/p>\n","protected":false},"excerpt":{"rendered":"<p>Mersin&#8217;in Silifke il\u00e7esinde evlerinde \u00e7\u0131kan yang\u0131n sonucu e\u015fyalar\u0131 zarar g\u00f6ren ve zor durumda kalan aileye, B\u00fcy\u00fck\u015fehir Belediyesi destek oldu.\u00a0 \u00a0 \u00a0 Mersin B\u00fcy\u00fck\u015fehir Belediyesi&#8217;nden yap\u0131lan a\u00e7\u0131klamaya g\u00f6re, Silifke il\u00e7esi Arkum &hellip; <a href=\"https:\/\/mersinekonomipolitikagazetesi.com\/?p=5502\" class=\"more-link\">Devam\u0131n\u0131 Oku&#8230;<\/a><\/p>\n","protected":false},"author":1,"featured_media":0,"comment_status":"open","ping_status":"open","sticky":false,"template":"","format":"standard","meta":[],"categories":[],"tags":[],"_links":{"self":[{"href":"https:\/\/mersinekonomipolitikagazetesi.com\/index.php?rest_route=\/wp\/v2\/posts\/5502"}],"collection":[{"href":"https:\/\/mersinekonomipolitikagazetesi.com\/index.php?rest_route=\/wp\/v2\/posts"}],"about":[{"href":"https:\/\/mersinekonomipolitikagazetesi.com\/index.php?rest_route=\/wp\/v2\/types\/post"}],"author":[{"embeddable":true,"href":"https:\/\/mersinekonomipolitikagazetesi.com\/index.php?rest_route=\/wp\/v2\/users\/1"}],"replies":[{"embeddable":true,"href":"https:\/\/mersinekonomipolitikagazetesi.com\/index.php?rest_route=%2Fwp%2Fv2%2Fcomments&post=5502"}],"version-history":[{"count":0,"href":"https:\/\/mersinekonomipolitikagazetesi.com\/index.php?rest_route=\/wp\/v2\/posts\/5502\/revisions"}],"wp:attachment":[{"href":"https:\/\/mersinekonomipolitikagazetesi.com\/index.php?rest_route=%2Fwp%2Fv2%2Fmedia&parent=5502"}],"wp:term":[{"taxonomy":"category","embeddable":true,"href":"https:\/\/mersinekonomipolitikagazetesi.com\/index.php?rest_route=%2Fwp%2Fv2%2Fcategories&post=5502"},{"taxonomy":"post_tag","embeddable":true,"href":"https:\/\/mersinekonomipolitikagazetesi.com\/index.php?rest_route=%2Fwp%2Fv2%2Ftags&post=5502"}],"curies":[{"name":"wp","href":"https:\/\/api.w.org\/{rel}","templated":true}]}}