{"id":5503,"date":"2020-11-04T18:25:55","date_gmt":"2020-11-04T15:25:55","guid":{"rendered":"http:\/\/mersinekonomipolitikagazetesi.com\/?p=5503"},"modified":"2020-11-04T18:25:55","modified_gmt":"2020-11-04T15:25:55","slug":"vali-su-kadina-yonelik-siddeti-onlemede-cok-ciddi-calismalar-yurutuluyor","status":"publish","type":"post","link":"https:\/\/mersinekonomipolitikagazetesi.com\/?p=5503","title":{"rendered":"Vali Su: \u201cKad\u0131na y\u00f6nelik \u015fiddeti \u00f6nlemede \u00e7ok ciddi \u00e7al\u0131\u015fmalar y\u00fcr\u00fct\u00fcl\u00fcyor\u201d"},"content":{"rendered":"<p>\u00a0Mersin Valisi Ali \u0130hsan Su, kad\u0131na y\u00f6nelik \u015fiddeti \u00f6nlemek i\u00e7in Mersin\u2019de \u00e7ok ciddi \u00e7al\u0131\u015fmalar y\u00fcr\u00fct\u00fcld\u00fc\u011f\u00fcn\u00fc belirterek, t\u00fcm kurumlar\u0131n \u00fczerlerine d\u00fc\u015feni \u00f6zverili bir \u015fekilde yerine getirdiklerini s\u00f6yledi.\u00a0<br \/>\n\u00a0 Aile, \u00c7al\u0131\u015fma ve Sosyal Hizmetler Bakanl\u0131\u011f\u0131, Adalet Bakanl\u0131\u011f\u0131, \u0130\u00e7i\u015fleri Bakanl\u0131\u011f\u0131, Milli E\u011fitim Bakanl\u0131\u011f\u0131, Sa\u011fl\u0131k Bakanl\u0131\u011f\u0131 ve Diyanet \u0130\u015fleri Ba\u015fkanl\u0131\u011f\u0131n\u0131n birlikte \u00e7al\u0131\u015fmas\u0131 sonucu y\u00fcr\u00fcrl\u00fc\u011fe giren ve 75 maddeden olu\u015fan 2020-2021 y\u0131llar\u0131 \u201cKad\u0131na Y\u00f6nelik \u015eiddetle M\u00fccadele Koordinasyon Plan\u0131\u201d kapsam\u0131nda, Mersin\u2019de \u2018Kad\u0131na Y\u00f6nelik \u015eiddet ve M\u00fccadelede \u0130l Koordinasyon \u0130zleme ve De\u011ferlendirme Toplant\u0131s\u0131\u2019 d\u00fczenlendi. Vali Ali \u0130hsan Su ba\u015fkanl\u0131\u011f\u0131nda Valilik Toplant\u0131 Salonunda ger\u00e7ekle\u015ftirilen toplant\u0131ya, Vali Yard\u0131mc\u0131s\u0131 Abdulhamit Erguvan\u2019\u0131n yan\u0131 s\u0131ra kurum m\u00fcd\u00fcrleri, sivil toplum kurulu\u015f temsilcileri ile ilgili kurum ve kurulu\u015flar\u0131n temsilcileri kat\u0131ld\u0131.\u00a0<br \/>\n\u00a0 Toplant\u0131 \u00f6ncesinde bir konu\u015fma yapan Vali Su, aile i\u00e7i ve kad\u0131na y\u00f6nelik \u015fiddetin t\u00fcm d\u00fcnyada \u00e7\u00f6z\u00fcmlenmesi gereken sorunlardan biri oldu\u011funu kaydederek, T\u00fcrkiye\u2019de ve Mersin\u2019de bu anlamda \u00e7ok ciddi \u00e7al\u0131\u015fmalar\u0131n y\u00fcr\u00fct\u00fclmeye devam edildi\u011fini ifade etti. Anayasan\u0131n bu konuda belirli ilkeleri ortaya koydu\u011funun alt\u0131n\u0131 \u00e7izen Vali Su, bu \u00e7er\u00e7evede 6284 say\u0131l\u0131 kanun kapsam\u0131nda yasal d\u00fczenlemeler ger\u00e7ekle\u015ftirildi\u011fini dile getirerek, \u201cBu \u00e7er\u00e7evede de sorumlu olan t\u00fcm kamu kurum ve kurulu\u015flar\u0131m\u0131z, sivil toplum kurulu\u015flar\u0131, bu alanda \u00e7al\u0131\u015fmalar\u0131n\u0131 \u00f6zverili bir \u015fekilde yerine getirmeye \u00e7al\u0131\u015fmaktad\u0131r. Bu kapsamda aile i\u00e7i \u015fiddeti ve kad\u0131na y\u00f6nelik \u015fiddeti \u00f6nlemede m\u00fccadele konusunda \u0130\u00e7i\u015fleri Bakanl\u0131\u011f\u0131m\u0131z\u0131n yay\u0131mlad\u0131\u011f\u0131 genelge do\u011frultusunda \u2018Kad\u0131na Y\u00f6nelik \u015eiddetle M\u00fccadele ve Koordinasyon Toplant\u0131s\u0131n\u0131\u2019 ger\u00e7ekle\u015ftiriyoruz\u201d dedi.\u00a0<br \/>\n\u00a0 Daha sonra Mersin \u015eiddet \u00d6nleme ve \u0130zleme Merkezi (\u015e\u00d6N\u0130M) M\u00fcd\u00fcrl\u00fc\u011f\u00fcnde g\u00f6revli Sosyolog Sava\u015f Kara taraf\u0131ndan, kad\u0131na y\u00f6nelik \u015fiddet ve aile i\u00e7i \u015fiddetle m\u00fccadelede y\u00fcr\u00fct\u00fclen faaliyetler hakk\u0131nda yap\u0131lan bilgilendirme ve Mersin \u015fiddet haritas\u0131n\u0131n \u00e7\u0131kar\u0131lmas\u0131 konulu sunum yap\u0131ld\u0131. Toplant\u0131, g\u00fcndem maddelerinin g\u00f6r\u00fc\u015f\u00fclmesi, genel de\u011ferlendirme ve al\u0131nan kararlar\u0131n ard\u0131ndan sona erdi.\u00a0<\/p>\n","protected":false},"excerpt":{"rendered":"<p>\u00a0Mersin Valisi Ali \u0130hsan Su, kad\u0131na y\u00f6nelik \u015fiddeti \u00f6nlemek i\u00e7in Mersin\u2019de \u00e7ok ciddi \u00e7al\u0131\u015fmalar y\u00fcr\u00fct\u00fcld\u00fc\u011f\u00fcn\u00fc belirterek, t\u00fcm kurumlar\u0131n \u00fczerlerine d\u00fc\u015feni \u00f6zverili bir \u015fekilde yerine getirdiklerini s\u00f6yledi.\u00a0 \u00a0 Aile, \u00c7al\u0131\u015fma ve &hellip; <a href=\"https:\/\/mersinekonomipolitikagazetesi.com\/?p=5503\" class=\"more-link\">Devam\u0131n\u0131 Oku&#8230;<\/a><\/p>\n","protected":false},"author":1,"featured_media":0,"comment_status":"open","ping_status":"open","sticky":false,"template":"","format":"standard","meta":[],"categories":[],"tags":[],"_links":{"self":[{"href":"https:\/\/mersinekonomipolitikagazetesi.com\/index.php?rest_route=\/wp\/v2\/posts\/5503"}],"collection":[{"href":"https:\/\/mersinekonomipolitikagazetesi.com\/index.php?rest_route=\/wp\/v2\/posts"}],"about":[{"href":"https:\/\/mersinekonomipolitikagazetesi.com\/index.php?rest_route=\/wp\/v2\/types\/post"}],"author":[{"embeddable":true,"href":"https:\/\/mersinekonomipolitikagazetesi.com\/index.php?rest_route=\/wp\/v2\/users\/1"}],"replies":[{"embeddable":true,"href":"https:\/\/mersinekonomipolitikagazetesi.com\/index.php?rest_route=%2Fwp%2Fv2%2Fcomments&post=5503"}],"version-history":[{"count":0,"href":"https:\/\/mersinekonomipolitikagazetesi.com\/index.php?rest_route=\/wp\/v2\/posts\/5503\/revisions"}],"wp:attachment":[{"href":"https:\/\/mersinekonomipolitikagazetesi.com\/index.php?rest_route=%2Fwp%2Fv2%2Fmedia&parent=5503"}],"wp:term":[{"taxonomy":"category","embeddable":true,"href":"https:\/\/mersinekonomipolitikagazetesi.com\/index.php?rest_route=%2Fwp%2Fv2%2Fcategories&post=5503"},{"taxonomy":"post_tag","embeddable":true,"href":"https:\/\/mersinekonomipolitikagazetesi.com\/index.php?rest_route=%2Fwp%2Fv2%2Ftags&post=5503"}],"curies":[{"name":"wp","href":"https:\/\/api.w.org\/{rel}","templated":true}]}}