{"id":5510,"date":"2020-11-04T18:25:56","date_gmt":"2020-11-04T15:25:56","guid":{"rendered":"http:\/\/mersinekonomipolitikagazetesi.com\/?p=5510"},"modified":"2020-11-04T18:25:56","modified_gmt":"2020-11-04T15:25:56","slug":"toroslar-belediyesi-ogrencilere-tarihi-cizgi-roman-kitabi-dagitiyor","status":"publish","type":"post","link":"https:\/\/mersinekonomipolitikagazetesi.com\/?p=5510","title":{"rendered":"Toroslar Belediyesi, \u00f6\u011frencilere tarihi \u00e7izgi roman kitab\u0131 da\u011f\u0131t\u0131yor"},"content":{"rendered":"<p>Toroslar Belediyesi, il\u00e7edeki okullarda \u00f6\u011frenim g\u00f6ren \u00e7ocuklara, Mersin&#8217;in d\u00fc\u015fman i\u015fgalinden kurtulu\u015funu anlatan \u00e7izgi roman kitab\u0131 da\u011f\u0131t\u0131yor.\u00a0<br \/>\n\u00a0 Toroslar Belediye Ba\u015fkan\u0131 Ats\u0131z Af\u015f\u0131n Y\u0131lmaz&#8217;\u0131n, 3 Ocak Mersin&#8217;in d\u00fc\u015fman i\u015fgalinden kurtulu\u015funun 98&#8217;inci y\u0131l d\u00f6n\u00fcm\u00fc dolay\u0131s\u0131yla \u00f6zel olarak haz\u0131rlatt\u0131\u011f\u0131 &#8216;3 Ocak Mersin&#8217;in Kurtulu\u015fu&#8217; konulu \u00e7izgi roman, \u00f6\u011frencilere Milli M\u00fccadele d\u00f6neminde Mersin&#8217;in destans\u0131 m\u00fccadelesini anlat\u0131rken, Mersin&#8217;in kahramanlar\u0131 hakk\u0131nda da bilgiler veriyor.\u00a0<br \/>\n\u00a0 Kitap da\u011f\u0131t\u0131m\u0131yla ilgili a\u00e7\u0131klama yapan Ba\u015fkan Y\u0131lmaz, \u00f6\u011frencilerin tarih bilincini canl\u0131 tutmak ve kentlilik bilinci ile yeti\u015fmelerini sa\u011flamak amac\u0131yla b\u00f6yle bir eser \u00e7al\u0131\u015fmas\u0131 yapt\u0131klar\u0131n\u0131 s\u00f6yledi. Cumhuriyetin Kurucusu Ulu \u00d6nder Gazi Mustafa Kemal Atat\u00fcrk&#8217;\u00fcn &#8216;Ge\u00e7mi\u015fini bilmeyen, gelece\u011fine y\u00f6n veremez&#8217; s\u00f6z\u00fcne at\u0131fta bulunan Y\u0131lmaz, &#8220;Gelece\u011fimize do\u011fru emin ad\u0131mlarla ilerlemek i\u00e7in tarihimizi iyi bilmeliyiz. Bu anlay\u0131\u015fla \u00e7ocuklar\u0131m\u0131z i\u00e7in bir \u00e7izgi roman haz\u0131rlatt\u0131k. Kentimizin d\u00fc\u015fman i\u015fgalinden kurtulu\u015funun 98&#8217;inci y\u0131l d\u00f6n\u00fcm\u00fc dolay\u0131s\u0131yla haz\u0131rlatt\u0131\u011f\u0131m\u0131z bu \u00e7izgi roman, gelece\u011fimizin teminat\u0131 \u00e7ocuklar\u0131m\u0131za atalar\u0131n\u0131n zor \u015fartlarda verdi\u011fi ba\u015far\u0131l\u0131 m\u00fccadeleyi anlat\u0131yor. \u00c7ocuklar\u0131m\u0131z\u0131n tarihini iyi bilmesini, okumas\u0131n\u0131 ve ara\u015ft\u0131rmas\u0131n\u0131 \u00f6nemsiyor, onlar\u0131n milli ve manevi de\u011ferlerle yeti\u015fmesini istiyoruz&#8221; dedi.\u00a0<\/p>\n","protected":false},"excerpt":{"rendered":"<p>Toroslar Belediyesi, il\u00e7edeki okullarda \u00f6\u011frenim g\u00f6ren \u00e7ocuklara, Mersin&#8217;in d\u00fc\u015fman i\u015fgalinden kurtulu\u015funu anlatan \u00e7izgi roman kitab\u0131 da\u011f\u0131t\u0131yor.\u00a0 \u00a0 Toroslar Belediye Ba\u015fkan\u0131 Ats\u0131z Af\u015f\u0131n Y\u0131lmaz&#8217;\u0131n, 3 Ocak Mersin&#8217;in d\u00fc\u015fman i\u015fgalinden kurtulu\u015funun 98&#8217;inci &hellip; <a href=\"https:\/\/mersinekonomipolitikagazetesi.com\/?p=5510\" class=\"more-link\">Devam\u0131n\u0131 Oku&#8230;<\/a><\/p>\n","protected":false},"author":1,"featured_media":0,"comment_status":"open","ping_status":"open","sticky":false,"template":"","format":"standard","meta":[],"categories":[],"tags":[],"_links":{"self":[{"href":"https:\/\/mersinekonomipolitikagazetesi.com\/index.php?rest_route=\/wp\/v2\/posts\/5510"}],"collection":[{"href":"https:\/\/mersinekonomipolitikagazetesi.com\/index.php?rest_route=\/wp\/v2\/posts"}],"about":[{"href":"https:\/\/mersinekonomipolitikagazetesi.com\/index.php?rest_route=\/wp\/v2\/types\/post"}],"author":[{"embeddable":true,"href":"https:\/\/mersinekonomipolitikagazetesi.com\/index.php?rest_route=\/wp\/v2\/users\/1"}],"replies":[{"embeddable":true,"href":"https:\/\/mersinekonomipolitikagazetesi.com\/index.php?rest_route=%2Fwp%2Fv2%2Fcomments&post=5510"}],"version-history":[{"count":0,"href":"https:\/\/mersinekonomipolitikagazetesi.com\/index.php?rest_route=\/wp\/v2\/posts\/5510\/revisions"}],"wp:attachment":[{"href":"https:\/\/mersinekonomipolitikagazetesi.com\/index.php?rest_route=%2Fwp%2Fv2%2Fmedia&parent=5510"}],"wp:term":[{"taxonomy":"category","embeddable":true,"href":"https:\/\/mersinekonomipolitikagazetesi.com\/index.php?rest_route=%2Fwp%2Fv2%2Fcategories&post=5510"},{"taxonomy":"post_tag","embeddable":true,"href":"https:\/\/mersinekonomipolitikagazetesi.com\/index.php?rest_route=%2Fwp%2Fv2%2Ftags&post=5510"}],"curies":[{"name":"wp","href":"https:\/\/api.w.org\/{rel}","templated":true}]}}