{"id":5511,"date":"2020-11-04T18:25:56","date_gmt":"2020-11-04T15:25:56","guid":{"rendered":"http:\/\/mersinekonomipolitikagazetesi.com\/?p=5511"},"modified":"2020-11-04T18:25:56","modified_gmt":"2020-11-04T15:25:56","slug":"mersin-barosu-basketbol-takimi-turkiye-ikincisi-oldu","status":"publish","type":"post","link":"https:\/\/mersinekonomipolitikagazetesi.com\/?p=5511","title":{"rendered":"Mersin Barosu Basketbol Tak\u0131m\u0131 T\u00fcrkiye ikincisi oldu"},"content":{"rendered":"<p>Mersin Barosu Erkek Basketbol Tak\u0131m\u0131, Adana Barosunun 9-12 Ocak 2020 tarihleri aras\u0131nda sekizincisini d\u00fczenledi\u011fi 5 Ocak Kurtulu\u015f Kupas\u0131 Spor Oyunlar\u0131 kapsam\u0131nda barolar aras\u0131nda ger\u00e7ekle\u015fen basketbol turnuvas\u0131nda T\u00fcrkiye ikincisi oldu.\u00a0<br \/>\n\u00a0 Mersin Barosundan yap\u0131lan a\u00e7\u0131klamaya g\u00f6re, Mersin Barosu Erkek Basketbol Tak\u0131m\u0131, yenilgisiz \u00e7\u0131kt\u0131\u011f\u0131 final m\u00fcsabakas\u0131nda, \u0130stanbul Barosuna yenilerek turnuvay\u0131 T\u00fcrkiye ikincisi olarak tamamlad\u0131. Tak\u0131m oyuncular\u0131 kupay\u0131, iki ay \u00f6nce ani vefat\u0131yla meslekta\u015flar\u0131n\u0131 derin \u00fcz\u00fcnt\u00fcye bo\u011fan Mersin Barosu \u00fcyesi Av. Murat Demirta\u015f an\u0131s\u0131na ithaf etti.\u00a0<br \/>\n\u00a0 Adana Adnan Menderes Spor Salonunda oynanan ma\u00e7ta T\u00fcrkiye ikincili\u011fini yakalaman\u0131n mutlulu\u011funu ya\u015fad\u0131klar\u0131n\u0131 ifade eden Mersin Barosu Basketbol Tak\u0131m Kaptan\u0131 Av. Rauf Sina Aycan, \u201cBaromuza bir kupa daha kazand\u0131rd\u0131\u011f\u0131m\u0131z i\u00e7in mutlu, ancak finali kaybetti\u011fimiz i\u00e7in \u00fczg\u00fcn\u00fcz. Terlerinin son damlas\u0131na kadar m\u00fccadele eden tak\u0131m arkada\u015flar\u0131ma ve Baro Ba\u015fkan\u0131m\u0131z Bilgin Ye\u015filbo\u011faz\u2019a, y\u00f6netim kuruluna ve bizlere inan\u0131p destek olanlara te\u015fekk\u00fcr ediyorum. Bu kupay\u0131 gen\u00e7 ya\u015fta aram\u0131zdan ayr\u0131lan meslekta\u015f\u0131m\u0131z Murat Demirta\u015f an\u0131s\u0131na ithaf ediyor, kendisini \u00f6zlem ve rahmetle an\u0131yoruz\u201d dedi.\u00a0<br \/>\n\u00a0 Ba\u015fkan Bilgin Ye\u015filbo\u011faz da Mersin Barosuna T\u00fcrkiye ikincisi olma gururunu ya\u015fatan tak\u0131m oyuncular\u0131n\u0131 tebrik etti.\u00a0<\/p>\n","protected":false},"excerpt":{"rendered":"<p>Mersin Barosu Erkek Basketbol Tak\u0131m\u0131, Adana Barosunun 9-12 Ocak 2020 tarihleri aras\u0131nda sekizincisini d\u00fczenledi\u011fi 5 Ocak Kurtulu\u015f Kupas\u0131 Spor Oyunlar\u0131 kapsam\u0131nda barolar aras\u0131nda ger\u00e7ekle\u015fen basketbol turnuvas\u0131nda T\u00fcrkiye ikincisi oldu.\u00a0 \u00a0 &hellip; <a href=\"https:\/\/mersinekonomipolitikagazetesi.com\/?p=5511\" class=\"more-link\">Devam\u0131n\u0131 Oku&#8230;<\/a><\/p>\n","protected":false},"author":1,"featured_media":0,"comment_status":"open","ping_status":"open","sticky":false,"template":"","format":"standard","meta":[],"categories":[],"tags":[],"_links":{"self":[{"href":"https:\/\/mersinekonomipolitikagazetesi.com\/index.php?rest_route=\/wp\/v2\/posts\/5511"}],"collection":[{"href":"https:\/\/mersinekonomipolitikagazetesi.com\/index.php?rest_route=\/wp\/v2\/posts"}],"about":[{"href":"https:\/\/mersinekonomipolitikagazetesi.com\/index.php?rest_route=\/wp\/v2\/types\/post"}],"author":[{"embeddable":true,"href":"https:\/\/mersinekonomipolitikagazetesi.com\/index.php?rest_route=\/wp\/v2\/users\/1"}],"replies":[{"embeddable":true,"href":"https:\/\/mersinekonomipolitikagazetesi.com\/index.php?rest_route=%2Fwp%2Fv2%2Fcomments&post=5511"}],"version-history":[{"count":0,"href":"https:\/\/mersinekonomipolitikagazetesi.com\/index.php?rest_route=\/wp\/v2\/posts\/5511\/revisions"}],"wp:attachment":[{"href":"https:\/\/mersinekonomipolitikagazetesi.com\/index.php?rest_route=%2Fwp%2Fv2%2Fmedia&parent=5511"}],"wp:term":[{"taxonomy":"category","embeddable":true,"href":"https:\/\/mersinekonomipolitikagazetesi.com\/index.php?rest_route=%2Fwp%2Fv2%2Fcategories&post=5511"},{"taxonomy":"post_tag","embeddable":true,"href":"https:\/\/mersinekonomipolitikagazetesi.com\/index.php?rest_route=%2Fwp%2Fv2%2Ftags&post=5511"}],"curies":[{"name":"wp","href":"https:\/\/api.w.org\/{rel}","templated":true}]}}