{"id":5517,"date":"2020-11-04T18:25:56","date_gmt":"2020-11-04T15:25:56","guid":{"rendered":"http:\/\/mersinekonomipolitikagazetesi.com\/?p=5517"},"modified":"2020-11-04T18:25:56","modified_gmt":"2020-11-04T15:25:56","slug":"kadina-yonetimde-gorev-alacaginda-zorluk-cikariliyorsa-orada-dur-derim","status":"publish","type":"post","link":"https:\/\/mersinekonomipolitikagazetesi.com\/?p=5517","title":{"rendered":"KADINA Y\u00d6NET\u0130MDE G\u00d6REV ALACA\u011eINDA ZORLUK \u00c7IKARILIYORSA,  ORADA \u2018DUR\u2019 DER\u0130M"},"content":{"rendered":"<p>Zeliha Akku\u015f, \u201cKentimizde Kad\u0131n Daire Ba\u015fkanl\u0131\u011f\u0131 kurmakla sorun \u00e7\u00f6z\u00fclmedi. Daire ba\u015fkanl\u0131\u011f\u0131 kurmak demek o sorunlara sahip \u00e7\u0131kmak demektir. Mersin bu anlamda \u00e7ok \u015fanss\u0131z bir durumda. \u00c7al\u0131\u015fmalar yeterli de\u011fil ve kad\u0131n sorunlar\u0131n\u0131n ciddiye al\u0131nd\u0131\u011f\u0131n\u0131 da d\u00fc\u015f\u00fcnm\u00fcyorum.\u201d\u00a0<\/p>\n<p>\n\u00a0Seyfettin Akarca<\/p>\n<p>Mersin Kad\u0131n Gazetesi \u0130mtiyaz Sahibi Zeliha Akku\u015f \u0130\u00e7el TV\u2019de yay\u0131nlanan \u2018Leyla Pak \u0130le G\u00fcndem\u2019 program\u0131na konuk oldu. Akku\u015f, Mersin\u2019de kad\u0131na y\u00f6nelik yap\u0131lan projelere ve kad\u0131n gazetecilerin ya\u015fad\u0131klar\u0131 zorluklara dikkat \u00e7ekti.<\/p>\n<p>\u00a0<\/p>\n<p>\u0130\u00e7el TV\u2019de \u2018Leyla Pak \u0130le G\u00fcndem\u2019 program\u0131na kat\u0131lan Mersin Kad\u0131n Gazetesi \u0130mtiyaz Sahibi Zeliha Akku\u015f, kad\u0131n olman\u0131n her zaman zor oldu\u011funu ve kad\u0131n gazetecilerin ya\u015fad\u0131klar\u0131 zorluklar\u0131 anlatt\u0131.<\/p>\n<p>Meslek gruplar\u0131nda cinsiyet\u00e7i yakla\u015f\u0131m\u0131n var oldu\u011funu belirten Zeliha Akku\u015f, \u201c\u0130\u015f ya\u015fam\u0131nda kad\u0131n erkek olarak cinsiyetine g\u00f6re g\u00f6rev belirlenmiyor. E\u015fit \u015fartlar alt\u0131na \u00e7al\u0131\u015f\u0131l\u0131rken \u00fccret konusuna gelindi\u011finde kad\u0131n oldu\u011fundan dolay\u0131 problem ya\u015fan\u0131yorsa, yada y\u00f6netim kadrosunda g\u00f6rev alaca\u011f\u0131 zaman zorluklarla kar\u015f\u0131la\u015f\u0131yorsa kad\u0131n, orada \u2019dur\u2019 derim.\u201d diye s\u00f6yledi.<\/p>\n<p>\u00a0<\/p>\n<p>\u201cKomik bir durum\u201d<\/p>\n<p>\nBelediyeler ve kurumlar taraf\u0131ndan yap\u0131lan kad\u0131na y\u00f6nelik \u015fiddet ve kad\u0131n ya\u015fam\u0131 zorluklar\u0131na y\u00f6nelik panel ve etkinliklere de de\u011finen Akku\u015f, \u201cKad\u0131nlar panele davet ediliyor fakat 10 erkek1 kad\u0131n davet ediliyor! Hatta kad\u0131n konusu konu\u015fulurken panelistlerin tamam\u0131n\u0131n erkek oldu\u011funu da g\u00f6r\u00fcyoruz..! Ne kadarda duyarl\u0131lar, empati duygular\u0131 ne kadar geli\u015fmi\u015f bu erkek gazetecilerin yada konuklar\u0131n! Bizi ne kadar iyi anlay\u0131p biliyorlarm\u0131\u015f, biz derdimizi bir t\u00fcrl\u00fc anlatam\u0131yoruz! Bu da \u00e7ok komik bir durum..!\u201d diyerek ele\u015ftirdi.<\/p>\n<p>\u00a0<\/p>\n<p>\u201cKad\u0131n\u0131n soru sorabilmesi i\u00e7in gizli cam tavan\u0131 a\u015fabilmesi gerekiyor\u201d<\/p>\n<p>\u00a0<\/p>\n<p>Kad\u0131n gazetecilerin problemlerini dile getiren Zeliha Akku\u015f, toplant\u0131larda erkeklerin rahatl\u0131kla soru sorabildi\u011fini fakat kad\u0131nlar\u0131n soru sorarken engellendi\u011fini belirterek, \u201cSoru sorabilmek i\u00e7in gizli bir cam tavan var onu a\u015fabilmek gerekiyor. Nedense erkek soru sorma hakk\u0131na y\u00fczde y\u00fcz sahipken, kad\u0131n o zor koridoru a\u015fmak zorunda kal\u0131yor. Kad\u0131n Gazeteciler s\u00f6z alma hakk\u0131na sahip olmakla beraber, kad\u0131n gazeteci oldu\u011fu i\u00e7in bu hak ona verilmez. Hakk\u0131n\u0131 almak zorunda b\u0131rak\u0131l\u0131r. Yine kameraman kad\u0131n gazeteciler var, inan\u0131n \u00e7ekim yaparken erkekler kendi alanlar\u0131na m\u00fcdahale gibi alg\u0131lay\u0131p, o kad\u0131n gazeteciye yer vermeme gibi bir beden dili kullan\u0131yorlar.\u201d diye belirtti.<\/p>\n<p>\u00a0<\/p>\n<p>\u201c10 erke\u011fin konu\u015ftu\u011fu bilgiyi \u00e7\u00fcr\u00fctecek donan\u0131ma sahibiz\u201d<\/p>\n<p>\u00a0<\/p>\n<p>11 y\u0131l boyunca g\u00f6zlemlerinde kad\u0131n gazetecilerin \u00f6nemli bir yol ald\u0131\u011f\u0131n\u0131 belirten Zeliha Akku\u015f, \u201cDominant davran\u0131\u015flar g\u00f6stererek, hak verilmez al\u0131n\u0131r diyerek erkek meslekda\u015flar\u0131yla \u00e7at\u0131r \u00e7at\u0131r kavga ettiler. Biz bundan gurur duyuyoruz ve biz m\u00fccadelemizde var\u0131z. \u00d6d\u00fcn verme niyetinde de\u011filiz. Kad\u0131n konu\u015furken uygulanan, \u2018Ya yine mi\u00a0 kad\u0131n konu\u015fuyoruz?\u2019 diyorlar. Bunlar\u0131 kabul etmiyoruz, tam aksine 10 erke\u011fin konu\u015ftu\u011fu o bilgiyi \u00e7\u00fcr\u00fctecek donan\u0131ma sahibiz.\u201d \u015feklinde konu\u015ftu.<\/p>\n<p>\u00a0<\/p>\n<p>\u201cMesleklerin cinsiyeti yoktur\u201d<\/p>\n<p>\u00a0<\/p>\n<p>Mesleklerin cinsiyeti oldu\u011funa kat\u0131lmad\u0131\u011f\u0131n\u0131 belirten Zeliha Akku\u015f, \u201cErkek kad\u0131n de\u011fil mesleklere cinsiyetsiz yakla\u015fmak gerekir. Gazetecinin etik davranan\u0131, do\u011fru haber yapan\u0131 vard\u0131r cinsiyeti yoktur.\u201d diye belirtti.<\/p>\n<p>Kad\u0131n Gazetesi olarak ya\u015fan\u0131lan zorlu d\u00f6nemleri atlatt\u0131klar\u0131n\u0131 ve ilk yap\u0131lan \u00f6n yarg\u0131n\u0131n y\u0131llar i\u00e7erisinde da\u011f\u0131ld\u0131\u011f\u0131n\u0131 belirten Zeliha Akku\u015f, \u201cBug\u00fcn kad\u0131n haberleri, kad\u0131n gazetesinin ne kadar \u00f6nemli oldu\u011fu bir kez daha ortaya \u00e7\u0131kard\u0131. Kad\u0131na y\u00f6nelik \u015fiddet s\u00f6z konusu kad\u0131nlar en yak\u0131nlar\u0131 taraf\u0131ndan \u00e7e\u015fit \u00e7e\u015fit y\u00f6ntemlerle cinayete kurban gidiyorlar. Kad\u0131nlar kendilerini ger\u00e7ekten hi\u00e7bir alanda \u00f6zg\u00fcr ve rahat hissedemiyorlar. Sokakta arkalar\u0131na korka korka bakarak y\u00fcr\u00fcyorlar. Kad\u0131n gazetesi bu anlamda \u00e7ok iyi bir noktada. M\u00fccadeleye hep beraber dayan\u0131\u015fmayla devam ediyor.\u201d diye vurgulad\u0131.<\/p>\n<p>\u00a0<\/p>\n<p>\u201cTecav\u00fcze u\u011frayan bir m\u00fclteci kad\u0131n haberini erkek gazeteci veya kad\u0131n gazeteci nas\u0131l dile getirir?\u201d<\/p>\n<p>\u00a0<\/p>\n<p>M\u00fclteci kad\u0131nlara y\u00f6nelik yap\u0131lan \u00e7al\u0131\u015fmalara ve vatanda\u015f\u0131n problemlerine de\u011finen Akku\u015f, \u201cHayal edelim Suriye\u2019den sava\u015ftan ka\u00e7arak T\u00fcrkiye\u2019ye s\u0131\u011f\u0131nm\u0131\u015f bir kad\u0131n\u0131m\u0131z, \u201cParam\u0131z yok \u00e7ocuklar\u0131m\u0131zla ve valizimizle Mersin\u2019de bir ba\u015f\u0131m\u0131za kalm\u0131\u015f\u0131z.\u201d diyor. Mersin\u2019de 200 bin kay\u0131tl\u0131 m\u00fclteci kad\u0131n var, kay\u0131ts\u0131z olarak bu say\u0131n\u0131n 300 bini bulaca\u011f\u0131na eminim. Bunun i\u00e7erisinde k\u0131z \u00e7ocuklar\u0131 da var. Bu ya\u015fam m\u00fccadelesi i\u00e7erisinde Suriyeli bir kad\u0131n diyelim ki tecav\u00fcze u\u011frad\u0131 ve bu kad\u0131n\u0131n haberini bir kad\u0131n yaparsa nas\u0131l yapar? Bir erkek gazeteci nas\u0131l yapar? Kad\u0131n gazeteci o an g\u00f6zlerini kapat\u0131r, tecav\u00fcz ve tacize u\u011frayan ki\u015finin yerine kendisini koyarak haberi yazar. Yaz\u0131lan yaz\u0131 i\u00e7erisinde nas\u0131l haber olmak istemedi\u011fini \u00e7ok iyi bilir. Haber yap\u0131lmayacak m\u0131, tabi ki yap\u0131lacak. Fakat erkek veya kad\u0131n gazeteciler bir haberi yazarken l\u00fctfen empati yoluyla yada yak\u0131n\u0131n\u0131z gibi d\u00fc\u015f\u00fcnerek haberle\u015ftirsin ve kad\u0131n sorunuyla ilgili y\u00f6neticilere \u00e7a\u011fr\u0131da bulunsunlar.\u201d diyerek kaleme al\u0131nan haber ve yaz\u0131lar\u0131n i\u00e7erisinde topluma ve y\u00f6neticilere \u00e7a\u011fr\u0131da bulunman\u0131n \u00f6nemini vurgulad\u0131.<\/p>\n<p>\u00a0<\/p>\n<p>\u201cS\u0131\u011f\u0131nma evi problemimiz var\u201d<\/p>\n<p>\u00a0<\/p>\n<p>Mersin\u2019de m\u00fclteci kad\u0131n konusunun da \u00f6nemine dikkat \u00e7eken ve y\u00f6neticilere \u00e7a\u011fr\u0131da bulunan Zeliha Akku\u015f, \u201cKent ve kad\u0131nlar olarak s\u0131\u011f\u0131nma evi problemimiz var. S\u0131\u011f\u0131nma evleri yasalara g\u00f6re yap\u0131lmak zorunda bu iste\u011fe ba\u011fl\u0131 bir \u015fey de\u011fil.\u201d diye konu\u015ftu.<\/p>\n<p>\u00a0<\/p>\n<p>\u201cKad\u0131nlara destek versinler\u201d<\/p>\n<p>\u00a0<\/p>\n<p>Yerel y\u00f6netimlerin kad\u0131n konusuna mesafeli olduklar\u0131n\u0131 ve \u00f6telediklerini d\u00fc\u015f\u00fcnd\u00fc\u011f\u00fcn\u00fc belirten Zeliha Akku\u015f, \u201cBana gelen telefonlar\u0131 ben biliyorum. Ger\u00e7ekten Mersin\u2019de her yerde oldu\u011fu kadar \u015fiddet, taciz, tecav\u00fcz var. Bu konunun olmamas\u0131n\u0131 bizde isteriz, bu nedenle s\u0131\u011f\u0131nma evi a\u00e7\u0131lacak duruma gelmeyelim. Fakat \u00e7ok ciddi bir \u015fekilde s\u0131\u011f\u0131nma evine ihtiya\u00e7 var. Kad\u0131nlar\u0131n bo\u015fand\u0131ktan sonra bir m\u00fcddet kira yard\u0131m\u0131na ihtiya\u00e7lar\u0131 var. \u00c7ocuklar\u0131yla ya\u015famlar\u0131n\u0131 s\u00fcrd\u00fcrebilecek bir hale gelmeye ihtiya\u00e7lar\u0131 var. Kad\u0131nlara ya\u015famlar\u0131n\u0131 toparlaya bilecekleri kadar destek versinler.\u201d diye konu\u015ftu.<\/p>\n<p>\u00a0<\/p>\n<p>\u00a0<\/p>\n<p>\u201c\u00c7al\u0131\u015fmalar yeterli de\u011fil ve kad\u0131n sorunlar\u0131n\u0131n ciddiye al\u0131nd\u0131\u011f\u0131n\u0131 d\u00fc\u015f\u00fcnm\u00fcyorum\u201d<\/p>\n<p>\u00a0<\/p>\n<p>Kentimizde Kad\u0131n Daire Ba\u015fkanl\u0131\u011f\u0131 kurmakla sorunun \u00e7\u00f6z\u00fclmedi\u011fini vurgulayan Zeliha Akku\u015f, \u201cDaire ba\u015fkanl\u0131\u011f\u0131 kurmak demek o sorunlara sahip \u00e7\u0131kmak demektir. Biran \u00f6nce g\u00f6zle g\u00f6r\u00fcl\u00fcr ve elle tutulur \u00e7al\u0131\u015fmalar yap\u0131lmas\u0131na ihtiyac\u0131m\u0131z var. Mersin bu anlamda \u00e7ok \u015fanss\u0131z bir durumda. \u00c7al\u0131\u015fmalar yeterli de\u011fil ve kad\u0131n sorunlar\u0131n\u0131n ciddiye al\u0131nd\u0131\u011f\u0131n\u0131 da d\u00fc\u015f\u00fcnm\u00fcyorum.\u201d diyerek ele\u015ftiride bulundu.<\/p>\n","protected":false},"excerpt":{"rendered":"<p>Zeliha Akku\u015f, \u201cKentimizde Kad\u0131n Daire Ba\u015fkanl\u0131\u011f\u0131 kurmakla sorun \u00e7\u00f6z\u00fclmedi. Daire ba\u015fkanl\u0131\u011f\u0131 kurmak demek o sorunlara sahip \u00e7\u0131kmak demektir. Mersin bu anlamda \u00e7ok \u015fanss\u0131z bir durumda. \u00c7al\u0131\u015fmalar yeterli de\u011fil ve kad\u0131n &hellip; <a href=\"https:\/\/mersinekonomipolitikagazetesi.com\/?p=5517\" class=\"more-link\">Devam\u0131n\u0131 Oku&#8230;<\/a><\/p>\n","protected":false},"author":1,"featured_media":0,"comment_status":"open","ping_status":"open","sticky":false,"template":"","format":"standard","meta":[],"categories":[],"tags":[],"_links":{"self":[{"href":"https:\/\/mersinekonomipolitikagazetesi.com\/index.php?rest_route=\/wp\/v2\/posts\/5517"}],"collection":[{"href":"https:\/\/mersinekonomipolitikagazetesi.com\/index.php?rest_route=\/wp\/v2\/posts"}],"about":[{"href":"https:\/\/mersinekonomipolitikagazetesi.com\/index.php?rest_route=\/wp\/v2\/types\/post"}],"author":[{"embeddable":true,"href":"https:\/\/mersinekonomipolitikagazetesi.com\/index.php?rest_route=\/wp\/v2\/users\/1"}],"replies":[{"embeddable":true,"href":"https:\/\/mersinekonomipolitikagazetesi.com\/index.php?rest_route=%2Fwp%2Fv2%2Fcomments&post=5517"}],"version-history":[{"count":0,"href":"https:\/\/mersinekonomipolitikagazetesi.com\/index.php?rest_route=\/wp\/v2\/posts\/5517\/revisions"}],"wp:attachment":[{"href":"https:\/\/mersinekonomipolitikagazetesi.com\/index.php?rest_route=%2Fwp%2Fv2%2Fmedia&parent=5517"}],"wp:term":[{"taxonomy":"category","embeddable":true,"href":"https:\/\/mersinekonomipolitikagazetesi.com\/index.php?rest_route=%2Fwp%2Fv2%2Fcategories&post=5517"},{"taxonomy":"post_tag","embeddable":true,"href":"https:\/\/mersinekonomipolitikagazetesi.com\/index.php?rest_route=%2Fwp%2Fv2%2Ftags&post=5517"}],"curies":[{"name":"wp","href":"https:\/\/api.w.org\/{rel}","templated":true}]}}