{"id":5519,"date":"2020-11-04T18:25:56","date_gmt":"2020-11-04T15:25:56","guid":{"rendered":"http:\/\/mersinekonomipolitikagazetesi.com\/?p=5519"},"modified":"2020-11-04T18:25:56","modified_gmt":"2020-11-04T15:25:56","slug":"tarsusta-mantar-uretme-tesislerinde-celik-raflar-iscilerin-uzerine-devrildi-1-kisi-oldu-3-kisi-yaralandi","status":"publish","type":"post","link":"https:\/\/mersinekonomipolitikagazetesi.com\/?p=5519","title":{"rendered":"Tarsus&#8217;ta mantar \u00fcretme tesislerinde \u00e7elik raflar i\u015f\u00e7ilerin \u00fczerine devrildi: 1 ki\u015fi \u00f6ld\u00fc, 3 ki\u015fi yaraland\u0131"},"content":{"rendered":"<p>Mersin\u2019in Tarsus il\u00e7esinde meydana gelen \u00e7\u00f6kmede 1 ki\u015fi \u00f6ld\u00fc, 3 ki\u015fi yaraland\u0131.\u00a0 \u00a0<br \/>\n\u00a0 Olay, Tarsun\u2019un Topakl\u0131 Mahallesinde meydana geldi.\u00a0<br \/>\n\u00a0 Al\u0131nan bilgiye g\u00f6re mantar \u00fcretme \u00e7iftli\u011finde \u00e7al\u0131\u015fan vardiya i\u015f\u00e7ileri gece saatlerinde po\u015fetledikleri mantarlar\u0131 raflara yerle\u015ftirmek isterken yakla\u015f\u0131k iki metre uzunlu\u011fundaki \u00e7elik raflar devrildi.\u00a0<br \/>\n\u00a0 Devrilen \u00e7elik raflar\u0131n alt\u0131nda kalan Selim Serin, Caner Yarasa, Ekrem Serin ve Yahya Do\u011fan yaralanarak Tarsus Devlet hastanesine kald\u0131r\u0131ld\u0131. Devlet hastanesine kald\u0131r\u0131lan yaral\u0131lardan Caner Yarasa (46) t\u00fcm m\u00fcdahaleye ra\u011fmen hayat\u0131n\u0131 kaybetti. Yaral\u0131lar i\u00e7inde bulunan Selim Serin (28)ise ci\u011ferlerinin patlamas\u0131 sonucu Mersin Devlet Hastanesine sevk edildi.\u00a0<br \/>\n\u00a0 Tarsus \u0130l\u00e7e Jandarma komutanl\u0131\u011f\u0131na ba\u011fl\u0131 ekipler kaza ile ilgili soru\u015fturma ba\u015flatt\u0131.\u00a0<\/p>\n","protected":false},"excerpt":{"rendered":"<p>Mersin\u2019in Tarsus il\u00e7esinde meydana gelen \u00e7\u00f6kmede 1 ki\u015fi \u00f6ld\u00fc, 3 ki\u015fi yaraland\u0131.\u00a0 \u00a0 \u00a0 Olay, Tarsun\u2019un Topakl\u0131 Mahallesinde meydana geldi.\u00a0 \u00a0 Al\u0131nan bilgiye g\u00f6re mantar \u00fcretme \u00e7iftli\u011finde \u00e7al\u0131\u015fan vardiya i\u015f\u00e7ileri &hellip; <a href=\"https:\/\/mersinekonomipolitikagazetesi.com\/?p=5519\" class=\"more-link\">Devam\u0131n\u0131 Oku&#8230;<\/a><\/p>\n","protected":false},"author":1,"featured_media":0,"comment_status":"open","ping_status":"open","sticky":false,"template":"","format":"standard","meta":[],"categories":[],"tags":[],"_links":{"self":[{"href":"https:\/\/mersinekonomipolitikagazetesi.com\/index.php?rest_route=\/wp\/v2\/posts\/5519"}],"collection":[{"href":"https:\/\/mersinekonomipolitikagazetesi.com\/index.php?rest_route=\/wp\/v2\/posts"}],"about":[{"href":"https:\/\/mersinekonomipolitikagazetesi.com\/index.php?rest_route=\/wp\/v2\/types\/post"}],"author":[{"embeddable":true,"href":"https:\/\/mersinekonomipolitikagazetesi.com\/index.php?rest_route=\/wp\/v2\/users\/1"}],"replies":[{"embeddable":true,"href":"https:\/\/mersinekonomipolitikagazetesi.com\/index.php?rest_route=%2Fwp%2Fv2%2Fcomments&post=5519"}],"version-history":[{"count":0,"href":"https:\/\/mersinekonomipolitikagazetesi.com\/index.php?rest_route=\/wp\/v2\/posts\/5519\/revisions"}],"wp:attachment":[{"href":"https:\/\/mersinekonomipolitikagazetesi.com\/index.php?rest_route=%2Fwp%2Fv2%2Fmedia&parent=5519"}],"wp:term":[{"taxonomy":"category","embeddable":true,"href":"https:\/\/mersinekonomipolitikagazetesi.com\/index.php?rest_route=%2Fwp%2Fv2%2Fcategories&post=5519"},{"taxonomy":"post_tag","embeddable":true,"href":"https:\/\/mersinekonomipolitikagazetesi.com\/index.php?rest_route=%2Fwp%2Fv2%2Ftags&post=5519"}],"curies":[{"name":"wp","href":"https:\/\/api.w.org\/{rel}","templated":true}]}}