{"id":5520,"date":"2020-11-04T18:25:56","date_gmt":"2020-11-04T15:25:56","guid":{"rendered":"http:\/\/mersinekonomipolitikagazetesi.com\/?p=5520"},"modified":"2020-11-04T18:25:56","modified_gmt":"2020-11-04T15:25:56","slug":"sehit-atesi-mersine-dustu-2","status":"publish","type":"post","link":"https:\/\/mersinekonomipolitikagazetesi.com\/?p=5520","title":{"rendered":"\u015eehit ate\u015fi Mersin&#8217;e d\u00fc\u015ft\u00fc"},"content":{"rendered":"<p>Hakkari&#8217;de at\u0131\u015f e\u011fitimi esnas\u0131nda meydana gelen kazada \u015fehit d\u00fc\u015fen Piyade S\u00f6zle\u015fmeli Er Tolga Kaplan&#8217;\u0131n (28) ac\u0131 haberi, Mersin&#8217;deki ailesine gece yar\u0131s\u0131 ula\u015ft\u0131.\u00a0 \u00a0<br \/>\n\u00a0 Edinilen bilgiye g\u00f6re, Hakkari 2. Hudut Tugay Komutanl\u0131\u011f\u0131 emrinde g\u00f6revli Piyade S\u00f6zle\u015fmeli Er Tolga Kaplan, at\u0131\u015f e\u011fitimi esnas\u0131nda meydana gelen kazada \u015fehit d\u00fc\u015ft\u00fc. \u015eehidin ac\u0131 haberi Mersin&#8217;deki ailesine gece yar\u0131s\u0131 ula\u015ft\u0131r\u0131ld\u0131. Merkez Toroslar il\u00e7esi Turgut T\u00fcrkalp Mahallesi&#8217;nde oturan baba Yusuf Kaplan, evlad\u0131n\u0131n \u015fehit oldu\u011fu haberini askerlerden ald\u0131. Ac\u0131l\u0131 babay\u0131 Toroslar Kaymakam\u0131 Ahmet Hikmet \u015eahin ve di\u011fer g\u00f6revliler teskin etmeye \u00e7al\u0131\u015ft\u0131. \u015eehidin baba oca\u011f\u0131 T\u00fcrk bayraklar\u0131 ile donat\u0131l\u0131rken, yak\u0131nlar\u0131 g\u00f6zya\u015flar\u0131na bo\u011fuldu.\u00a0<br \/>\n\u00a0 \u015eehidin annesi Ay\u015fe Kaplan&#8217;\u0131n yakla\u015f\u0131k 1.5 y\u0131l \u00f6nce kanser hastal\u0131\u011f\u0131ndan hayat\u0131n\u0131 kaybetti\u011fi, teyzesi Filiz Kaplan&#8217;\u0131n ise ge\u00e7en y\u0131l ayn\u0131 sokakta ayr\u0131ld\u0131\u011f\u0131 e\u015fi taraf\u0131ndan tabanca ile vurularak \u00f6ld\u00fcr\u00fcld\u00fc\u011f\u00fc \u00f6\u011frenildi.\u00a0<br \/>\n\u00a0 \u015eehidin cenazesinin bug\u00fcn ikindi namaz\u0131 sonras\u0131 d\u00fczenlenecek t\u00f6renin ard\u0131ndan topra\u011fa verilece\u011fi belirtildi.\u00a0<\/p>\n","protected":false},"excerpt":{"rendered":"<p>Hakkari&#8217;de at\u0131\u015f e\u011fitimi esnas\u0131nda meydana gelen kazada \u015fehit d\u00fc\u015fen Piyade S\u00f6zle\u015fmeli Er Tolga Kaplan&#8217;\u0131n (28) ac\u0131 haberi, Mersin&#8217;deki ailesine gece yar\u0131s\u0131 ula\u015ft\u0131.\u00a0 \u00a0 \u00a0 Edinilen bilgiye g\u00f6re, Hakkari 2. Hudut &hellip; <a href=\"https:\/\/mersinekonomipolitikagazetesi.com\/?p=5520\" class=\"more-link\">Devam\u0131n\u0131 Oku&#8230;<\/a><\/p>\n","protected":false},"author":1,"featured_media":0,"comment_status":"open","ping_status":"open","sticky":false,"template":"","format":"standard","meta":[],"categories":[],"tags":[],"_links":{"self":[{"href":"https:\/\/mersinekonomipolitikagazetesi.com\/index.php?rest_route=\/wp\/v2\/posts\/5520"}],"collection":[{"href":"https:\/\/mersinekonomipolitikagazetesi.com\/index.php?rest_route=\/wp\/v2\/posts"}],"about":[{"href":"https:\/\/mersinekonomipolitikagazetesi.com\/index.php?rest_route=\/wp\/v2\/types\/post"}],"author":[{"embeddable":true,"href":"https:\/\/mersinekonomipolitikagazetesi.com\/index.php?rest_route=\/wp\/v2\/users\/1"}],"replies":[{"embeddable":true,"href":"https:\/\/mersinekonomipolitikagazetesi.com\/index.php?rest_route=%2Fwp%2Fv2%2Fcomments&post=5520"}],"version-history":[{"count":0,"href":"https:\/\/mersinekonomipolitikagazetesi.com\/index.php?rest_route=\/wp\/v2\/posts\/5520\/revisions"}],"wp:attachment":[{"href":"https:\/\/mersinekonomipolitikagazetesi.com\/index.php?rest_route=%2Fwp%2Fv2%2Fmedia&parent=5520"}],"wp:term":[{"taxonomy":"category","embeddable":true,"href":"https:\/\/mersinekonomipolitikagazetesi.com\/index.php?rest_route=%2Fwp%2Fv2%2Fcategories&post=5520"},{"taxonomy":"post_tag","embeddable":true,"href":"https:\/\/mersinekonomipolitikagazetesi.com\/index.php?rest_route=%2Fwp%2Fv2%2Ftags&post=5520"}],"curies":[{"name":"wp","href":"https:\/\/api.w.org\/{rel}","templated":true}]}}