{"id":5523,"date":"2020-11-04T18:25:56","date_gmt":"2020-11-04T15:25:56","guid":{"rendered":"http:\/\/mersinekonomipolitikagazetesi.com\/?p=5523"},"modified":"2020-11-04T18:25:56","modified_gmt":"2020-11-04T15:25:56","slug":"kayip-bekcilerden-birinin-cansiz-bedeni-bulundu","status":"publish","type":"post","link":"https:\/\/mersinekonomipolitikagazetesi.com\/?p=5523","title":{"rendered":"Kay\u0131p bek\u00e7ilerden birinin cans\u0131z bedeni bulundu"},"content":{"rendered":"<p>Mersin&#8217;in Tarsus il\u00e7esinde 6 g\u00fcn \u00f6nce kay\u0131kla denize a\u00e7\u0131ld\u0131ktan sonra haber al\u0131namayan 2 mahalle bek\u00e7isinden birinin cans\u0131z bedenine ula\u015f\u0131ld\u0131.\u00a0 \u00a0<br \/>\n\u00a0 \u0130l\u00e7e Emniyet M\u00fcd\u00fcrl\u00fc\u011f\u00fc b\u00fcnyesinde g\u00f6revli mahalle bek\u00e7ileri \u00d6mer \u00d6zer (31) ve Oktay Avc\u0131 (31), 11 Ocak Cumartesi sabah\u0131 saat 06.30 s\u0131ralar\u0131nda Kulak Mahallesi&#8217;nde bulunan Berdan Nehri&#8217;nin denize d\u00f6k\u00fcld\u00fc\u011f\u00fc b\u00f6lgeden bal\u0131k tutmak i\u00e7in kay\u0131kla denize a\u00e7\u0131ld\u0131. 2 bek\u00e7inin arkada\u015flar\u0131 kendilerinden haber alamay\u0131nca durumu polise bildirdi. \u0130hbar \u00fczerine b\u00f6lgeye sevk edilen jandarma, sahil g\u00fcvenlik ve AFAD ekipleri \u00d6zer ve Avc\u0131&#8217;y\u0131 bulmak i\u00e7in arama-kurtarma \u00e7al\u0131\u015fmas\u0131 ba\u015flatt\u0131. Karadan, denizden ve havadan y\u00fcr\u00fct\u00fclen aramalar\u0131n 6. g\u00fcn\u00fcnde bek\u00e7ilerden birinin cans\u0131z bedeni olay b\u00f6lgesinde bulundu. Cesedin bek\u00e7ilerden \u00d6mer \u00d6zer&#8217;e (31) ait oldu\u011fu belirlendi.\u00a0<\/p>\n","protected":false},"excerpt":{"rendered":"<p>Mersin&#8217;in Tarsus il\u00e7esinde 6 g\u00fcn \u00f6nce kay\u0131kla denize a\u00e7\u0131ld\u0131ktan sonra haber al\u0131namayan 2 mahalle bek\u00e7isinden birinin cans\u0131z bedenine ula\u015f\u0131ld\u0131.\u00a0 \u00a0 \u00a0 \u0130l\u00e7e Emniyet M\u00fcd\u00fcrl\u00fc\u011f\u00fc b\u00fcnyesinde g\u00f6revli mahalle bek\u00e7ileri \u00d6mer \u00d6zer &hellip; <a href=\"https:\/\/mersinekonomipolitikagazetesi.com\/?p=5523\" class=\"more-link\">Devam\u0131n\u0131 Oku&#8230;<\/a><\/p>\n","protected":false},"author":1,"featured_media":0,"comment_status":"open","ping_status":"open","sticky":false,"template":"","format":"standard","meta":[],"categories":[],"tags":[],"_links":{"self":[{"href":"https:\/\/mersinekonomipolitikagazetesi.com\/index.php?rest_route=\/wp\/v2\/posts\/5523"}],"collection":[{"href":"https:\/\/mersinekonomipolitikagazetesi.com\/index.php?rest_route=\/wp\/v2\/posts"}],"about":[{"href":"https:\/\/mersinekonomipolitikagazetesi.com\/index.php?rest_route=\/wp\/v2\/types\/post"}],"author":[{"embeddable":true,"href":"https:\/\/mersinekonomipolitikagazetesi.com\/index.php?rest_route=\/wp\/v2\/users\/1"}],"replies":[{"embeddable":true,"href":"https:\/\/mersinekonomipolitikagazetesi.com\/index.php?rest_route=%2Fwp%2Fv2%2Fcomments&post=5523"}],"version-history":[{"count":0,"href":"https:\/\/mersinekonomipolitikagazetesi.com\/index.php?rest_route=\/wp\/v2\/posts\/5523\/revisions"}],"wp:attachment":[{"href":"https:\/\/mersinekonomipolitikagazetesi.com\/index.php?rest_route=%2Fwp%2Fv2%2Fmedia&parent=5523"}],"wp:term":[{"taxonomy":"category","embeddable":true,"href":"https:\/\/mersinekonomipolitikagazetesi.com\/index.php?rest_route=%2Fwp%2Fv2%2Fcategories&post=5523"},{"taxonomy":"post_tag","embeddable":true,"href":"https:\/\/mersinekonomipolitikagazetesi.com\/index.php?rest_route=%2Fwp%2Fv2%2Ftags&post=5523"}],"curies":[{"name":"wp","href":"https:\/\/api.w.org\/{rel}","templated":true}]}}