{"id":5531,"date":"2020-11-04T18:25:57","date_gmt":"2020-11-04T15:25:57","guid":{"rendered":"http:\/\/mersinekonomipolitikagazetesi.com\/?p=5531"},"modified":"2020-11-04T18:25:57","modified_gmt":"2020-11-04T15:25:57","slug":"isinmasi-icin-calisir-halde-birakilan-lpgli-otomobilde-yangin","status":"publish","type":"post","link":"https:\/\/mersinekonomipolitikagazetesi.com\/?p=5531","title":{"rendered":"Is\u0131nmas\u0131 i\u00e7in \u00e7al\u0131\u015f\u0131r halde b\u0131rak\u0131lan LPG&#8217;li otomobilde yang\u0131n"},"content":{"rendered":"<p>Mersin&#8217;in Erdemli il\u00e7esinde park halindeki LPG&#8217;li otomobilde yang\u0131n \u00e7\u0131kt\u0131. Otomobilden dumanlar y\u00fckseldi\u011fini g\u00f6ren vatanda\u015f\u0131n uyarmas\u0131yla yang\u0131n s\u00f6nd\u00fcr\u00fcld\u00fc.\u00a0\u00a0<br \/>\n\u00a0 Edinilen bilgiye g\u00f6re, Hac\u0131halilarpa\u00e7 Mahallesi&#8217;nde kahvehanenin \u00f6n\u00fcne park edilen otomobilden bir s\u00fcre sonra dumanlar y\u00fckselmeye ba\u015flad\u0131. Bu s\u0131rada telefon g\u00f6r\u00fc\u015fmesi i\u00e7in kahvehanenin d\u0131\u015f\u0131na \u00e7\u0131kan Mustafa Bas\u0131r, otomobilden hafif duman \u00e7\u0131kt\u0131\u011f\u0131n\u0131 fark ederek konu\u015fmas\u0131n\u0131 kesmeden i\u00e7eridekileri uyard\u0131. \u0130\u00e7eriden ko\u015farak gelen otomobil sahibi, iddiaya g\u00f6re arac\u0131n\u0131n \u0131s\u0131nmas\u0131 i\u00e7in a\u00e7\u0131k b\u0131rakt\u0131\u011f\u0131 konta\u011f\u0131 kapad\u0131. Ard\u0131ndan da bir vatanda\u015f \u00f6n kaputu a\u00e7t\u0131. Motor k\u0131sm\u0131 yanmaya ba\u015flayan motor, Ali Bas\u0131r adl\u0131 esnaf\u0131n yang\u0131n t\u00fcp\u00fcyle yapt\u0131\u011f\u0131 m\u00fcdahale ile s\u00f6nd\u00fcr\u00fcld\u00fc.\u00a0<br \/>\n\u00a0<br \/>\n\u00a0 &#8220;Patlama olabilirdi, yang\u0131n kahvehaneye s\u0131\u00e7rayabilirdi&#8221;\u00a0<br \/>\n\u00a0 Olaya tan\u0131k olan vatanda\u015flar, yang\u0131n\u0131n s\u00f6nd\u00fcr\u00fclememesi halinde bir patlaman\u0131n ya\u015fanabilece\u011fine dikkat \u00e7ekti. Yang\u0131n t\u00fcp\u00fcyle m\u00fcdahalede bulunan Ali Bas\u0131r, olay\u0131n sabah saatlerinde meydana geldi\u011fini belirterek, &#8220;Arkada\u015f arabayla geldi. Bir \u00e7ay ald\u0131, \u00e7ay\u0131n\u0131 i\u00e7iyordu. Bu esnada o\u011flum \u00f6nemli bir telefon g\u00f6r\u00fc\u015fmem var diyerek d\u0131\u015far\u0131ya \u00e7\u0131kt\u0131. Az sonra bize otomobilden duman \u00e7\u0131kt\u0131\u011f\u0131n\u0131 s\u00f6yledi. D\u0131\u015far\u0131 ko\u015ftuk, \u00f6n kaputu a\u00e7t\u0131\u011f\u0131m\u0131zda alevler \u00e7\u0131kt\u0131\u011f\u0131n\u0131 g\u00f6r\u00fcnce o\u011flum ko\u015farak yang\u0131n t\u00fcp\u00fcn\u00fc getirdi. Yang\u0131n\u0131 s\u00f6nd\u00fcrd\u00fck, otomobili tamamen yanmaktan kurtard\u0131k. Araba t\u00fcpl\u00fcyd\u00fc, patlama olabilirdi, yang\u0131n kahvehaneye s\u0131\u00e7rayabilirdi&#8221; dedi.\u00a0<br \/>\n\u00a0 Yang\u0131n\u0131 fark eden Mustafa Bas\u0131r ise, &#8220;\u00d6nemli bir telefon g\u00f6r\u00fc\u015fmem vard\u0131, d\u0131\u015far\u0131ya \u00e7\u0131kt\u0131m. Bakt\u0131m arabadan dumanlar y\u00fckselmeye ba\u015flam\u0131\u015ft\u0131. Hemen gittim i\u00e7eridekilere haber verdim. Hemen yang\u0131n t\u00fcp\u00fcn\u00fc ald\u0131k, s\u00f6nd\u00fcrmeye ba\u015flad\u0131k. Patlama olabilirdi, ge\u00e7 kalsayd\u0131k patlard\u0131 b\u00fcy\u00fck ihtimalle&#8221; diye konu\u015ftu.\u00a0<br \/>\n\u00a0 So\u011fukkanl\u0131l\u0131kla yap\u0131lan m\u00fcdahaleyle arac\u0131n tamamen yanmaktan kurtar\u0131ld\u0131\u011f\u0131n\u0131 ifade eden Hac\u0131halilarpa\u00e7 Mahallesi Muhtar\u0131 H\u00fcseyin Nergiz ise esnafa so\u011fukkanl\u0131l\u0131\u011f\u0131 i\u00e7in te\u015fekk\u00fcr etti. Nergiz, ya\u015fanan olaydan sonra evlerde de yang\u0131n t\u00fcp\u00fc bulunmas\u0131 gerekti\u011fini d\u00fc\u015f\u00fcnd\u00fc\u011f\u00fcn\u00fc s\u00f6yledi.\u00a0<\/p>\n","protected":false},"excerpt":{"rendered":"<p>Mersin&#8217;in Erdemli il\u00e7esinde park halindeki LPG&#8217;li otomobilde yang\u0131n \u00e7\u0131kt\u0131. Otomobilden dumanlar y\u00fckseldi\u011fini g\u00f6ren vatanda\u015f\u0131n uyarmas\u0131yla yang\u0131n s\u00f6nd\u00fcr\u00fcld\u00fc.\u00a0\u00a0 \u00a0 Edinilen bilgiye g\u00f6re, Hac\u0131halilarpa\u00e7 Mahallesi&#8217;nde kahvehanenin \u00f6n\u00fcne park edilen otomobilden bir s\u00fcre &hellip; <a href=\"https:\/\/mersinekonomipolitikagazetesi.com\/?p=5531\" class=\"more-link\">Devam\u0131n\u0131 Oku&#8230;<\/a><\/p>\n","protected":false},"author":1,"featured_media":0,"comment_status":"open","ping_status":"open","sticky":false,"template":"","format":"standard","meta":[],"categories":[],"tags":[],"_links":{"self":[{"href":"https:\/\/mersinekonomipolitikagazetesi.com\/index.php?rest_route=\/wp\/v2\/posts\/5531"}],"collection":[{"href":"https:\/\/mersinekonomipolitikagazetesi.com\/index.php?rest_route=\/wp\/v2\/posts"}],"about":[{"href":"https:\/\/mersinekonomipolitikagazetesi.com\/index.php?rest_route=\/wp\/v2\/types\/post"}],"author":[{"embeddable":true,"href":"https:\/\/mersinekonomipolitikagazetesi.com\/index.php?rest_route=\/wp\/v2\/users\/1"}],"replies":[{"embeddable":true,"href":"https:\/\/mersinekonomipolitikagazetesi.com\/index.php?rest_route=%2Fwp%2Fv2%2Fcomments&post=5531"}],"version-history":[{"count":0,"href":"https:\/\/mersinekonomipolitikagazetesi.com\/index.php?rest_route=\/wp\/v2\/posts\/5531\/revisions"}],"wp:attachment":[{"href":"https:\/\/mersinekonomipolitikagazetesi.com\/index.php?rest_route=%2Fwp%2Fv2%2Fmedia&parent=5531"}],"wp:term":[{"taxonomy":"category","embeddable":true,"href":"https:\/\/mersinekonomipolitikagazetesi.com\/index.php?rest_route=%2Fwp%2Fv2%2Fcategories&post=5531"},{"taxonomy":"post_tag","embeddable":true,"href":"https:\/\/mersinekonomipolitikagazetesi.com\/index.php?rest_route=%2Fwp%2Fv2%2Ftags&post=5531"}],"curies":[{"name":"wp","href":"https:\/\/api.w.org\/{rel}","templated":true}]}}