{"id":5536,"date":"2020-11-04T18:25:57","date_gmt":"2020-11-04T15:25:57","guid":{"rendered":"http:\/\/mersinekonomipolitikagazetesi.com\/?p=5536"},"modified":"2020-11-04T18:25:57","modified_gmt":"2020-11-04T15:25:57","slug":"avmler-sehrin-disina-dogru-yapilmaliydi-diyen-carsi-esnafi-mutsuz","status":"publish","type":"post","link":"https:\/\/mersinekonomipolitikagazetesi.com\/?p=5536","title":{"rendered":"&#8220;AVM\u2019ler \u015fehrin d\u0131\u015f\u0131na do\u011fru yap\u0131lmal\u0131yd\u0131&#8221; diyen \u00c7AR\u015eI ESNAFI MUTSUZ..!"},"content":{"rendered":"<p>Mersin \u00e7ar\u015f\u0131 esnaf\u0131 verilen s\u00f6zlere inanm\u0131yor! Mersin B\u00fcy\u00fck\u015fehir Belediye Ba\u015fkan\u0131 Vahap Se\u00e7er i\u00e7in beklenileni veremeyecegini d\u00fc\u015f\u00fcnd\u00fcklerini s\u00f6yleyen esnaf tepkili.<\/p>\n<p>\nMersin B\u00fcy\u00fck\u015fehir Belediyesi&#8217;nin yapt\u0131\u011f\u0131 \u00e7al\u0131\u015fmalar\u0131 ve \u00e7ar\u015f\u0131ya kazand\u0131rd\u0131klar\u0131n\u0131 vatanda\u015fa sorduk.<\/p>\n<p>Enteller caddesi esnaf\u0131 yap\u0131lan herhangi bir i\u015flemin ve \u00e7al\u0131\u015fman\u0131n olmad\u0131\u011f\u0131n\u0131 belirterek Ba\u015fkan Vahap Se\u00e7er\u2019e tepki g\u00f6sterdi.<\/p>\n<p>Mersinli Esnaf, &#8220;Hi\u00e7 bir belediye ba\u015fkan\u0131 \u00e7ar\u015f\u0131 esnaf\u0131n\u0131 d\u00fc\u015f\u00fcnerek hareket etmiyor. Macit \u00d6zcan d\u00f6neminden itibaren burada i\u015fletme sahibiyim. Macit \u00d6zcan ve Burhanettin Kocamaz ile g\u00f6r\u00fc\u015fmelerim oldu, hi\u00e7biri istenileni yapmadan kendi menfaatlerini\u00a0 d\u00fc\u015f\u00fcnerek \u00e7ekip gittiler.&#8221; diye konu\u015ftu.<br \/>\n&#8220;AVM\u2019ler \u015fehrin d\u0131\u015f\u0131na do\u011fru yap\u0131lmal\u0131yd\u0131&#8221;<\/p>\n<p>Macit \u00d6zcan d\u00f6neminde yap\u0131lan Forum Al\u0131\u015fveri\u015f Merkezi&#8217;nin konum itibariyle yap\u0131ld\u0131\u011f\u0131 yerin yanl\u0131\u015f oldu\u011funu vurgulayan Mersinli esnaf, &#8220;Yap\u0131lan AVM alan\u0131 pe\u015fke\u015f \u00e7ekildi. Forum AVM alan\u0131 oraya kuruldu\u011fu g\u00fcnden itibaren \u00e7ar\u015f\u0131da\u00a0 vatanda\u015f kalmad\u0131. Al\u0131\u015fveri\u015f merkezleri \u015fehir d\u0131\u015f\u0131na yap\u0131lmal\u0131yd\u0131. Mersin&#8217;in yeni stadyumun oralara yap\u0131lmal\u0131yd\u0131.&#8221; dedi.<\/p>\n<p>&#8220;Sokak \u00fcst\u00fcn\u00fc kapatal\u0131m dedik ses \u00e7\u0131kmad\u0131&#8221;<\/p>\n<p>Belediye ba\u015fkanlar\u0131yla g\u00f6r\u00fc\u015ft\u00fcklerini ve hi\u00e7bir ad\u0131m\u0131n at\u0131lmad\u0131\u011f\u0131n\u0131 belirten esnaf enteller caddesinin canlanmas\u0131 i\u00e7in u\u011fra\u015ft\u0131klar\u0131n\u0131 belirtti. Yapt\u0131klar\u0131n\u0131 ve projelerini dile getiren esnaf, &#8220;Bizler bu soka\u011f\u0131n \u00fcst\u00fcn\u00fcn kapat\u0131lmas\u0131 i\u00e7in ba\u015fvuruda bulunduk. Olumsuz bir d\u00f6n\u00fc\u015f yap\u0131ld\u0131. Her esnaftan ben \u00fccret alarak yapacakt\u0131m. Fakat \u2018soka\u011f\u0131n \u00fcst\u00fcm\u00fc kapat\u0131l\u0131r?\u2019 dediler. Gaziantep\u2019te kapat\u0131lm\u0131\u015f burada neden olmuyor? AVM\u2019leri insanlar\u0131n tercih etme sebeplerineden biri kapal\u0131 alan ve serin olmas\u0131, \u00e7ar\u015f\u0131da da bunu ba\u015farmal\u0131y\u0131z.&#8221; diyerek tepkilerini dile getirdi.<\/p>\n","protected":false},"excerpt":{"rendered":"<p>Mersin \u00e7ar\u015f\u0131 esnaf\u0131 verilen s\u00f6zlere inanm\u0131yor! Mersin B\u00fcy\u00fck\u015fehir Belediye Ba\u015fkan\u0131 Vahap Se\u00e7er i\u00e7in beklenileni veremeyecegini d\u00fc\u015f\u00fcnd\u00fcklerini s\u00f6yleyen esnaf tepkili. Mersin B\u00fcy\u00fck\u015fehir Belediyesi&#8217;nin yapt\u0131\u011f\u0131 \u00e7al\u0131\u015fmalar\u0131 ve \u00e7ar\u015f\u0131ya kazand\u0131rd\u0131klar\u0131n\u0131 vatanda\u015fa sorduk. Enteller &hellip; <a href=\"https:\/\/mersinekonomipolitikagazetesi.com\/?p=5536\" class=\"more-link\">Devam\u0131n\u0131 Oku&#8230;<\/a><\/p>\n","protected":false},"author":1,"featured_media":0,"comment_status":"open","ping_status":"open","sticky":false,"template":"","format":"standard","meta":[],"categories":[],"tags":[],"_links":{"self":[{"href":"https:\/\/mersinekonomipolitikagazetesi.com\/index.php?rest_route=\/wp\/v2\/posts\/5536"}],"collection":[{"href":"https:\/\/mersinekonomipolitikagazetesi.com\/index.php?rest_route=\/wp\/v2\/posts"}],"about":[{"href":"https:\/\/mersinekonomipolitikagazetesi.com\/index.php?rest_route=\/wp\/v2\/types\/post"}],"author":[{"embeddable":true,"href":"https:\/\/mersinekonomipolitikagazetesi.com\/index.php?rest_route=\/wp\/v2\/users\/1"}],"replies":[{"embeddable":true,"href":"https:\/\/mersinekonomipolitikagazetesi.com\/index.php?rest_route=%2Fwp%2Fv2%2Fcomments&post=5536"}],"version-history":[{"count":0,"href":"https:\/\/mersinekonomipolitikagazetesi.com\/index.php?rest_route=\/wp\/v2\/posts\/5536\/revisions"}],"wp:attachment":[{"href":"https:\/\/mersinekonomipolitikagazetesi.com\/index.php?rest_route=%2Fwp%2Fv2%2Fmedia&parent=5536"}],"wp:term":[{"taxonomy":"category","embeddable":true,"href":"https:\/\/mersinekonomipolitikagazetesi.com\/index.php?rest_route=%2Fwp%2Fv2%2Fcategories&post=5536"},{"taxonomy":"post_tag","embeddable":true,"href":"https:\/\/mersinekonomipolitikagazetesi.com\/index.php?rest_route=%2Fwp%2Fv2%2Ftags&post=5536"}],"curies":[{"name":"wp","href":"https:\/\/api.w.org\/{rel}","templated":true}]}}