{"id":5538,"date":"2020-11-04T18:25:57","date_gmt":"2020-11-04T15:25:57","guid":{"rendered":"http:\/\/mersinekonomipolitikagazetesi.com\/?p=5538"},"modified":"2020-11-04T18:25:57","modified_gmt":"2020-11-04T15:25:57","slug":"mersin-limanina-demir-atan-fransiz-savas-gemisinin-komutanindan-secere-ziyaret","status":"publish","type":"post","link":"https:\/\/mersinekonomipolitikagazetesi.com\/?p=5538","title":{"rendered":"Mersin Liman\u0131na demir atan Frans\u0131z sava\u015f gemisinin komutan\u0131ndan Se\u00e7er\u2019e ziyaret"},"content":{"rendered":"<p>Akdeniz\u2019de yap\u0131lacak tatbikat kapsam\u0131nda Mersin Liman\u0131na demir atan \u201cSurcouf\u201d adl\u0131 f\u0131rkateynin komutan\u0131 Deniz Yarbay Thibault Lavernhe, Mersin B\u00fcy\u00fck\u015fehir Belediye Ba\u015fkan\u0131 Vahap Se\u00e7er\u2019i ziyaret etti.\u00a0<br \/>\n\u00a0 Yedi y\u0131l aradan sonra ilk kez bir Frans\u0131z Sava\u015f Gemisi, Akdeniz\u2019de yap\u0131lacak tatbikat kapsam\u0131nda Mersin Liman\u0131na demir att\u0131. D\u00f6rt g\u00fcn boyunca Mersin\u2019de olacak gemi, 20 Ocak Pazartesi g\u00fcn\u00fc T\u00fcrk Donanmas\u0131 ile ortakla\u015fa yap\u0131lacak tatbikat sonras\u0131 Mersin Liman\u0131ndan ayr\u0131lacak.\u00a0<br \/>\n\u00a0 Fransa \u201cSurcouf\u201d Gemisi Komutan\u0131 Deniz Yarbay Thibault Lavernhe, beraberindeki heyetle B\u00fcy\u00fck\u015fehir Belediye Ba\u015fkan\u0131 Se\u00e7er\u2019i makam\u0131nda ziyaret etti. Se\u00e7er\u2019in makam\u0131nda ger\u00e7ekle\u015fen ziyarete Surcouf Gemisi Komutan\u0131 Deniz Yarbay Lavernhe, Savunma Ate\u015fesi Kurmay Yarbay Philippe Boulogne ve beraberlerindeki heyet kat\u0131ld\u0131.\u00a0<br \/>\n\u00a0<br \/>\n\u00a0 \u201cFransa, bizim tarihsel dostumuz\u201d\u00a0<\/p>\n<p>\n\u00a0 Ba\u015fkan Se\u00e7er, heyeti Mersin\u2019de a\u011f\u0131rlamaktan duyduklar\u0131 onuru dile getirerek, \u201cFransa bizim tarihsel dostumuz olan bir \u00fclke. \u00d6zellikle Cumhuriyet kurulmadan \u00f6nceki s\u00fcre\u00e7te Osmanl\u0131 \u0130mparatorlu\u011fu ile derin ili\u015fkileri olan bir \u00fclke. O d\u00f6nemin d\u00fcnya ko\u015fullar\u0131nda da Osmanl\u0131 ile \u00f6zellikle d\u00fcnya siyaseti dizayn\u0131nda hep i\u00e7e i\u00e7e olan ve Osmanl\u0131\u2019y\u0131 da hem devlet y\u00f6netimi hem k\u00fclt\u00fcrel hem sosyal a\u00e7\u0131dan etkileyen bir \u00fclkedir Fransa\u201d dedi.\u00a0<br \/>\n\u00a0 Fransa ile T\u00fcrkiye\u2019nin ortak \u00f6zelliklerinden s\u00f6z eden Se\u00e7er, her iki \u00fclkenin de Akdeniz\u2019e k\u0131y\u0131s\u0131 oldu\u011funu belirterek, \u201cBir ortak noktam\u0131z da Akdeniz\u2019in sa\u011flad\u0131\u011f\u0131 do\u011fal g\u00fczelliklere sahip olmam\u0131z. Mersin\u2019i nas\u0131l buldular bilemiyorum ama herhalde orada, Fransa\u2019n\u0131n Akdeniz k\u0131y\u0131lar\u0131ndaki kentlerinde de ayn\u0131 havay\u0131 teneff\u00fcs etme \u015fanslar\u0131 vard\u0131r\u201d diye konu\u015ftu.\u00a0<br \/>\n\u00a0<br \/>\n\u00a0 \u201cD\u00fcnya ticaretine konu olan bir limana sahibiz\u201d\u00a0<\/p>\n<p>\n\u00a0 Mersin\u2019in potansiyellerini de anlatan Se\u00e7er, \u201cMersin, Akdeniz\u2019in k\u0131y\u0131s\u0131nda, Do\u011fu Akdeniz \u00e7ana\u011f\u0131n\u0131n en \u00f6nemli liman kenti. Hem T\u00fcrkiye\u2019deki geli\u015fmeler hem b\u00f6lgedeki geli\u015fmeler Mersin\u2019i her ge\u00e7en g\u00fcn daha da \u00f6nemli hale getiriyor. Mersin, \u00e7ok stratejik bir kent. Di\u011fer taraftan d\u00fcnya ticaretine konu olan bir limana sahibiz. Liman\u0131m\u0131z vas\u0131tas\u0131yla d\u00fcnyan\u0131n her taraf\u0131yla ticaret yapma imkan\u0131m\u0131z var. Hem buradan T\u00fcrk \u00fcr\u00fcnlerini ihra\u00e7 edebiliyoruz, di\u011fer taraftan da d\u00fcnyan\u0131n her taraf\u0131ndan liman\u0131m\u0131za ticarete konu \u00fcr\u00fcnler gelebiliyor. Buradan da karayoluyla Orta Do\u011fuya, Kafkaslara bu \u00fcr\u00fcnler ticari \u00fcr\u00fcn olarak transit ticarete konu oluyor\u201d ifadelerini kulland\u0131.\u00a0<br \/>\n\u00a0<br \/>\n\u00a0 \u201cMersin gelecek vadeden bir kent\u201d\u00a0<\/p>\n<p>\n\u00a0 Mersin\u2019in gelecek vadetti\u011finden ve tarihsel, k\u00fclt\u00fcrel birikimi olan bir turizm kenti oldu\u011funu vurgulayan Se\u00e7er, \u201cB\u00fct\u00fcn ekonomik sekt\u00f6rleri burada g\u00f6rmek m\u00fcmk\u00fcn. \u00c7ok \u015firin bir tarihsel ve k\u00fclt\u00fcrel birikimi olan turizm kentiyiz. Ticaret kentiyiz. Bizim \u00e7ok de\u011ferli tar\u0131m topraklar\u0131m\u0131z var. T\u00fcrkiye\u2019de \u00fcretilen de\u011ferli meyvelerin \u00f6nemli bir \u00fcretimi burada yap\u0131l\u0131yor. De\u011ferli sanayi tesislerimiz var. \u00dcretim ve d\u00fcnya ticaretinin Mersin\u2019de yo\u011fun olmas\u0131 burada karayolu ta\u015f\u0131mac\u0131l\u0131\u011f\u0131n\u0131 da \u00f6nemli hale getiriyor. Damak zevkimiz de iyidir. T\u00fcrkiye\u2019nin her y\u00f6resine ait gastronomi konusunda da \u00e7ok \u00e7e\u015fitlili\u011fimiz var ve bu konuda da iddial\u0131y\u0131z. \u0130klimin s\u0131cak olmas\u0131 insanlar\u0131m\u0131za yans\u0131m\u0131\u015f. \u0130nsanlar\u0131m\u0131z da \u00e7ok s\u0131cakkanl\u0131d\u0131r. Ziyaretlerinden dolay\u0131 \u00e7ok te\u015fekk\u00fcr ediyorum\u201d \u015feklinde konu\u015ftu.\u00a0<br \/>\n\u00a0<br \/>\n\u00a0 \u201cMersin\u2019de kendimi \u00e7ok g\u00fcvende hissediyorum\u201d\u00a0<\/p>\n<p>\n\u00a0 Komutan Deniz Yarbay Lavernhe ise \u201cMisafirperverli\u011finiz i\u00e7in ve bizi kabul etti\u011finiz i\u00e7in \u00e7ok te\u015fekk\u00fcrler. Fransa ile T\u00fcrkiye aras\u0131ndaki ili\u015fkiler \u00e7ok derin. Fransa ile T\u00fcrkiye asl\u0131nda m\u00fcttefik ve aram\u0131zda askeri a\u00e7\u0131dan da bir ittifak var. Bu ittifak neticesinde biz Mersin\u2019e geldik. Refakat a\u00e7\u0131s\u0131ndan da \u00e7ok iyi kar\u015f\u0131land\u0131k. Bana refakat eden pilot gemi harika bir \u015fekilde yana\u015ft\u0131rd\u0131. Mersin\u2019den talep etti\u011fim b\u00fct\u00fcn malzemeler, geminin lojistik ihtiya\u00e7lar\u0131, hepsi temin edildi ve Mersin\u2019de kendimi \u00e7ok g\u00fcvende hissediyorum\u201d dedi.\u00a0<br \/>\n\u00a0 Lavernhe, Tarsus\u2019u da \u00e7ok be\u011fendiklerini s\u00f6zlerine ekledi.\u00a0<\/p>\n","protected":false},"excerpt":{"rendered":"<p>Akdeniz\u2019de yap\u0131lacak tatbikat kapsam\u0131nda Mersin Liman\u0131na demir atan \u201cSurcouf\u201d adl\u0131 f\u0131rkateynin komutan\u0131 Deniz Yarbay Thibault Lavernhe, Mersin B\u00fcy\u00fck\u015fehir Belediye Ba\u015fkan\u0131 Vahap Se\u00e7er\u2019i ziyaret etti.\u00a0 \u00a0 Yedi y\u0131l aradan sonra ilk &hellip; <a href=\"https:\/\/mersinekonomipolitikagazetesi.com\/?p=5538\" class=\"more-link\">Devam\u0131n\u0131 Oku&#8230;<\/a><\/p>\n","protected":false},"author":1,"featured_media":0,"comment_status":"open","ping_status":"open","sticky":false,"template":"","format":"standard","meta":[],"categories":[],"tags":[],"_links":{"self":[{"href":"https:\/\/mersinekonomipolitikagazetesi.com\/index.php?rest_route=\/wp\/v2\/posts\/5538"}],"collection":[{"href":"https:\/\/mersinekonomipolitikagazetesi.com\/index.php?rest_route=\/wp\/v2\/posts"}],"about":[{"href":"https:\/\/mersinekonomipolitikagazetesi.com\/index.php?rest_route=\/wp\/v2\/types\/post"}],"author":[{"embeddable":true,"href":"https:\/\/mersinekonomipolitikagazetesi.com\/index.php?rest_route=\/wp\/v2\/users\/1"}],"replies":[{"embeddable":true,"href":"https:\/\/mersinekonomipolitikagazetesi.com\/index.php?rest_route=%2Fwp%2Fv2%2Fcomments&post=5538"}],"version-history":[{"count":0,"href":"https:\/\/mersinekonomipolitikagazetesi.com\/index.php?rest_route=\/wp\/v2\/posts\/5538\/revisions"}],"wp:attachment":[{"href":"https:\/\/mersinekonomipolitikagazetesi.com\/index.php?rest_route=%2Fwp%2Fv2%2Fmedia&parent=5538"}],"wp:term":[{"taxonomy":"category","embeddable":true,"href":"https:\/\/mersinekonomipolitikagazetesi.com\/index.php?rest_route=%2Fwp%2Fv2%2Fcategories&post=5538"},{"taxonomy":"post_tag","embeddable":true,"href":"https:\/\/mersinekonomipolitikagazetesi.com\/index.php?rest_route=%2Fwp%2Fv2%2Ftags&post=5538"}],"curies":[{"name":"wp","href":"https:\/\/api.w.org\/{rel}","templated":true}]}}