{"id":5540,"date":"2020-11-04T18:25:57","date_gmt":"2020-11-04T15:25:57","guid":{"rendered":"http:\/\/mersinekonomipolitikagazetesi.com\/?p=5540"},"modified":"2020-11-04T18:25:57","modified_gmt":"2020-11-04T15:25:57","slug":"buyuksehir-belediyesinden-mersinlilere-kar-surprizi","status":"publish","type":"post","link":"https:\/\/mersinekonomipolitikagazetesi.com\/?p=5540","title":{"rendered":"B\u00fcy\u00fck\u015fehir Belediyesinden Mersinlilere kar s\u00fcrprizi"},"content":{"rendered":"<p>\u00a0Mersin B\u00fcy\u00fck\u015fehir Belediyesi, Mersinlilere kar s\u00fcrprizi yapt\u0131. Yol Yap\u0131m Bak\u0131m ve Onar\u0131m Dairesi Ba\u015fkanl\u0131\u011f\u0131 ekipleri, Mezitli sahilinde yer alan Galatasaray Meydan\u0131na 7 kamyon kar getirdi. Sabah y\u00fcr\u00fcy\u00fc\u015f\u00fcne \u00e7\u0131kan Mersinliler, karla kapl\u0131 meydan\u0131 g\u00f6r\u00fcnce \u015fa\u015fk\u0131nl\u0131klar\u0131n\u0131 gizleyemezken, kartopu oynad\u0131.\u00a0 \u00a0<br \/>\n\u00a0 B\u00fcy\u00fck\u015fehir Belediyesi Yol Yap\u0131m Bak\u0131m ve Onar\u0131m Dairesi ekipleri, yo\u011fun kar ya\u011f\u0131\u015f\u0131 nedeniyle vatanda\u015flar\u0131n ma\u011fduriyetini gidermek i\u00e7in Mersin genelinde yol a\u00e7ma, kurtarma ve tuzlama \u00e7al\u0131\u015fmalar\u0131 y\u00fcr\u00fct\u00fcrken, karl\u0131 b\u00f6lgelere gidemeyen Mersinlilere de s\u00fcrpriz yapt\u0131. Galatasaray Meydan\u0131na d\u00f6k\u00fclen 7 kamyon karla mutlu olan Mersinliler, karla oynaman\u0131n keyfini ya\u015fad\u0131.\u00a0\u00a0<br \/>\n\u00a0<br \/>\n\u00a0 \u201cBe\u015f y\u0131ld\u0131r kar g\u00f6rm\u00fcyorum\u201d\u00a0<\/p>\n<p>\n\u00a0 Karl\u0131 bir memleketten geldi\u011fini, ancak 5 y\u0131ld\u0131r Mersin\u2019de kar g\u00f6rmedi\u011fini ifade eden Ceren \u015eahin, \u201cKayseriliyim ama 5 y\u0131ld\u0131r hi\u00e7 kar g\u00f6rmedim. Bug\u00fcn arkada\u015f\u0131mla y\u00fcr\u00fcy\u00fc\u015f yaparken de burada karlar\u0131 g\u00f6rd\u00fck ve \u015fa\u015f\u0131rd\u0131k. Arkada\u015f\u0131mla kar oynad\u0131k. Bizim i\u00e7in g\u00fczel bir g\u00fcn oldu. Mersin B\u00fcy\u00fck\u015fehir Belediye Ba\u015fkan\u0131 Vahap Se\u00e7er\u2019e de bizi b\u00f6yle mutlu etti\u011fi i\u00e7in \u00e7ok te\u015fekk\u00fcr ediyorum\u201d dedi.\u00a0<br \/>\n\u00a0 Mersin merkezinde ya\u015fayan ve uzun s\u00fcredir kar g\u00f6rmeyen Cennet Ba\u015fp\u0131nar ise \u201cBug\u00fcn arkada\u015f\u0131mla y\u00fcr\u00fcy\u00fc\u015fe \u00e7\u0131kt\u0131\u011f\u0131m\u0131zda tesad\u00fcfen kar g\u00f6rd\u00fck. Bizim i\u00e7in ilgin\u00e7 oldu, \u00e7\u00fcnk\u00fc uzun zamand\u0131r kar g\u00f6rm\u00fcyorduk. Yukar\u0131lara gitme f\u0131rsat\u0131m\u0131z olmuyor. O y\u00fczden \u00e7ok te\u015fekk\u00fcr ederiz, e\u011flendik\u201d diye konu\u015ftu.\u00a0<br \/>\n\u00a0<br \/>\n\u00a0 \u201c\u0130\u00e7imize \u00e7ok b\u00fcy\u00fck bir co\u015fku verdi\u201d\u00a0<\/p>\n<p>\n\u00a0 Kar g\u00f6rmenin kendisine ne\u015fe getirdi\u011fini s\u00f6yleyen Ful U\u011furhan da \u201cHer sabah parkta y\u00fcr\u00fcy\u00fc\u015f yapar\u0131m, bu sabah b\u00f6yle bir s\u00fcrprizle kar\u015f\u0131la\u015ft\u0131k. Ger\u00e7ekten i\u00e7imize \u00e7ok b\u00fcy\u00fck bir co\u015fku verdi. Kar her zaman insana ne\u015fe veren bir \u015feydir. Burada y\u00fcr\u00fcy\u00fc\u015f yapan insanlar oynad\u0131lar. Bu \u00e7ok ho\u015f bir s\u00fcrpriz olmu\u015f\u201d ifadelerini kulland\u0131.\u00a0<\/p>\n","protected":false},"excerpt":{"rendered":"<p>\u00a0Mersin B\u00fcy\u00fck\u015fehir Belediyesi, Mersinlilere kar s\u00fcrprizi yapt\u0131. Yol Yap\u0131m Bak\u0131m ve Onar\u0131m Dairesi Ba\u015fkanl\u0131\u011f\u0131 ekipleri, Mezitli sahilinde yer alan Galatasaray Meydan\u0131na 7 kamyon kar getirdi. Sabah y\u00fcr\u00fcy\u00fc\u015f\u00fcne \u00e7\u0131kan Mersinliler, karla &hellip; <a href=\"https:\/\/mersinekonomipolitikagazetesi.com\/?p=5540\" class=\"more-link\">Devam\u0131n\u0131 Oku&#8230;<\/a><\/p>\n","protected":false},"author":1,"featured_media":0,"comment_status":"open","ping_status":"open","sticky":false,"template":"","format":"standard","meta":[],"categories":[],"tags":[],"_links":{"self":[{"href":"https:\/\/mersinekonomipolitikagazetesi.com\/index.php?rest_route=\/wp\/v2\/posts\/5540"}],"collection":[{"href":"https:\/\/mersinekonomipolitikagazetesi.com\/index.php?rest_route=\/wp\/v2\/posts"}],"about":[{"href":"https:\/\/mersinekonomipolitikagazetesi.com\/index.php?rest_route=\/wp\/v2\/types\/post"}],"author":[{"embeddable":true,"href":"https:\/\/mersinekonomipolitikagazetesi.com\/index.php?rest_route=\/wp\/v2\/users\/1"}],"replies":[{"embeddable":true,"href":"https:\/\/mersinekonomipolitikagazetesi.com\/index.php?rest_route=%2Fwp%2Fv2%2Fcomments&post=5540"}],"version-history":[{"count":0,"href":"https:\/\/mersinekonomipolitikagazetesi.com\/index.php?rest_route=\/wp\/v2\/posts\/5540\/revisions"}],"wp:attachment":[{"href":"https:\/\/mersinekonomipolitikagazetesi.com\/index.php?rest_route=%2Fwp%2Fv2%2Fmedia&parent=5540"}],"wp:term":[{"taxonomy":"category","embeddable":true,"href":"https:\/\/mersinekonomipolitikagazetesi.com\/index.php?rest_route=%2Fwp%2Fv2%2Fcategories&post=5540"},{"taxonomy":"post_tag","embeddable":true,"href":"https:\/\/mersinekonomipolitikagazetesi.com\/index.php?rest_route=%2Fwp%2Fv2%2Ftags&post=5540"}],"curies":[{"name":"wp","href":"https:\/\/api.w.org\/{rel}","templated":true}]}}