{"id":5541,"date":"2020-11-04T18:25:57","date_gmt":"2020-11-04T15:25:57","guid":{"rendered":"http:\/\/mersinekonomipolitikagazetesi.com\/?p=5541"},"modified":"2020-11-04T18:25:57","modified_gmt":"2020-11-04T15:25:57","slug":"mersin-buyuksehir-belediyesi-ile-mersin-universitesi-arasinda-imzalar-atildi","status":"publish","type":"post","link":"https:\/\/mersinekonomipolitikagazetesi.com\/?p=5541","title":{"rendered":"Mersin B\u00fcy\u00fck\u015fehir Belediyesi ile Mersin \u00dcniversitesi aras\u0131nda imzalar at\u0131ld\u0131"},"content":{"rendered":"<p>Mersin B\u00fcy\u00fck\u015fehir Belediyesi ile Mersin \u00dcniversitesi (ME\u00dc) aras\u0131nda iki i\u015fbirli\u011fi protokol\u00fc imzaland\u0131. Mersin B\u00fcy\u00fck\u015fehir Belediye Ba\u015fkan\u0131 Vahap Se\u00e7er ile Mersin \u00dcniversitesi Rekt\u00f6r\u00fc Prof. Dr. Ahmet \u00c7amsar\u0131\u2019n\u0131n imzalad\u0131\u011f\u0131 protokoller, G\u00fclnar \u00d6\u011frenci Yurdu ile eski Mersin \u00dcniversitesi Hastanesi binas\u0131n\u0131 kaps\u0131yor.\u00a0<br \/>\n\u00a0 B\u00fcy\u00fck\u015fehir Belediye Meclisinin son birle\u015fiminde, \u00fcniversite \u00f6\u011frencileri ile di\u011fer \u00f6\u011frencilerin bar\u0131nma ihtiya\u00e7lar\u0131n\u0131n kar\u015f\u0131lanmas\u0131 ve sosyal destek sunulmas\u0131 amac\u0131yla B\u00fcy\u00fck\u015fehir Belediyesinin G\u00fclnar il\u00e7esinde a\u00e7aca\u011f\u0131 yurt ile merkez Akdeniz il\u00e7esinde yer alan ME\u00dc eski T\u0131p Fak\u00fcltesi acil binas\u0131nda sa\u011fl\u0131k, sosyal ve k\u00fclt\u00fcrel alanlarda hizmet verilmesi ad\u0131na ME\u00dc ile protokol imzalanmas\u0131na y\u00f6nelik madde oy birli\u011fiyle kabul edilmi\u015fti.\u00a0<br \/>\n\u00a0 Bu \u00e7er\u00e7evede, B\u00fcy\u00fck\u015fehir Belediye Ba\u015fkan\u0131 Se\u00e7er ile ME\u00dc Rekt\u00f6r\u00fc Prof. Dr. \u00c7amsar\u0131, kentteki \u00f6\u011frencilerin bar\u0131nma ihtiyac\u0131na y\u00f6nelik problemlerin ortadan kald\u0131r\u0131lmas\u0131n\u0131 ama\u00e7layan iki \u00f6nemli i\u015fbirli\u011fi protokol\u00fc imzalad\u0131. B\u00fcy\u00fck\u015fehir Belediye Meclisinde kabul edilen iki farkl\u0131 konudaki i\u015fbirli\u011fi protokol\u00fcn\u00fcn imza t\u00f6reni, ME\u00dc Konukevi\u2019nde ger\u00e7ekle\u015ftirildi.\u00a0<br \/>\n\u00a0<br \/>\n\u00a0 \u201cBug\u00fcn Mersin i\u00e7in \u00f6nemli bir ad\u0131m ataca\u011f\u0131z\u201d\u00a0<br \/>\n\u00a0 \u0130mza t\u00f6reninde konu\u015fan Ba\u015fkan Se\u00e7er, \u201cBug\u00fcn Mersin i\u00e7in \u00f6nemli bir ad\u0131m at\u0131yoruz. \u00dcniversitemizin G\u00fclnar\u2019da mevcut yurdu ve eski Mersin \u00dcniversitesi Hastanesi ile ilgili aram\u0131zda bir protokol yaparak, bundan sonraki s\u00fcre\u00e7te bu binalar\u0131n konu\u015ftu\u011fumuz \u015fartlara uygun bir \u015fekilde kullan\u0131m\u0131n\u0131n art\u0131k B\u00fcy\u00fck\u015fehir Belediyesi taraf\u0131ndan yap\u0131laca\u011f\u0131 bir s\u00f6zle\u015fmeyi imza alt\u0131na alaca\u011f\u0131z. G\u00fclnar\u2019da mevcut yurdumuzda art\u0131k sadece \u00fcniversite \u00f6\u011frencilerini de\u011fil, o b\u00f6lgede, \u00f6zellikle G\u00fclnar\u2019\u0131n k\u0131rsal mahallelerinde e\u011fitim g\u00f6ren lise d\u00fczeyindeki, kalacak yer sorunu ya da bar\u0131nma sorunu olan \u00f6\u011frencilerimizi de misafir edece\u011fiz. O b\u00f6lgeler i\u00e7in e\u011fitimin ne kadar \u00f6nemli oldu\u011funu hepimiz biliyoruz. Biz de belediye olarak \u00fcniversitemiz ile beraber b\u00f6yle g\u00fczel ve hay\u0131rl\u0131 i\u015fin alt\u0131na imza atmaktan ger\u00e7ekten son derece mutluyuz. E\u011fitim olunca di\u011fer b\u00fct\u00fcn konular teferruat kal\u0131yor\u201d dedi.\u00a0<br \/>\n\u00a0 Eski Mersin \u00dcniversitesi Hastanesi yerle\u015fkesindeki binalar hakk\u0131nda da bilgi veren Ba\u015fkan Se\u00e7er, \u201c\u00c7ok farkl\u0131 de\u011ferlendirmeler yapabilece\u011fiz orada. Meslek Edindirme Merkezi, kre\u015f gibi bir\u00e7ok hizmet alan\u0131 olu\u015fturabilece\u011fiz. Ortak ama\u00e7, Mersin\u2019e ve Mersin halk\u0131na hizmet. Rekt\u00f6r Ahmet \u00c7amsar\u0131\u2019n\u0131n nezdinde t\u00fcm \u00fcniversite y\u00f6netimine, bu s\u00fcre\u00e7te sa\u011flad\u0131klar\u0131 katk\u0131dan, bizlere g\u00f6sterdikleri yak\u0131nl\u0131ktan dolay\u0131 \u00e7ok te\u015fekk\u00fcr ediyorum. Umut ediyorum kurumlar aras\u0131 bu i\u015fbirli\u011fimiz, Mersin\u2019deki di\u011fer kurumlara da iyi bir \u00f6rnek te\u015fkil eder ve Mersin\u2019in arzu etti\u011fimiz noktalara bir an \u00f6nce gelmesi i\u00e7in ortaya koydu\u011fumuz \u00e7abalar daha da bir ivme kazan\u0131r\u201d diye konu\u015ftu.\u00a0<br \/>\n\u00a0<br \/>\n\u00a0 \u201cS\u00f6z konusu \u00f6\u011frenciler olunca biz \u00e7ok heyecanlan\u0131yoruz\u201d\u00a0<br \/>\n\u00a0 Rekt\u00f6r \u00c7amsar\u0131 ise \u201cS\u00f6z konusu \u00f6\u011frenciler olunca, e\u011fitim olunca biz \u00e7ok heyecanlan\u0131yoruz. \u00c7\u00fcnk\u00fc \u00f6\u011frencilerin burada kolay okumad\u0131\u011f\u0131n\u0131 biliyoruz. \u00d6\u011frencilerin \u00f6zellikle bar\u0131nma, yol, burs ve har\u00e7l\u0131klar\u0131 ile ilgili 3 sorunu \u00e7\u00f6zd\u00fc\u011f\u00fcm\u00fczde asl\u0131nda bu b\u00f6lgede, bu \u00fcniversitede ve belki de T\u00fcrkiye\u2019de hi\u00e7bir sorunlar\u0131 kalmayacak. Bu duyarl\u0131l\u0131k i\u00e7in de ben te\u015fekk\u00fcr ediyorum\u201d ifadelerini kulland\u0131.\u00a0<br \/>\n\u00a0 Protokol kapsam\u0131nda B\u00fcy\u00fck\u015fehir Belediyesine tahsisi yap\u0131lan alanlar hakk\u0131nda bilgiler veren \u00c7amsar\u0131, \u201cSizin bu teklifiniz gelince ger\u00e7ekten mutlu olduk. \u015eu an bizim imkanlar\u0131m\u0131z oray\u0131 yapmaya \u00e7ok el vermiyordu. Merkezde bizim 30 bini a\u015fk\u0131n \u00f6\u011frencimiz var ve sadece burada 4 bin 500 ki\u015filik yurt imkan\u0131m\u0131z var. Bu bar\u0131nma sorununa bir nebze katk\u0131 sunabilirsek bizim a\u00e7\u0131m\u0131zdan bir fayda, bir kazan\u00e7 olacak. Kurum i\u015fbirli\u011fini biz ba\u015ftan beri diyoruz. Bu konuda sizlerin de gayretini \u00fcniversite olarak takdir ediyoruz. Mersin\u2019in hak etti\u011fi hizmeti tek bir kurumun yapmas\u0131 m\u00fcmk\u00fcn de\u011fil. Mutlaka i\u015fbirli\u011fi yapmak laz\u0131m\u201d diye konu\u015ftu.\u00a0<br \/>\n\u00a0 Konu\u015fmalar\u0131n ard\u0131ndan yap\u0131lan i\u015fbirli\u011finin kente ve e\u011fitim alan\u0131na hay\u0131rl\u0131 olmas\u0131 temennileri ile imzalar at\u0131ld\u0131.\u00a0<br \/>\n\u00a0<br \/>\n\u00a0 Ba\u015fkan Se\u00e7er, K\u00fclt\u00fcr Merkezi in\u015faat\u0131n\u0131 inceledi\u00a0<br \/>\n\u00a0 Protokol t\u00f6reninin ard\u0131ndan \u00fcniversite kampusu i\u00e7erisinde y\u00fcr\u00fct\u00fclen in\u015faat ve tesis \u00e7al\u0131\u015fmalar\u0131n\u0131 Rekt\u00f6r Prof. Dr. \u00c7amsar\u0131 e\u015fli\u011finde inceleyen Ba\u015fkan Se\u00e7er, \u00fcniversite i\u00e7erisinde in\u015faat\u0131 devam eden Akdeniz K\u00fclt\u00fcr Merkezi ile hizmetlerine devam eden Gen\u00e7 Giri\u015fimci Merkezini gezerek, bu merkezler hakk\u0131nda bilgi ald\u0131.<\/p>\n","protected":false},"excerpt":{"rendered":"<p>Mersin B\u00fcy\u00fck\u015fehir Belediyesi ile Mersin \u00dcniversitesi (ME\u00dc) aras\u0131nda iki i\u015fbirli\u011fi protokol\u00fc imzaland\u0131. Mersin B\u00fcy\u00fck\u015fehir Belediye Ba\u015fkan\u0131 Vahap Se\u00e7er ile Mersin \u00dcniversitesi Rekt\u00f6r\u00fc Prof. Dr. Ahmet \u00c7amsar\u0131\u2019n\u0131n imzalad\u0131\u011f\u0131 protokoller, G\u00fclnar \u00d6\u011frenci &hellip; <a href=\"https:\/\/mersinekonomipolitikagazetesi.com\/?p=5541\" class=\"more-link\">Devam\u0131n\u0131 Oku&#8230;<\/a><\/p>\n","protected":false},"author":1,"featured_media":0,"comment_status":"open","ping_status":"open","sticky":false,"template":"","format":"standard","meta":[],"categories":[],"tags":[],"_links":{"self":[{"href":"https:\/\/mersinekonomipolitikagazetesi.com\/index.php?rest_route=\/wp\/v2\/posts\/5541"}],"collection":[{"href":"https:\/\/mersinekonomipolitikagazetesi.com\/index.php?rest_route=\/wp\/v2\/posts"}],"about":[{"href":"https:\/\/mersinekonomipolitikagazetesi.com\/index.php?rest_route=\/wp\/v2\/types\/post"}],"author":[{"embeddable":true,"href":"https:\/\/mersinekonomipolitikagazetesi.com\/index.php?rest_route=\/wp\/v2\/users\/1"}],"replies":[{"embeddable":true,"href":"https:\/\/mersinekonomipolitikagazetesi.com\/index.php?rest_route=%2Fwp%2Fv2%2Fcomments&post=5541"}],"version-history":[{"count":0,"href":"https:\/\/mersinekonomipolitikagazetesi.com\/index.php?rest_route=\/wp\/v2\/posts\/5541\/revisions"}],"wp:attachment":[{"href":"https:\/\/mersinekonomipolitikagazetesi.com\/index.php?rest_route=%2Fwp%2Fv2%2Fmedia&parent=5541"}],"wp:term":[{"taxonomy":"category","embeddable":true,"href":"https:\/\/mersinekonomipolitikagazetesi.com\/index.php?rest_route=%2Fwp%2Fv2%2Fcategories&post=5541"},{"taxonomy":"post_tag","embeddable":true,"href":"https:\/\/mersinekonomipolitikagazetesi.com\/index.php?rest_route=%2Fwp%2Fv2%2Ftags&post=5541"}],"curies":[{"name":"wp","href":"https:\/\/api.w.org\/{rel}","templated":true}]}}