{"id":5542,"date":"2020-11-04T18:25:57","date_gmt":"2020-11-04T15:25:57","guid":{"rendered":"http:\/\/mersinekonomipolitikagazetesi.com\/?p=5542"},"modified":"2020-11-04T18:25:57","modified_gmt":"2020-11-04T15:25:57","slug":"gultaktan-mujde-bakan-kurum-1-5000lik-plani-onayladi","status":"publish","type":"post","link":"https:\/\/mersinekonomipolitikagazetesi.com\/?p=5542","title":{"rendered":"G\u00fcltak\u2019tan m\u00fcjde: \u201cBakan Kurum, 1\/5000\u2019lik plan\u0131 onaylad\u0131\u201d"},"content":{"rendered":"<p>\u00a0Akdeniz Belediye Ba\u015fkan\u0131 Muhammet Mustafa G\u00fcltak, \u00c7evre ve \u015eehircilik Bakan\u0131 Murat Kurum\u2019un, y\u0131llard\u0131r kentin \u00f6n\u00fcn\u00fc t\u0131kayan 1\/5000 \u00f6l\u00e7ekli naz\u0131m imar plan\u0131n\u0131 onaylad\u0131\u011f\u0131 m\u00fcjdesini verdi.\u00a0<br \/>\n\u00a0 Akdeniz Belediyesinden yap\u0131lan a\u00e7\u0131klamaya g\u00f6re, bir dizi ziyaret ve temaslarda bulunmak \u00fczere Ankara\u2019ya giden Ba\u015fkan G\u00fcltak, ziyaret etti\u011fi \u00c7evre ve \u015eehircilik Bakan\u0131 Murat Kurum ile Mersin\u2019in y\u0131llard\u0131r \u00e7\u00f6z\u00fclemeyen ve adeta kilitlenen imar plan\u0131n\u0131 da g\u00f6r\u00fc\u015ft\u00fc. G\u00f6r\u00fc\u015fme sonucu Ba\u015fkan G\u00fcltak, Mersinlilere kentin 1\/5000 \u00f6l\u00e7ekli naz\u0131m imar plan\u0131n\u0131n, Bakan Kurum taraf\u0131ndan onayland\u0131\u011f\u0131 m\u00fcjdesini verdi. G\u00fcltak, plan\u0131n \u00f6n\u00fcm\u00fczdeki g\u00fcnlerde Tar\u0131m ve Orman Bakanl\u0131\u011f\u0131n\u0131n onay\u0131na sunulaca\u011f\u0131n\u0131 belirtti.\u00a0\u00a0<br \/>\n\u00a0 Desteklerinden \u00f6t\u00fcr\u00fc \u00c7evre ve \u015eehircilik Bakan\u0131 Murat Kurum, TBMM Plan ve B\u00fct\u00e7e Komisyonu Ba\u015fkan\u0131 L\u00fctfi Elvan ve milletvekillerine te\u015fekk\u00fcr eden G\u00fcltak, planla ilgili geli\u015fmeleri sosyal medya hesab\u0131ndan \u201cMersin\u2019e M\u00fcjde\u201d ba\u015fl\u0131\u011f\u0131yla payla\u015ft\u0131. G\u00fcltak, payla\u015f\u0131m\u0131nda \u015fu ifadelere yer verdi:\u00a0<br \/>\n\u201cMersin\u2019in 1\/5000\u2019lik imar\u0131n\u0131n ilk a\u015famas\u0131 \u00e7\u00f6z\u00fcld\u00fc. Mersin B\u00fcy\u00fck\u015fehir Belediyesinin 2. etap 1\/5000\u2019lik imar\u0131yla ilgili onay yaz\u0131s\u0131, kamu yarar\u0131 do\u011frultusunda \u00c7evre ve \u015eehircilik Bakan\u0131m\u0131z Murat Kurum taraf\u0131ndan az \u00f6nce onayland\u0131. Bundan sonraki a\u015fama, Tar\u0131m ve Orman Bakanl\u0131\u011f\u0131n\u0131n yine kamu yarar\u0131 do\u011frultusunda h\u0131zla 1\/5000\u2019lik naz\u0131m imar plan\u0131n\u0131 onaylamas\u0131 olacak. Buradaki yaz\u0131\u015fma trafi\u011fi de \u015fu \u015fekilde ger\u00e7ekle\u015fecek: \u00c7evre ve \u015eehircilik Bakanl\u0131\u011f\u0131\u2019n\u0131n 1\/5000\u2019lik onay yaz\u0131s\u0131 Mersin B\u00fcy\u00fck\u015fehir Belediyesine ula\u015ft\u0131ktan sonra B\u00fcy\u00fck\u015fehir Belediyesi de ayn\u0131 onay talebini il Tar\u0131m ve Orman M\u00fcd\u00fcrl\u00fc\u011f\u00fcne iletecek. Tar\u0131m ve Orman il M\u00fcd\u00fcrl\u00fc\u011f\u00fcnden de Valilik kanal\u0131yla Tar\u0131m ve Orman Bakanl\u0131\u011f\u0131na yaz\u0131ld\u0131ktan sonra plan\u0131n onay\u0131yla ilgili takibimiz devam edecek.\u201d\u00a0\u00a0<br \/>\n\u00a0<br \/>\n\u00a0 \u201cBu i\u015f olmaz diyenleri bo\u015fa \u00e7\u0131kard\u0131k\u201d\u00a0<\/p>\n<p>\n\u00a0 A\u00e7\u0131klamas\u0131n\u0131; \u201cBu karar\u0131n da h\u0131zl\u0131 bir \u015fekilde onaylanmas\u0131n\u0131 sa\u011flayarak; bug\u00fcne kadar \u2018bu i\u015fler olmaz, bitmez\u2019 \u015feklindeki ifadeleri bo\u015fa \u00e7\u0131kartarak, Mersin\u2019e verdi\u011fimiz s\u00f6zleri tek tek tutmaya devam ediyoruz\u201d \u015feklinde s\u00fcrd\u00fcren Ba\u015fkan G\u00fcltak, \u201cY\u0131llard\u0131r beklenen Mersin\u2019in 1\/5000\u2019lik plan\u0131n\u0131n \u00e7\u0131kmas\u0131 ve kentin imar sorununun \u00e7\u00f6z\u00fclmesi y\u00f6n\u00fcndeki katk\u0131 ve destekleri nedeniyle ba\u015fta \u00c7evre ve \u015eehircilik Bakan\u0131m\u0131z Murat Kurum olmak \u00fczere, \u00e7ok de\u011ferli TBMM Plan ve B\u00fct\u00e7e Komisyonu Ba\u015fkan\u0131m\u0131z L\u00fctfi Elvan Bakan\u0131m\u0131za ve Milletvekillerimize te\u015fekk\u00fcr ediyoruz\u201d ifadelerini kulland\u0131.\u00a0<\/p>\n","protected":false},"excerpt":{"rendered":"<p>\u00a0Akdeniz Belediye Ba\u015fkan\u0131 Muhammet Mustafa G\u00fcltak, \u00c7evre ve \u015eehircilik Bakan\u0131 Murat Kurum\u2019un, y\u0131llard\u0131r kentin \u00f6n\u00fcn\u00fc t\u0131kayan 1\/5000 \u00f6l\u00e7ekli naz\u0131m imar plan\u0131n\u0131 onaylad\u0131\u011f\u0131 m\u00fcjdesini verdi.\u00a0 \u00a0 Akdeniz Belediyesinden yap\u0131lan a\u00e7\u0131klamaya g\u00f6re, &hellip; <a href=\"https:\/\/mersinekonomipolitikagazetesi.com\/?p=5542\" class=\"more-link\">Devam\u0131n\u0131 Oku&#8230;<\/a><\/p>\n","protected":false},"author":1,"featured_media":0,"comment_status":"open","ping_status":"open","sticky":false,"template":"","format":"standard","meta":[],"categories":[],"tags":[],"_links":{"self":[{"href":"https:\/\/mersinekonomipolitikagazetesi.com\/index.php?rest_route=\/wp\/v2\/posts\/5542"}],"collection":[{"href":"https:\/\/mersinekonomipolitikagazetesi.com\/index.php?rest_route=\/wp\/v2\/posts"}],"about":[{"href":"https:\/\/mersinekonomipolitikagazetesi.com\/index.php?rest_route=\/wp\/v2\/types\/post"}],"author":[{"embeddable":true,"href":"https:\/\/mersinekonomipolitikagazetesi.com\/index.php?rest_route=\/wp\/v2\/users\/1"}],"replies":[{"embeddable":true,"href":"https:\/\/mersinekonomipolitikagazetesi.com\/index.php?rest_route=%2Fwp%2Fv2%2Fcomments&post=5542"}],"version-history":[{"count":0,"href":"https:\/\/mersinekonomipolitikagazetesi.com\/index.php?rest_route=\/wp\/v2\/posts\/5542\/revisions"}],"wp:attachment":[{"href":"https:\/\/mersinekonomipolitikagazetesi.com\/index.php?rest_route=%2Fwp%2Fv2%2Fmedia&parent=5542"}],"wp:term":[{"taxonomy":"category","embeddable":true,"href":"https:\/\/mersinekonomipolitikagazetesi.com\/index.php?rest_route=%2Fwp%2Fv2%2Fcategories&post=5542"},{"taxonomy":"post_tag","embeddable":true,"href":"https:\/\/mersinekonomipolitikagazetesi.com\/index.php?rest_route=%2Fwp%2Fv2%2Ftags&post=5542"}],"curies":[{"name":"wp","href":"https:\/\/api.w.org\/{rel}","templated":true}]}}