{"id":5543,"date":"2020-11-04T18:25:57","date_gmt":"2020-11-04T15:25:57","guid":{"rendered":"http:\/\/mersinekonomipolitikagazetesi.com\/?p=5543"},"modified":"2020-11-04T18:25:57","modified_gmt":"2020-11-04T15:25:57","slug":"yesilbogaz-saldirganin-en-agir-sekilde-cezalandirilmasini-istiyoruz","status":"publish","type":"post","link":"https:\/\/mersinekonomipolitikagazetesi.com\/?p=5543","title":{"rendered":"Ye\u015filbo\u011faz: \u201cSald\u0131rgan\u0131n en a\u011f\u0131r \u015fekilde cezaland\u0131r\u0131lmas\u0131n\u0131 istiyoruz\u201d"},"content":{"rendered":"<p>\u00a0Mersin\u2019in Erdemli il\u00e7esinde, Haziran 2019\u2019da g\u00f6revini yapt\u0131\u011f\u0131 s\u0131rada b\u0131\u00e7akl\u0131 sald\u0131r\u0131ya u\u011frayarak a\u011f\u0131r yaralanan Av. Muhte\u015fem Tekinturhan ile ilgili davan\u0131n ilk duru\u015fmas\u0131 g\u00f6r\u00fcld\u00fc. Davaya m\u00fcdahil olan Mersin Barosu Ba\u015fkan\u0131 Bilgin Ye\u015filbo\u011faz, sald\u0131rgan\u0131n en a\u011f\u0131r \u015fekilde cezaland\u0131r\u0131lmas\u0131n\u0131 talep etti.\u00a0<br \/>\n\u00a0 Erdemli\u2019de g\u00f6revini yapt\u0131\u011f\u0131 s\u0131rada 24 Haziran 2019 tarihinde b\u0131\u00e7akl\u0131 sald\u0131r\u0131ya u\u011frayan Av. Muhte\u015fem Tekinturhan ile ilgili davan\u0131n ilk duru\u015fmas\u0131 Erdemli 4. Asliye Ceza Mahkemesinde g\u00f6r\u00fcld\u00fc. Sald\u0131rgan E.A.\u2019n\u0131n tutuklu olarak yarg\u0131land\u0131\u011f\u0131 davan\u0131n karar duru\u015fmas\u0131 13 \u015eubat 2020 tarihine ertelendi.\u00a0<br \/>\n\u00a0 Erdemli Belediyesi nikah salonunda \u0130cra M\u00fcd\u00fcrl\u00fc\u011f\u00fcnce sat\u0131\u015fa \u00e7\u0131kar\u0131lan dairenin i\u015flemlerini takip eden Mersin Barosuna kay\u0131tl\u0131 Av. Tekinturhan ile ev sahibinin a\u011fabeyi E.A aras\u0131nda \u00e7\u0131kan tart\u0131\u015fma sonras\u0131nda E.A., yan\u0131nda ta\u015f\u0131d\u0131\u011f\u0131 b\u0131\u00e7a\u011f\u0131 Av. Tekinturhan\u2019\u0131n g\u00f6\u011fs\u00fcne saplayarak a\u011f\u0131r yaralanmas\u0131na sebep olmu\u015f ve tutuklanm\u0131\u015ft\u0131.\u00a0\u00a0<br \/>\n\u00a0 Erdemli 4. Asliye Ceza Mahkemesinde yap\u0131lan duru\u015fmaya Mersin Barosu Ba\u015fkan\u0131 Ye\u015filbo\u011faz, Y\u00f6netim Kurulu \u00dcyesi ve Erdemli il\u00e7e temsilcisi Fahrettin G\u00fcrsoy, Avukat Haklar\u0131 Merkezi Ba\u015fkan\u0131 El\u00e7in \u00d6zkan Yi\u011fit, merkez \u00fcyesi avukatlar Levent Demir, Alper \u015eahino\u011flu ve Merve A\u015fan ile birlikte m\u00fcdahil olarak kat\u0131ld\u0131. Ye\u015filbo\u011faz ve Avukat Haklar\u0131 Merkezinde g\u00f6rev alan avukatlar, \u015f\u00fcpheli hakk\u0131nda kasten \u00f6ld\u00fcrmeye te\u015febb\u00fcs, yarg\u0131 mensubuna sald\u0131r\u0131, g\u00f6revi yapt\u0131rmama ve adalete sald\u0131r\u0131 nedeniyle gereken cezan\u0131n verilmesini talep etti. Karar duru\u015fmas\u0131 13 \u015eubat 2020 tarihine ertelendi.\u00a0<br \/>\n\u00a0 Duru\u015fma sonras\u0131nda a\u00e7\u0131klama yapan Baro Ba\u015fkan\u0131 Ye\u015filbo\u011faz, avukata at\u0131lan yumru\u011fun, saplanan b\u0131\u00e7a\u011f\u0131n, s\u0131k\u0131lan her kur\u015funun, adaleti ve ba\u011f\u0131ms\u0131z yarg\u0131y\u0131 hedef ald\u0131\u011f\u0131n\u0131 s\u00f6yledi. Ye\u015filbo\u011faz, \u201cKimden gelirse gelsin, avukatlara yap\u0131lan sald\u0131r\u0131lara kar\u015f\u0131 asla boyun e\u011fmeyece\u011fiz, sessiz kalmayaca\u011f\u0131z. Avukatl\u0131k Kanununun 57. maddesi a\u00e7\u0131kt\u0131r; \u2018G\u00f6rev s\u0131ras\u0131nda veya yapt\u0131\u011f\u0131 g\u00f6revden dolay\u0131 avukata kar\u015f\u0131 i\u015flenen su\u00e7lar hakk\u0131nda, bu su\u00e7lar\u0131n hakimlere kar\u015f\u0131 i\u015flenmesine ili\u015fkin h\u00fck\u00fcmler uygulan\u0131r\u2019 denmektedir. Sald\u0131rgan\u0131n \u00f6ncelikle 1136 say\u0131l\u0131 Avukatl\u0131k Kanununun 57. maddesi dikkate al\u0131narak en a\u011f\u0131r \u015fekilde cezaland\u0131r\u0131lmas\u0131n\u0131 istiyoruz. Yarg\u0131lama s\u00fcreci boyunca da Mersin Barosu olarak s\u00fcrecin s\u0131k\u0131 takip\u00e7isi olaca\u011f\u0131z\u201d dedi.\u00a0<\/p>\n","protected":false},"excerpt":{"rendered":"<p>\u00a0Mersin\u2019in Erdemli il\u00e7esinde, Haziran 2019\u2019da g\u00f6revini yapt\u0131\u011f\u0131 s\u0131rada b\u0131\u00e7akl\u0131 sald\u0131r\u0131ya u\u011frayarak a\u011f\u0131r yaralanan Av. Muhte\u015fem Tekinturhan ile ilgili davan\u0131n ilk duru\u015fmas\u0131 g\u00f6r\u00fcld\u00fc. Davaya m\u00fcdahil olan Mersin Barosu Ba\u015fkan\u0131 Bilgin Ye\u015filbo\u011faz, &hellip; <a href=\"https:\/\/mersinekonomipolitikagazetesi.com\/?p=5543\" class=\"more-link\">Devam\u0131n\u0131 Oku&#8230;<\/a><\/p>\n","protected":false},"author":1,"featured_media":0,"comment_status":"open","ping_status":"open","sticky":false,"template":"","format":"standard","meta":[],"categories":[],"tags":[],"_links":{"self":[{"href":"https:\/\/mersinekonomipolitikagazetesi.com\/index.php?rest_route=\/wp\/v2\/posts\/5543"}],"collection":[{"href":"https:\/\/mersinekonomipolitikagazetesi.com\/index.php?rest_route=\/wp\/v2\/posts"}],"about":[{"href":"https:\/\/mersinekonomipolitikagazetesi.com\/index.php?rest_route=\/wp\/v2\/types\/post"}],"author":[{"embeddable":true,"href":"https:\/\/mersinekonomipolitikagazetesi.com\/index.php?rest_route=\/wp\/v2\/users\/1"}],"replies":[{"embeddable":true,"href":"https:\/\/mersinekonomipolitikagazetesi.com\/index.php?rest_route=%2Fwp%2Fv2%2Fcomments&post=5543"}],"version-history":[{"count":0,"href":"https:\/\/mersinekonomipolitikagazetesi.com\/index.php?rest_route=\/wp\/v2\/posts\/5543\/revisions"}],"wp:attachment":[{"href":"https:\/\/mersinekonomipolitikagazetesi.com\/index.php?rest_route=%2Fwp%2Fv2%2Fmedia&parent=5543"}],"wp:term":[{"taxonomy":"category","embeddable":true,"href":"https:\/\/mersinekonomipolitikagazetesi.com\/index.php?rest_route=%2Fwp%2Fv2%2Fcategories&post=5543"},{"taxonomy":"post_tag","embeddable":true,"href":"https:\/\/mersinekonomipolitikagazetesi.com\/index.php?rest_route=%2Fwp%2Fv2%2Ftags&post=5543"}],"curies":[{"name":"wp","href":"https:\/\/api.w.org\/{rel}","templated":true}]}}