{"id":5551,"date":"2020-11-04T18:25:59","date_gmt":"2020-11-04T15:25:59","guid":{"rendered":"http:\/\/mersinekonomipolitikagazetesi.com\/?p=5551"},"modified":"2020-11-04T18:25:59","modified_gmt":"2020-11-04T15:25:59","slug":"denizde-cesedine-ulasilan-bekci-topraga-verildi","status":"publish","type":"post","link":"https:\/\/mersinekonomipolitikagazetesi.com\/?p=5551","title":{"rendered":"Denizde cesedine ula\u015f\u0131lan bek\u00e7i topra\u011fa verildi"},"content":{"rendered":"<p>Mersin&#8217;in Tarsus il\u00e7esinde, 11 Ocak tarihinde kay\u0131kla denize a\u00e7\u0131ld\u0131ktan sonra kaybolan ve d\u00fcn cesedine ula\u015f\u0131lan bek\u00e7i \u00d6mer \u00d6zer (32), son yolculu\u011funa u\u011furland\u0131.\u00a0 \u00a0<br \/>\n\u00a0 Tarsus Emniyet M\u00fcd\u00fcrl\u00fc\u011f\u00fc kadrosunda mahalle bek\u00e7isi olarak g\u00f6rev yapan \u00d6zer i\u00e7in Bah\u015fi\u015f Camii&#8217;nde t\u00f6ren d\u00fczenlendi. T\u00f6rene \u00d6mer \u00d6zer&#8217;in annesi Naime ve babas\u0131 Sami \u00d6zer ile yak\u0131nlar\u0131, il\u00e7e protokol\u00fc, mesai arkada\u015flar\u0131 ve \u00e7ok say\u0131da vatanda\u015f kat\u0131ld\u0131.\u00a0<br \/>\n\u00a0 \u0130l\u00e7e M\u00fcft\u00fcs\u00fc Ali Can&#8217;\u0131n k\u0131ld\u0131rd\u0131\u011f\u0131 cenaze namaz\u0131n\u0131n ard\u0131ndan \u00d6zer&#8217;in cenazesi, bir s\u00fcre meslekta\u015flar\u0131n\u0131n omuzlar\u0131nda ta\u015f\u0131nd\u0131ktan sonra Bah\u015fi\u015f Mahallesi Mezarl\u0131\u011f\u0131&#8217;nda topra\u011fa verildi.\u00a0<br \/>\n\u00a0 \u00d6mer \u00d6zer, bek\u00e7i arkada\u015f\u0131 Oktay Avc\u0131 ile birlikte 11 Ocak tarihinde Kulak Mahallesi&#8217;nden bal\u0131k tutmak i\u00e7in kay\u0131kla denize a\u00e7\u0131lm\u0131\u015f, kaybolduktan 5 g\u00fcn sonra da cans\u0131z bedenine ula\u015f\u0131lm\u0131\u015ft\u0131. Kay\u0131p di\u011fer bek\u00e7i Oktay Avc\u0131&#8217;n\u0131n (32) bulunmas\u0131 i\u00e7in ise \u00e7al\u0131\u015fmalar s\u00fcr\u00fcyor.\u00a0<\/p>\n","protected":false},"excerpt":{"rendered":"<p>Mersin&#8217;in Tarsus il\u00e7esinde, 11 Ocak tarihinde kay\u0131kla denize a\u00e7\u0131ld\u0131ktan sonra kaybolan ve d\u00fcn cesedine ula\u015f\u0131lan bek\u00e7i \u00d6mer \u00d6zer (32), son yolculu\u011funa u\u011furland\u0131.\u00a0 \u00a0 \u00a0 Tarsus Emniyet M\u00fcd\u00fcrl\u00fc\u011f\u00fc kadrosunda mahalle bek\u00e7isi &hellip; <a href=\"https:\/\/mersinekonomipolitikagazetesi.com\/?p=5551\" class=\"more-link\">Devam\u0131n\u0131 Oku&#8230;<\/a><\/p>\n","protected":false},"author":1,"featured_media":0,"comment_status":"open","ping_status":"open","sticky":false,"template":"","format":"standard","meta":[],"categories":[],"tags":[],"_links":{"self":[{"href":"https:\/\/mersinekonomipolitikagazetesi.com\/index.php?rest_route=\/wp\/v2\/posts\/5551"}],"collection":[{"href":"https:\/\/mersinekonomipolitikagazetesi.com\/index.php?rest_route=\/wp\/v2\/posts"}],"about":[{"href":"https:\/\/mersinekonomipolitikagazetesi.com\/index.php?rest_route=\/wp\/v2\/types\/post"}],"author":[{"embeddable":true,"href":"https:\/\/mersinekonomipolitikagazetesi.com\/index.php?rest_route=\/wp\/v2\/users\/1"}],"replies":[{"embeddable":true,"href":"https:\/\/mersinekonomipolitikagazetesi.com\/index.php?rest_route=%2Fwp%2Fv2%2Fcomments&post=5551"}],"version-history":[{"count":0,"href":"https:\/\/mersinekonomipolitikagazetesi.com\/index.php?rest_route=\/wp\/v2\/posts\/5551\/revisions"}],"wp:attachment":[{"href":"https:\/\/mersinekonomipolitikagazetesi.com\/index.php?rest_route=%2Fwp%2Fv2%2Fmedia&parent=5551"}],"wp:term":[{"taxonomy":"category","embeddable":true,"href":"https:\/\/mersinekonomipolitikagazetesi.com\/index.php?rest_route=%2Fwp%2Fv2%2Fcategories&post=5551"},{"taxonomy":"post_tag","embeddable":true,"href":"https:\/\/mersinekonomipolitikagazetesi.com\/index.php?rest_route=%2Fwp%2Fv2%2Ftags&post=5551"}],"curies":[{"name":"wp","href":"https:\/\/api.w.org\/{rel}","templated":true}]}}