{"id":5555,"date":"2020-11-04T18:25:59","date_gmt":"2020-11-04T15:25:59","guid":{"rendered":"http:\/\/mersinekonomipolitikagazetesi.com\/?p=5555"},"modified":"2020-11-04T18:25:59","modified_gmt":"2020-11-04T15:25:59","slug":"pervin-ogretmen-ogrencileri-unutmadi","status":"publish","type":"post","link":"https:\/\/mersinekonomipolitikagazetesi.com\/?p=5555","title":{"rendered":"PERV\u0130N \u00d6\u011eRETMEN \u00d6\u011eRENC\u0130LER\u0130 UNUTMADI..!"},"content":{"rendered":"<p>\u00a0<\/p>\n<p>\u00a0<\/p>\n<p>Pervin \u00f6\u011fretmen \u00f6\u011frencilerin karne g\u00fcn\u00fcn\u00fc de unutmad\u0131. Karne heyecan\u0131 ya\u015fayan \u00e7ocuklara k\u0131\u015f\u0131n zor hava \u015fartlar\u0131nda \u00fc\u015f\u00fcmesinler diye atk\u0131, bere, ayakkab\u0131, giysi, \u00e7anta gibi malzemeleri hediye etti.<\/p>\n<p>\u00a0<\/p>\n<p>Mut \u0130l\u00e7esi\u2019nin \u00c7amp\u0131nar K\u00f6y\u00fc\u2019nde \u00c7amp\u0131nar \u0130lkokulu\u2019nda d\u00f6rt y\u0131l boyunca e\u011fitim veren ve muhtarl\u0131\u011fa aday olduktan sonra sorunlarla kar\u015f\u0131la\u015farak \u00f6\u011fretim hayat\u0131 biten Pervin \u00f6\u011fretmen \u00f6\u011frencileri karne g\u00fcn\u00fcnde yaln\u0131z b\u0131rakmad\u0131. Yap\u0131lan destek ve yard\u0131mlarda zor durumdaki \u00f6\u011frencilere ve okullara destek olmaya devam eden Pervin \u00f6\u011fretmenin bu d\u00f6nemde hedefi Ayvagedi\u011fi oldu.\u00a0\u00a0<\/p>\n<p>\u00a0<\/p>\n<p>\u00d6\u011frencilere yard\u0131m da\u011f\u0131tt\u0131<\/p>\n<p>\u00a0<\/p>\n<p>Pervin \u00f6\u011fretmen \u00c7amp\u0131nar K\u00f6y\u00fc\u2019nde d\u00fc\u011f\u00fcn salonu yap\u0131larak da\u011f\u0131t\u0131lacak okulu itirazlar ve direni\u015fler sonucunda e\u011fitime tekrardan kazand\u0131rm\u0131\u015ft\u0131. Fakat \u00f6\u011fretim hayat\u0131 muhtarl\u0131\u011fa aday olduktan sonra bir \u00e7e\u015fit bahanelerle sonland\u0131r\u0131lan Pervin \u00f6\u011fretmen karne g\u00fcn\u00fc \u00f6\u011frencilerine bere, atk\u0131, kek, \u00e7anta, giysi da\u011f\u0131tarak 40\u2019tan fazla \u00f6\u011frenciye destek oldu. Pervin \u00f6\u011fretmen destek\u00e7ilerine de te\u015fekk\u00fcr ederek, \u201c\u00c7ok mutlu olduk. Yap\u0131lan bir \u00e7al\u0131\u015fmam\u0131z \u00f6yle itinal\u0131 i\u015flerdenmi\u015f ki 45\u2019e yak\u0131n \u00f6\u011frencinin ve 7 \u00f6\u011fretmenin mutlulu\u011fu oldunuz\u201d diye konu\u015ftu.<\/p>\n<p>\n\u201cDeste\u011fe devam edece\u011fiz\u201d<\/p>\n<p>\n\u00d6\u011frencilere destek olmak amac\u0131yla hareket ettiklerini dile getiren Pervin \u00f6\u011fretmen yard\u0131mlara ellerinden geldikleri d\u00fczeyde devam edeceklerini belirtti.<\/p>\n<p>Sosyal medya payla\u015f\u0131mlar\u0131nda ise yap\u0131lan yard\u0131ma destek mesajlar\u0131 geldi. Emin Soysal yapt\u0131\u011f\u0131 yorumda, \u201cTebrik ederim Pervin \u00f6\u011fretmen. Elinize y\u00fcre\u011finize sa\u011fl\u0131k. Memlekete k\u00fc\u00e7\u00fckte olsa e\u011fitime, \u00e7ocuk ve \u00f6\u011fretmenlere \u00f6\u011fretmen y\u00fcre\u011finizle yapt\u0131\u011f\u0131n\u0131z katk\u0131 insanl\u0131\u011fa y\u00f6nelik sessiz ama dev bir ad\u0131m oldu.\u201d dedi.<\/p>\n","protected":false},"excerpt":{"rendered":"<p>\u00a0 \u00a0 Pervin \u00f6\u011fretmen \u00f6\u011frencilerin karne g\u00fcn\u00fcn\u00fc de unutmad\u0131. Karne heyecan\u0131 ya\u015fayan \u00e7ocuklara k\u0131\u015f\u0131n zor hava \u015fartlar\u0131nda \u00fc\u015f\u00fcmesinler diye atk\u0131, bere, ayakkab\u0131, giysi, \u00e7anta gibi malzemeleri hediye etti. \u00a0 Mut &hellip; <a href=\"https:\/\/mersinekonomipolitikagazetesi.com\/?p=5555\" class=\"more-link\">Devam\u0131n\u0131 Oku&#8230;<\/a><\/p>\n","protected":false},"author":1,"featured_media":0,"comment_status":"open","ping_status":"open","sticky":false,"template":"","format":"standard","meta":[],"categories":[],"tags":[],"_links":{"self":[{"href":"https:\/\/mersinekonomipolitikagazetesi.com\/index.php?rest_route=\/wp\/v2\/posts\/5555"}],"collection":[{"href":"https:\/\/mersinekonomipolitikagazetesi.com\/index.php?rest_route=\/wp\/v2\/posts"}],"about":[{"href":"https:\/\/mersinekonomipolitikagazetesi.com\/index.php?rest_route=\/wp\/v2\/types\/post"}],"author":[{"embeddable":true,"href":"https:\/\/mersinekonomipolitikagazetesi.com\/index.php?rest_route=\/wp\/v2\/users\/1"}],"replies":[{"embeddable":true,"href":"https:\/\/mersinekonomipolitikagazetesi.com\/index.php?rest_route=%2Fwp%2Fv2%2Fcomments&post=5555"}],"version-history":[{"count":0,"href":"https:\/\/mersinekonomipolitikagazetesi.com\/index.php?rest_route=\/wp\/v2\/posts\/5555\/revisions"}],"wp:attachment":[{"href":"https:\/\/mersinekonomipolitikagazetesi.com\/index.php?rest_route=%2Fwp%2Fv2%2Fmedia&parent=5555"}],"wp:term":[{"taxonomy":"category","embeddable":true,"href":"https:\/\/mersinekonomipolitikagazetesi.com\/index.php?rest_route=%2Fwp%2Fv2%2Fcategories&post=5555"},{"taxonomy":"post_tag","embeddable":true,"href":"https:\/\/mersinekonomipolitikagazetesi.com\/index.php?rest_route=%2Fwp%2Fv2%2Ftags&post=5555"}],"curies":[{"name":"wp","href":"https:\/\/api.w.org\/{rel}","templated":true}]}}