{"id":5556,"date":"2020-11-04T18:25:59","date_gmt":"2020-11-04T15:25:59","guid":{"rendered":"http:\/\/mersinekonomipolitikagazetesi.com\/?p=5556"},"modified":"2020-11-04T18:25:59","modified_gmt":"2020-11-04T15:25:59","slug":"pazarlarda-neden-fiyat-etiketleri-yok","status":"publish","type":"post","link":"https:\/\/mersinekonomipolitikagazetesi.com\/?p=5556","title":{"rendered":"PAZARLARDA NEDEN F\u0130YAT ET\u0130KETLER\u0130 YOK?"},"content":{"rendered":"<p>\u00a0<\/p>\n<p>Mersin\u2019de semt pazarlar\u0131nda manavlarda, sebze ve meyve sat\u0131lan yerlerde ve bal\u0131k pazar\u0131nda etiket fiyatlar\u0131n\u0131n olmamas\u0131 tepkilere neden oldu. Daha \u00f6nce Akdeniz Zab\u0131ta ekipleri taraf\u0131ndan denetim yap\u0131lan yerlerde, denetimlere ra\u011fmen etiket fiyatlar\u0131 hala tezgahlarda yerini almad\u0131.<\/p>\n<p>Zab\u0131ta Ekipleri taraf\u0131ndan denetlenen \u00fcr\u00fcnlerin hijyen ve son kullanma tarihine uygunluklar\u0131 a\u00e7\u0131s\u0131ndan eksiklikleri olan i\u015fletmeler uyar\u0131lm\u0131\u015f, eksiklerini tamamlamalar\u0131 i\u00e7in s\u00fcre verilmi\u015fti.<br \/>\nNedense esnaf\u0131n bu uyar\u0131lara kulak asmad\u0131\u011f\u0131n\u0131 belirten vatanda\u015flar, g\u0131da \u00fcretimi ve sat\u0131\u015f\u0131 yapan i\u015fyerlerine y\u00f6nelik zab\u0131ta denetimlerinin artmas\u0131 gerekti\u011fini, yeterli denetim yap\u0131lmamas\u0131ndan dolay\u0131 bu durumdan \u015fikayet\u00e7i olduklar\u0131n\u0131 s\u00f6yledi.<\/p>\n<p>&#8220;Tezgahlarda ki\u015fiye g\u00f6re fiyat m\u0131 uygulan\u0131yor?&#8221;<\/p>\n<p>Bal\u0131k ve manav tezgahlar\u0131nda belirli bir fiyat\u0131n olmamas\u0131 ki\u015fiye g\u00f6re fiyatla mal sat\u0131lmas\u0131na yol a\u00e7t\u0131\u011f\u0131n\u0131 belirten Vatanda\u015flar bu durumdan \u015fikayetlerini dile getirerek: \u201cHemen hemen hi\u00e7bir \u00fcr\u00fcn \u00fczerinde fiyat etiketi yok. \u00d6zellikle farkl\u0131 fiyat uygulamas\u0131na kar\u015f\u0131 da tedbir al\u0131nmal\u0131. Ki\u015fiye g\u00f6re fiyat uygulamas\u0131 ortadan kalkmal\u0131. \u00dcr\u00fcn\u00fcn de\u011feri neyse onun \u00fczerinden sat\u0131lmal\u0131\u201d \u015feklinde konu\u015ftu ve fiyat etiketi konusuna bir kes daha dikkat \u00e7ekti.<br \/>\nB\u00fcy\u00fck\u015fehir ba\u015fta olmak \u00fczere Akdeniz Belediye Zab\u0131tas\u0131 ve di\u011fer il\u00e7e zab\u0131talar\u0131n\u0131n da yap\u0131lan denetimlerde daha duyarl\u0131 olmalar\u0131 istendi.<\/p>\n","protected":false},"excerpt":{"rendered":"<p>\u00a0 Mersin\u2019de semt pazarlar\u0131nda manavlarda, sebze ve meyve sat\u0131lan yerlerde ve bal\u0131k pazar\u0131nda etiket fiyatlar\u0131n\u0131n olmamas\u0131 tepkilere neden oldu. Daha \u00f6nce Akdeniz Zab\u0131ta ekipleri taraf\u0131ndan denetim yap\u0131lan yerlerde, denetimlere ra\u011fmen &hellip; <a href=\"https:\/\/mersinekonomipolitikagazetesi.com\/?p=5556\" class=\"more-link\">Devam\u0131n\u0131 Oku&#8230;<\/a><\/p>\n","protected":false},"author":1,"featured_media":0,"comment_status":"open","ping_status":"open","sticky":false,"template":"","format":"standard","meta":[],"categories":[],"tags":[],"_links":{"self":[{"href":"https:\/\/mersinekonomipolitikagazetesi.com\/index.php?rest_route=\/wp\/v2\/posts\/5556"}],"collection":[{"href":"https:\/\/mersinekonomipolitikagazetesi.com\/index.php?rest_route=\/wp\/v2\/posts"}],"about":[{"href":"https:\/\/mersinekonomipolitikagazetesi.com\/index.php?rest_route=\/wp\/v2\/types\/post"}],"author":[{"embeddable":true,"href":"https:\/\/mersinekonomipolitikagazetesi.com\/index.php?rest_route=\/wp\/v2\/users\/1"}],"replies":[{"embeddable":true,"href":"https:\/\/mersinekonomipolitikagazetesi.com\/index.php?rest_route=%2Fwp%2Fv2%2Fcomments&post=5556"}],"version-history":[{"count":0,"href":"https:\/\/mersinekonomipolitikagazetesi.com\/index.php?rest_route=\/wp\/v2\/posts\/5556\/revisions"}],"wp:attachment":[{"href":"https:\/\/mersinekonomipolitikagazetesi.com\/index.php?rest_route=%2Fwp%2Fv2%2Fmedia&parent=5556"}],"wp:term":[{"taxonomy":"category","embeddable":true,"href":"https:\/\/mersinekonomipolitikagazetesi.com\/index.php?rest_route=%2Fwp%2Fv2%2Fcategories&post=5556"},{"taxonomy":"post_tag","embeddable":true,"href":"https:\/\/mersinekonomipolitikagazetesi.com\/index.php?rest_route=%2Fwp%2Fv2%2Ftags&post=5556"}],"curies":[{"name":"wp","href":"https:\/\/api.w.org\/{rel}","templated":true}]}}