{"id":5557,"date":"2020-11-04T18:25:59","date_gmt":"2020-11-04T15:25:59","guid":{"rendered":"http:\/\/mersinekonomipolitikagazetesi.com\/?p=5557"},"modified":"2020-11-04T18:25:59","modified_gmt":"2020-11-04T15:25:59","slug":"losevin-et-ve-et-urunleri-yardimlari-artarak-suruyor","status":"publish","type":"post","link":"https:\/\/mersinekonomipolitikagazetesi.com\/?p=5557","title":{"rendered":"L\u00d6SEV&#8217;\u0130N ET VE ET \u00dcR\u00dcNLER\u0130 YARDIMLARI ARTARAK S\u00dcR\u00dcYOR"},"content":{"rendered":"<p>\u00a0<\/p>\n<p>\nK\u0131sa ad\u0131 L\u00d6SEV olan L\u00f6semili \u00c7ocuklar Vakf\u0131 kay\u0131tl\u0131 hastalar\u0131na her \u00e7e\u015fit deste\u011fi ula\u015ft\u0131rmak i\u00e7in \u00e7al\u0131\u015fmalar\u0131na h\u0131z kesmeden devam ediyor. K\u0131rm\u0131z\u0131 et da\u011f\u0131t\u0131mlar\u0131 y\u0131l boyunca d\u00fczenli olarak hasta ve ailelerine iletiliyor.<\/p>\n<p>L\u00d6SEV\u2019de g\u00f6revli Sosyal Hizmet Uzman\u0131 Akdeniz b\u00f6lge Sorumlusu \u00d6zlem Sezer Sosyal, Hizmet Uzman\u0131 Ezgi Bar\u0131\u015f, Mersin Gazetesi&#8217;ne ziyarette bulundular.<br \/>\nY\u0131l boyunca s\u00fcrecek et ve et \u00fcr\u00fcnleri yard\u0131mlar\u0131 hakk\u0131nda bilgilendirme yapt\u0131lar.<br \/>\nL\u00d6SEV g\u00f6revlisi Sosyal Hizmet Uzman\u0131 Akdeniz b\u00f6lge Sorumlusu \u00d6zlem Sezer Sosyal ve Hizmet Uzman\u0131 Ezgi Bar\u0131\u015f yapt\u0131klar\u0131 bilgilendirmede: \u201cL\u00f6semi ve kanser tedavisi g\u00f6ren \u00e7ocuk ve yeti\u015fkinlerin iyile\u015fmesi i\u00e7in protein a\u011f\u0131rl\u0131kl\u0131 beslenmeleri \u00e7ok \u00f6nemli. En kaliteli protein kayna\u011f\u0131 olan et ve et \u00fcr\u00fcnleri hastalar\u0131n beslenmesinde \u00e7ok \u00f6nemli bir yere sahip. \u00d6zellikle l\u00f6semide et ve et \u00fcr\u00fcnleri t\u00fcketerek sa\u011fl\u0131kl\u0131 beslenen hastalar bu zorlu tedavi s\u00fcrecini daha kolay atlat\u0131yorlar. Bu nedenle L\u00d6SEV, 12 ay boyunca kay\u0131tl\u0131 hastalar\u0131m\u0131za k\u0131rm\u0131z\u0131 et yard\u0131m\u0131n\u0131 s\u00fcrd\u00fcr\u00fcyor. 2020 y\u0131l\u0131 i\u00e7erisinde de 40 bine yak\u0131n kay\u0131tl\u0131 ailemize taze k\u0131rm\u0131z\u0131 et \u00fcr\u00fcnlerini iletmeyi hedefliyoruz.\u201d dedi.<\/p>\n<p>Da\u011f\u0131t\u0131mlar Ger\u00e7ekle\u015ftirildi<\/p>\n<p>Et da\u011f\u0131t\u0131mlar\u0131na y\u0131l boyunca h\u0131z kesmeden devam eden L\u00d6SEV, 2020&#8217;de de binlerce hastayla bir araya gelerek protein a\u00e7\u0131s\u0131ndan de\u011ferli k\u0131rm\u0131z\u0131 et ve et \u00fcr\u00fcnlerini, kuru g\u0131da yard\u0131mlar\u0131n\u0131 elden teslim edecek, kay\u0131tl\u0131 ailelerinin sorunlar\u0131n\u0131 ve taleplerini dinleyecek, alanlar\u0131nda uzman g\u00f6n\u00fcll\u00fclerin verece\u011fi birbirinden kapsaml\u0131 e\u011fitimlerle onlar\u0131 sosyolojik ve psikolojik y\u00f6nden de destekleyecek. Bu kapsamda Mersin ilindeki da\u011f\u0131t\u0131mlar Mersin B\u00fcy\u00fck\u015fehir Belediyesi Macit \u00d6zcan Spor Tesisleri\u2019nde\u00a0 ger\u00e7ekle\u015ftirildi. Hasta ve ailelerin kat\u0131l\u0131m\u0131 ile hayata ge\u00e7en \u00e7al\u0131\u015fmada kay\u0131tl\u0131 t\u00fcm aileler, L\u00d6SEV \u00e7at\u0131s\u0131nda bulunman\u0131n mutlulu\u011funu payla\u015farak t\u00fcm ba\u011f\u0131\u015f\u00e7\u0131lara te\u015fekk\u00fcrlerini ve dualar\u0131n\u0131 ilettiler.<\/p>\n","protected":false},"excerpt":{"rendered":"<p>\u00a0 K\u0131sa ad\u0131 L\u00d6SEV olan L\u00f6semili \u00c7ocuklar Vakf\u0131 kay\u0131tl\u0131 hastalar\u0131na her \u00e7e\u015fit deste\u011fi ula\u015ft\u0131rmak i\u00e7in \u00e7al\u0131\u015fmalar\u0131na h\u0131z kesmeden devam ediyor. K\u0131rm\u0131z\u0131 et da\u011f\u0131t\u0131mlar\u0131 y\u0131l boyunca d\u00fczenli olarak hasta ve ailelerine &hellip; <a href=\"https:\/\/mersinekonomipolitikagazetesi.com\/?p=5557\" class=\"more-link\">Devam\u0131n\u0131 Oku&#8230;<\/a><\/p>\n","protected":false},"author":1,"featured_media":0,"comment_status":"open","ping_status":"open","sticky":false,"template":"","format":"standard","meta":[],"categories":[],"tags":[],"_links":{"self":[{"href":"https:\/\/mersinekonomipolitikagazetesi.com\/index.php?rest_route=\/wp\/v2\/posts\/5557"}],"collection":[{"href":"https:\/\/mersinekonomipolitikagazetesi.com\/index.php?rest_route=\/wp\/v2\/posts"}],"about":[{"href":"https:\/\/mersinekonomipolitikagazetesi.com\/index.php?rest_route=\/wp\/v2\/types\/post"}],"author":[{"embeddable":true,"href":"https:\/\/mersinekonomipolitikagazetesi.com\/index.php?rest_route=\/wp\/v2\/users\/1"}],"replies":[{"embeddable":true,"href":"https:\/\/mersinekonomipolitikagazetesi.com\/index.php?rest_route=%2Fwp%2Fv2%2Fcomments&post=5557"}],"version-history":[{"count":0,"href":"https:\/\/mersinekonomipolitikagazetesi.com\/index.php?rest_route=\/wp\/v2\/posts\/5557\/revisions"}],"wp:attachment":[{"href":"https:\/\/mersinekonomipolitikagazetesi.com\/index.php?rest_route=%2Fwp%2Fv2%2Fmedia&parent=5557"}],"wp:term":[{"taxonomy":"category","embeddable":true,"href":"https:\/\/mersinekonomipolitikagazetesi.com\/index.php?rest_route=%2Fwp%2Fv2%2Fcategories&post=5557"},{"taxonomy":"post_tag","embeddable":true,"href":"https:\/\/mersinekonomipolitikagazetesi.com\/index.php?rest_route=%2Fwp%2Fv2%2Ftags&post=5557"}],"curies":[{"name":"wp","href":"https:\/\/api.w.org\/{rel}","templated":true}]}}