{"id":5560,"date":"2020-11-04T18:25:59","date_gmt":"2020-11-04T15:25:59","guid":{"rendered":"http:\/\/mersinekonomipolitikagazetesi.com\/?p=5560"},"modified":"2020-11-04T18:25:59","modified_gmt":"2020-11-04T15:25:59","slug":"sahilde-250-ton-karla-festival","status":"publish","type":"post","link":"https:\/\/mersinekonomipolitikagazetesi.com\/?p=5560","title":{"rendered":"Sahilde 250 ton karla festival"},"content":{"rendered":"<p>Mersin&#8217;in Erdemli il\u00e7e sahilinde 2. Geleneksel Kar Festivali d\u00fczenlendi. Toroslar&#8217;dan 60 kamyonla getirilen 250 ton kar ile il\u00e7e sahilinde adeta karl\u0131 bir da\u011f platformu olu\u015fturuldu.\u00a0 \u00a0<br \/>\n\u00a0 Erdemli Belediyesi taraf\u0131ndan bu y\u0131l 2.&#8217;si d\u00fczenlenen kar festivali il\u00e7e sahilinde Dr. Devlet Bah\u00e7eli Meydan\u0131&#8217;nda yap\u0131ld\u0131. Kamyonlarla ta\u015f\u0131nan tonlarca kar ile adeta karl\u0131 bir da\u011f kesiti olu\u015fturuldu. Tonlarca kar\u0131n \u00fczerinde ise \u00e7ocuklar g\u00f6n\u00fcllerince e\u011flendi. Kardan yap\u0131lan yama\u00e7ta kay\u0131p e\u011flenen \u00e7ocuklar\u0131n mutlulu\u011fu y\u00fczlerine yans\u0131d\u0131.\u00a0<br \/>\n\u00a0 Etkinli\u011fe kat\u0131lan \u00e7ocuklar sahilde kar e\u011flencesi ya\u015fad\u0131klar\u0131n\u0131 belirterek, karda kay\u0131p, t\u0131rman\u0131p, e\u011flenceli bir g\u00fcn ge\u00e7irdiklerini dile getirdi. \u00c7ocuklar yapt\u0131klar\u0131 kardan adamlarla bol bol foto\u011fraf \u00e7ektirdi.\u00a0<br \/>\n\u00a0 Baz\u0131 \u00e7ocuklar da kar\u00a0 topu sava\u015f\u0131 yaparak e\u011flendi. Kar platformu \u00fczerinde gezen Erdemli Belediye Ba\u015fkan\u0131 M\u00fckerrem Tollu&#8217;da kar topundan nasibini ald\u0131. Y\u00fcz\u00fcne kar topu gelen Ba\u015fkan Tollu, g\u00fcl\u00fcmseyerek kendisine kar topu atan \u00e7ocuklara kar\u015f\u0131l\u0131k verdi.\u00a0<br \/>\n\u00a0 Etkinli\u011fe kat\u0131lan vatanda\u015flara il\u00e7e belediyesi taraf\u0131ndan ekmek aras\u0131 sucuk ikram edildi.\u00a0<\/p>\n","protected":false},"excerpt":{"rendered":"<p>Mersin&#8217;in Erdemli il\u00e7e sahilinde 2. Geleneksel Kar Festivali d\u00fczenlendi. Toroslar&#8217;dan 60 kamyonla getirilen 250 ton kar ile il\u00e7e sahilinde adeta karl\u0131 bir da\u011f platformu olu\u015fturuldu.\u00a0 \u00a0 \u00a0 Erdemli Belediyesi taraf\u0131ndan &hellip; <a href=\"https:\/\/mersinekonomipolitikagazetesi.com\/?p=5560\" class=\"more-link\">Devam\u0131n\u0131 Oku&#8230;<\/a><\/p>\n","protected":false},"author":1,"featured_media":0,"comment_status":"open","ping_status":"open","sticky":false,"template":"","format":"standard","meta":[],"categories":[],"tags":[],"_links":{"self":[{"href":"https:\/\/mersinekonomipolitikagazetesi.com\/index.php?rest_route=\/wp\/v2\/posts\/5560"}],"collection":[{"href":"https:\/\/mersinekonomipolitikagazetesi.com\/index.php?rest_route=\/wp\/v2\/posts"}],"about":[{"href":"https:\/\/mersinekonomipolitikagazetesi.com\/index.php?rest_route=\/wp\/v2\/types\/post"}],"author":[{"embeddable":true,"href":"https:\/\/mersinekonomipolitikagazetesi.com\/index.php?rest_route=\/wp\/v2\/users\/1"}],"replies":[{"embeddable":true,"href":"https:\/\/mersinekonomipolitikagazetesi.com\/index.php?rest_route=%2Fwp%2Fv2%2Fcomments&post=5560"}],"version-history":[{"count":0,"href":"https:\/\/mersinekonomipolitikagazetesi.com\/index.php?rest_route=\/wp\/v2\/posts\/5560\/revisions"}],"wp:attachment":[{"href":"https:\/\/mersinekonomipolitikagazetesi.com\/index.php?rest_route=%2Fwp%2Fv2%2Fmedia&parent=5560"}],"wp:term":[{"taxonomy":"category","embeddable":true,"href":"https:\/\/mersinekonomipolitikagazetesi.com\/index.php?rest_route=%2Fwp%2Fv2%2Fcategories&post=5560"},{"taxonomy":"post_tag","embeddable":true,"href":"https:\/\/mersinekonomipolitikagazetesi.com\/index.php?rest_route=%2Fwp%2Fv2%2Ftags&post=5560"}],"curies":[{"name":"wp","href":"https:\/\/api.w.org\/{rel}","templated":true}]}}