{"id":5561,"date":"2020-11-04T18:25:59","date_gmt":"2020-11-04T15:25:59","guid":{"rendered":"http:\/\/mersinekonomipolitikagazetesi.com\/?p=5561"},"modified":"2020-11-04T18:25:59","modified_gmt":"2020-11-04T15:25:59","slug":"mtosbnin-kadin-sanayicisine-hizmet-odulu-verildi","status":"publish","type":"post","link":"https:\/\/mersinekonomipolitikagazetesi.com\/?p=5561","title":{"rendered":"MTOSB\u2019nin kad\u0131n sanayicisine &#8216;hizmet \u00f6d\u00fcl\u00fc&#8217; verildi"},"content":{"rendered":"<p>Mersin-Tarsus Organize Sanayi B\u00f6lgesi sanayicilerinden Berrin Dalk\u0131l\u0131\u00e7 Mis\u2019e &#8216;hizmet \u00f6d\u00fcl\u00fc&#8217; verildi.\u00a0 \u00a0<br \/>\n\u00a0 &#8216;Rotary Meslek Hizmet \u00d6d\u00fclleri&#8217;, Atat\u00fcrk K\u00fclt\u00fcr Merkezi\u2019nde d\u00fczenlenen t\u00f6renle sahiplerini buldu. \u0130\u015f ve meslek ya\u015fam\u0131nda en iyiye, g\u00fczele ve do\u011fruya \u00f6zendirmek i\u00e7in, etik de\u011ferlerini bozmaks\u0131z\u0131n, fedakarl\u0131kla hizmet ederek mesleki ba\u015far\u0131y\u0131 yakalam\u0131\u015f ya da mesle\u011finde \u00f6zel bir ba\u015far\u0131 elde etmi\u015f ki\u015filerin topluma ve ya\u015fad\u0131klar\u0131 \u00e7evreye olan katk\u0131lar\u0131 da de\u011ferlendirilerek verilen \u00f6d\u00fcller aras\u0131nda, Mersin-Tarsus Organize Sanayi B\u00f6lgesi (MTOSB) sanayicilerinden Berrin Dalk\u0131l\u0131\u00e7 Mis\u2019te yer ald\u0131.\u00a0<br \/>\n\u00a0 \u00d6d\u00fcl\u00fcn\u00fc, MTOSB Ba\u015fkan\u0131 Sabri Tekli\u2019den alan Mis, &#8220;\u00d6nce \u00fclkemiz daha sonra Mersin i\u00e7in \u00fcretmeye, istihdam olu\u015fturmaya devam edece\u011fiz. Her ge\u00e7en g\u00fcn b\u00fcy\u00fcyen MTOSB ailesinin bir ferdi olmaktan gurur duyuyorum&#8221; dedi.\u00a0<br \/>\n\u00a0 Ba\u015fkan Tekli ise yapt\u0131\u011f\u0131 konu\u015fmada, &#8220;Bu t\u00fcr \u00f6d\u00fcl t\u00f6renlerini \u00f6nemsiyoruz. Bu \u00f6d\u00fcller sanayicilerimizin motive olmas\u0131 ad\u0131na \u00f6nemli. Y\u0131llard\u0131r s\u00fcrd\u00fcrd\u00fc\u011f\u00fc ba\u015far\u0131l\u0131 \u00e7al\u0131\u015fmalardan dolay\u0131 \u00f6d\u00fcle lay\u0131k g\u00f6r\u00fclen kad\u0131n sanayicimiz Berrin Dalk\u0131l\u0131\u00e7 Mis\u2019i de ayr\u0131ca tebrik ediyorum&#8221; ifadelerini kulland\u0131.\u00a0<\/p>\n","protected":false},"excerpt":{"rendered":"<p>Mersin-Tarsus Organize Sanayi B\u00f6lgesi sanayicilerinden Berrin Dalk\u0131l\u0131\u00e7 Mis\u2019e &#8216;hizmet \u00f6d\u00fcl\u00fc&#8217; verildi.\u00a0 \u00a0 \u00a0 &#8216;Rotary Meslek Hizmet \u00d6d\u00fclleri&#8217;, Atat\u00fcrk K\u00fclt\u00fcr Merkezi\u2019nde d\u00fczenlenen t\u00f6renle sahiplerini buldu. \u0130\u015f ve meslek ya\u015fam\u0131nda en iyiye, &hellip; <a href=\"https:\/\/mersinekonomipolitikagazetesi.com\/?p=5561\" class=\"more-link\">Devam\u0131n\u0131 Oku&#8230;<\/a><\/p>\n","protected":false},"author":1,"featured_media":0,"comment_status":"open","ping_status":"open","sticky":false,"template":"","format":"standard","meta":[],"categories":[],"tags":[],"_links":{"self":[{"href":"https:\/\/mersinekonomipolitikagazetesi.com\/index.php?rest_route=\/wp\/v2\/posts\/5561"}],"collection":[{"href":"https:\/\/mersinekonomipolitikagazetesi.com\/index.php?rest_route=\/wp\/v2\/posts"}],"about":[{"href":"https:\/\/mersinekonomipolitikagazetesi.com\/index.php?rest_route=\/wp\/v2\/types\/post"}],"author":[{"embeddable":true,"href":"https:\/\/mersinekonomipolitikagazetesi.com\/index.php?rest_route=\/wp\/v2\/users\/1"}],"replies":[{"embeddable":true,"href":"https:\/\/mersinekonomipolitikagazetesi.com\/index.php?rest_route=%2Fwp%2Fv2%2Fcomments&post=5561"}],"version-history":[{"count":0,"href":"https:\/\/mersinekonomipolitikagazetesi.com\/index.php?rest_route=\/wp\/v2\/posts\/5561\/revisions"}],"wp:attachment":[{"href":"https:\/\/mersinekonomipolitikagazetesi.com\/index.php?rest_route=%2Fwp%2Fv2%2Fmedia&parent=5561"}],"wp:term":[{"taxonomy":"category","embeddable":true,"href":"https:\/\/mersinekonomipolitikagazetesi.com\/index.php?rest_route=%2Fwp%2Fv2%2Fcategories&post=5561"},{"taxonomy":"post_tag","embeddable":true,"href":"https:\/\/mersinekonomipolitikagazetesi.com\/index.php?rest_route=%2Fwp%2Fv2%2Ftags&post=5561"}],"curies":[{"name":"wp","href":"https:\/\/api.w.org\/{rel}","templated":true}]}}