{"id":5562,"date":"2020-11-04T18:25:59","date_gmt":"2020-11-04T15:25:59","guid":{"rendered":"http:\/\/mersinekonomipolitikagazetesi.com\/?p=5562"},"modified":"2020-11-04T18:25:59","modified_gmt":"2020-11-04T15:25:59","slug":"kalite-yonetimi-koordinatorlugunden-bilgilendirme-ve-ic-tetkik-egitimi","status":"publish","type":"post","link":"https:\/\/mersinekonomipolitikagazetesi.com\/?p=5562","title":{"rendered":"Kalite Y\u00f6netimi Koordinat\u00f6rl\u00fc\u011f\u00fcnden \u2018Bilgilendirme ve \u0130\u00e7 Tetkik E\u011fitimi\u2019"},"content":{"rendered":"<p>Mersin \u00dcniversitesi (ME\u00dc) Kalite Y\u00f6netimi Koordinat\u00f6rl\u00fc\u011f\u00fc ve Personel Daire Ba\u015fkanl\u0131\u011f\u0131 taraf\u0131ndan \u201cBilgilendirme ve \u0130\u00e7 Tetkik E\u011fitimi\u201d verildi.\u00a0<br \/>\n\u00a0 Akademik ve idari birimlerin kalite komisyonu \u00fcyeleri ile ME\u00dc i\u00e7 tetkik \u00fcyelerinin kat\u0131ld\u0131\u011f\u0131 e\u011fitim, Prof. Dr. U\u011fur Oral K\u00fclt\u00fcr Merkezinde ger\u00e7ekle\u015ftirildi. E\u011fitimi, ME\u00dc Kalite Y\u00f6netimi Koordinat\u00f6r\u00fc Prof. Dr. Zeki Yarar ve koordinat\u00f6rl\u00fck \u00fcyesi \u00d6\u011fr. G\u00f6r. Fahri Mete Yavuz verdi.\u00a0<br \/>\n\u00a0 Prof. Dr. Yarar, e\u011fitimde yapt\u0131\u011f\u0131 konu\u015fmada, Kalite Y\u00f6netimi Koordinat\u00f6rl\u00fc\u011f\u00fcn\u00fcn 15 \u00fcyesi bulundu\u011funu s\u00f6yledi. Mersin \u00dcniversitesi\u2019nin 2003 y\u0131l\u0131ndan bu yana kalite konusunda \u00e7al\u0131\u015fmalar y\u00fcr\u00fctt\u00fc\u011f\u00fcn\u00fc belirten Yarar, 2010 y\u0131l\u0131ndan itibaren ise ciddi \u00e7al\u0131\u015fmalar yap\u0131ld\u0131\u011f\u0131n\u0131 ifade etti. Prof. Dr. Yarar, \u201cISO 9001 2015 Kalite Y\u00f6netim Sistemini konu\u015fmak i\u00e7in buraday\u0131z. Kalite y\u00f6netim sistemi, d\u00fcnya genelinde uygulanan bir sistemdir. \u00dcniversitemizde de bu konuda y\u0131llard\u0131r \u00e7al\u0131\u015fmalar y\u00fcr\u00fct\u00fcl\u00fcyor. TSE \u00e7al\u0131\u015fanlar\u0131 taraf\u0131ndan bir\u00e7ok \u00fcniversiteye kalite konusunda \u00f6rnek g\u00f6sterilmekteyiz\u201d dedi.\u00a0 \u00a0<br \/>\n\u00a0 E\u011fitim kapsam\u0131nda Mersin \u00dcniversitesi Kalite El Kitab\u0131 ba\u015fta olmak \u00fczere y\u00f6netim bi\u00e7imi ve referans dok\u00fcmanlar gibi pek \u00e7ok konuda bilgi verildi.\u00a0<\/p>\n","protected":false},"excerpt":{"rendered":"<p>Mersin \u00dcniversitesi (ME\u00dc) Kalite Y\u00f6netimi Koordinat\u00f6rl\u00fc\u011f\u00fc ve Personel Daire Ba\u015fkanl\u0131\u011f\u0131 taraf\u0131ndan \u201cBilgilendirme ve \u0130\u00e7 Tetkik E\u011fitimi\u201d verildi.\u00a0 \u00a0 Akademik ve idari birimlerin kalite komisyonu \u00fcyeleri ile ME\u00dc i\u00e7 tetkik \u00fcyelerinin &hellip; <a href=\"https:\/\/mersinekonomipolitikagazetesi.com\/?p=5562\" class=\"more-link\">Devam\u0131n\u0131 Oku&#8230;<\/a><\/p>\n","protected":false},"author":1,"featured_media":0,"comment_status":"open","ping_status":"open","sticky":false,"template":"","format":"standard","meta":[],"categories":[],"tags":[],"_links":{"self":[{"href":"https:\/\/mersinekonomipolitikagazetesi.com\/index.php?rest_route=\/wp\/v2\/posts\/5562"}],"collection":[{"href":"https:\/\/mersinekonomipolitikagazetesi.com\/index.php?rest_route=\/wp\/v2\/posts"}],"about":[{"href":"https:\/\/mersinekonomipolitikagazetesi.com\/index.php?rest_route=\/wp\/v2\/types\/post"}],"author":[{"embeddable":true,"href":"https:\/\/mersinekonomipolitikagazetesi.com\/index.php?rest_route=\/wp\/v2\/users\/1"}],"replies":[{"embeddable":true,"href":"https:\/\/mersinekonomipolitikagazetesi.com\/index.php?rest_route=%2Fwp%2Fv2%2Fcomments&post=5562"}],"version-history":[{"count":0,"href":"https:\/\/mersinekonomipolitikagazetesi.com\/index.php?rest_route=\/wp\/v2\/posts\/5562\/revisions"}],"wp:attachment":[{"href":"https:\/\/mersinekonomipolitikagazetesi.com\/index.php?rest_route=%2Fwp%2Fv2%2Fmedia&parent=5562"}],"wp:term":[{"taxonomy":"category","embeddable":true,"href":"https:\/\/mersinekonomipolitikagazetesi.com\/index.php?rest_route=%2Fwp%2Fv2%2Fcategories&post=5562"},{"taxonomy":"post_tag","embeddable":true,"href":"https:\/\/mersinekonomipolitikagazetesi.com\/index.php?rest_route=%2Fwp%2Fv2%2Ftags&post=5562"}],"curies":[{"name":"wp","href":"https:\/\/api.w.org\/{rel}","templated":true}]}}