{"id":5563,"date":"2020-11-04T18:25:59","date_gmt":"2020-11-04T15:25:59","guid":{"rendered":"http:\/\/mersinekonomipolitikagazetesi.com\/?p=5563"},"modified":"2020-11-04T18:25:59","modified_gmt":"2020-11-04T15:25:59","slug":"tarsusta-ev-yangini-2","status":"publish","type":"post","link":"https:\/\/mersinekonomipolitikagazetesi.com\/?p=5563","title":{"rendered":"Tarsus&#8217;ta ev yang\u0131n\u0131"},"content":{"rendered":"<p>Mersin\u2019in Tarsus il\u00e7esinde bir evin \u00e7at\u0131 kat\u0131nda \u00e7\u0131kan yang\u0131n hasara neden oldu.\u00a0 \u00a0<br \/>\n\u00a0 Al\u0131nan bilgiye g\u00f6re, Mithatpa\u015fa Mahallesi\u2019nde Ma\u015fallah Dal&#8217;a ait \u00fc\u00e7 katl\u0131 evin \u00e7at\u0131 kat\u0131nda sabaha do\u011fru hen\u00fcz belirlenemeyen nedenle yang\u0131n \u00e7\u0131kt\u0131.\u00a0<br \/>\n\u00a0 \u00c7evredekilerin ihbar\u0131 \u00fczerine olay yerine Mersin B\u00fcy\u00fck\u015fehir Belediyesi Tarsus \u0130tfaiye Grup Amirli\u011fi ekipleri sevk edildi. \u0130tfaiye ekipleri yang\u0131n\u0131 k\u0131sa s\u00fcrede s\u00fcrd\u00fcr\u00fcrken, evde hasar meydana geldi.\u00a0<br \/>\n\u00a0 Olayla ilgili soru\u015fturma devam ediyor.\u00a0<\/p>\n","protected":false},"excerpt":{"rendered":"<p>Mersin\u2019in Tarsus il\u00e7esinde bir evin \u00e7at\u0131 kat\u0131nda \u00e7\u0131kan yang\u0131n hasara neden oldu.\u00a0 \u00a0 \u00a0 Al\u0131nan bilgiye g\u00f6re, Mithatpa\u015fa Mahallesi\u2019nde Ma\u015fallah Dal&#8217;a ait \u00fc\u00e7 katl\u0131 evin \u00e7at\u0131 kat\u0131nda sabaha do\u011fru hen\u00fcz &hellip; <a href=\"https:\/\/mersinekonomipolitikagazetesi.com\/?p=5563\" class=\"more-link\">Devam\u0131n\u0131 Oku&#8230;<\/a><\/p>\n","protected":false},"author":1,"featured_media":0,"comment_status":"open","ping_status":"open","sticky":false,"template":"","format":"standard","meta":[],"categories":[],"tags":[],"_links":{"self":[{"href":"https:\/\/mersinekonomipolitikagazetesi.com\/index.php?rest_route=\/wp\/v2\/posts\/5563"}],"collection":[{"href":"https:\/\/mersinekonomipolitikagazetesi.com\/index.php?rest_route=\/wp\/v2\/posts"}],"about":[{"href":"https:\/\/mersinekonomipolitikagazetesi.com\/index.php?rest_route=\/wp\/v2\/types\/post"}],"author":[{"embeddable":true,"href":"https:\/\/mersinekonomipolitikagazetesi.com\/index.php?rest_route=\/wp\/v2\/users\/1"}],"replies":[{"embeddable":true,"href":"https:\/\/mersinekonomipolitikagazetesi.com\/index.php?rest_route=%2Fwp%2Fv2%2Fcomments&post=5563"}],"version-history":[{"count":0,"href":"https:\/\/mersinekonomipolitikagazetesi.com\/index.php?rest_route=\/wp\/v2\/posts\/5563\/revisions"}],"wp:attachment":[{"href":"https:\/\/mersinekonomipolitikagazetesi.com\/index.php?rest_route=%2Fwp%2Fv2%2Fmedia&parent=5563"}],"wp:term":[{"taxonomy":"category","embeddable":true,"href":"https:\/\/mersinekonomipolitikagazetesi.com\/index.php?rest_route=%2Fwp%2Fv2%2Fcategories&post=5563"},{"taxonomy":"post_tag","embeddable":true,"href":"https:\/\/mersinekonomipolitikagazetesi.com\/index.php?rest_route=%2Fwp%2Fv2%2Ftags&post=5563"}],"curies":[{"name":"wp","href":"https:\/\/api.w.org\/{rel}","templated":true}]}}