{"id":5572,"date":"2020-11-04T18:26:00","date_gmt":"2020-11-04T15:26:00","guid":{"rendered":"http:\/\/mersinekonomipolitikagazetesi.com\/?p=5572"},"modified":"2020-11-04T18:26:00","modified_gmt":"2020-11-04T15:26:00","slug":"mersinde-martilar-da-unutulmuyor","status":"publish","type":"post","link":"https:\/\/mersinekonomipolitikagazetesi.com\/?p=5572","title":{"rendered":"MERS\u0130N\u2019DE MARTILAR DA UNUTULMUYOR"},"content":{"rendered":"<p>\u00a0<\/p>\n<p>Denizin en g\u00fczel durdu\u011fu \u015fehir Mersin\u2019de kentin sahibi mart\u0131lara a\u00e7 kalmas\u0131nlar diye toplad\u0131\u011f\u0131 ekmekleri at\u0131yor.<\/p>\n<p>Mersinli vatanda\u015f toplad\u0131\u011f\u0131 ve biriktirdi\u011fi bayat ekmekleri mart\u0131lar a\u00e7 kalmas\u0131nlar diye payla\u015f\u0131yor. \u00c7ar\u015f\u0131dan sahile ge\u00e7en ve m\u00fcft\u00fc deresi gibi alanlarda da durarak mart\u0131lar\u0131 besleyen vatanda\u015f, \u201cK\u0131\u015f\u0131n hava so\u011fuk ve sadece kedi, k\u00f6pek bizlere emanet canl\u0131lar de\u011filler. Mart\u0131larda zor ko\u015fullarda a\u00e7 kalabiliyorlar. Bende bu sebepten dolay\u0131 biriktirdi\u011fim ekmeklerle onlar\u0131 besliyorum\u201d diye konu\u015ftu.<\/p>\n<p>Besledi\u011fi mart\u0131lar\u0131 g\u00f6ren vatanda\u015flar ise yard\u0131msever vatanda\u015f\u0131n foto\u011fraf\u0131n\u0131 \u00e7ekerek sosyal medyada payla\u015ft\u0131.<\/p>\n","protected":false},"excerpt":{"rendered":"<p>\u00a0 Denizin en g\u00fczel durdu\u011fu \u015fehir Mersin\u2019de kentin sahibi mart\u0131lara a\u00e7 kalmas\u0131nlar diye toplad\u0131\u011f\u0131 ekmekleri at\u0131yor. Mersinli vatanda\u015f toplad\u0131\u011f\u0131 ve biriktirdi\u011fi bayat ekmekleri mart\u0131lar a\u00e7 kalmas\u0131nlar diye payla\u015f\u0131yor. \u00c7ar\u015f\u0131dan sahile &hellip; <a href=\"https:\/\/mersinekonomipolitikagazetesi.com\/?p=5572\" class=\"more-link\">Devam\u0131n\u0131 Oku&#8230;<\/a><\/p>\n","protected":false},"author":1,"featured_media":0,"comment_status":"open","ping_status":"open","sticky":false,"template":"","format":"standard","meta":[],"categories":[],"tags":[],"_links":{"self":[{"href":"https:\/\/mersinekonomipolitikagazetesi.com\/index.php?rest_route=\/wp\/v2\/posts\/5572"}],"collection":[{"href":"https:\/\/mersinekonomipolitikagazetesi.com\/index.php?rest_route=\/wp\/v2\/posts"}],"about":[{"href":"https:\/\/mersinekonomipolitikagazetesi.com\/index.php?rest_route=\/wp\/v2\/types\/post"}],"author":[{"embeddable":true,"href":"https:\/\/mersinekonomipolitikagazetesi.com\/index.php?rest_route=\/wp\/v2\/users\/1"}],"replies":[{"embeddable":true,"href":"https:\/\/mersinekonomipolitikagazetesi.com\/index.php?rest_route=%2Fwp%2Fv2%2Fcomments&post=5572"}],"version-history":[{"count":0,"href":"https:\/\/mersinekonomipolitikagazetesi.com\/index.php?rest_route=\/wp\/v2\/posts\/5572\/revisions"}],"wp:attachment":[{"href":"https:\/\/mersinekonomipolitikagazetesi.com\/index.php?rest_route=%2Fwp%2Fv2%2Fmedia&parent=5572"}],"wp:term":[{"taxonomy":"category","embeddable":true,"href":"https:\/\/mersinekonomipolitikagazetesi.com\/index.php?rest_route=%2Fwp%2Fv2%2Fcategories&post=5572"},{"taxonomy":"post_tag","embeddable":true,"href":"https:\/\/mersinekonomipolitikagazetesi.com\/index.php?rest_route=%2Fwp%2Fv2%2Ftags&post=5572"}],"curies":[{"name":"wp","href":"https:\/\/api.w.org\/{rel}","templated":true}]}}