{"id":5574,"date":"2020-11-04T18:26:00","date_gmt":"2020-11-04T15:26:00","guid":{"rendered":"http:\/\/mersinekonomipolitikagazetesi.com\/?p=5574"},"modified":"2020-11-04T18:26:00","modified_gmt":"2020-11-04T15:26:00","slug":"cop-ithalati-her-yil-katlanarak-artiyor-turkiye-cop-ulkesine-donecek","status":"publish","type":"post","link":"https:\/\/mersinekonomipolitikagazetesi.com\/?p=5574","title":{"rendered":"\u00c7\u00f6p \u0130thalat\u0131 Her Y\u0131l Katlanarak Art\u0131yor&#8230;  &#8221;T\u00dcRK\u0130YE \u00c7\u00d6P \u00dcLKES\u0130NE D\u00d6NECEK..!&#8221;"},"content":{"rendered":"<p>Mersin ve \u0130skendurun limanlar\u0131na \u0130talya&#8217;dan getirildi\u011fi 3 bin tonu a\u015fk\u0131n \u00e7\u00f6p iddialar\u0131n\u0131 Mersin Milletvekili Cengiz G\u00f6k\u00e7el, meclis g\u00fcndemine ta\u015f\u0131d\u0131. G\u00f6k\u00e7el, \u00f6nergesinde T\u00fcrkiye&#8217;nin d\u00fcnyan\u0131n en b\u00fcy\u00fck \u00e7\u00f6p ithalat\u00e7\u0131lar\u0131ndan biri haline getirilmesinin izaha muhta\u00e7 oldu\u011funu belirti.<\/p>\n<p>Mersin Gazetesi olarak ge\u00e7ti\u011fimiz g\u00fcnlerde duyurdu\u011fumuz &#8216;\u0130thal \u00c7\u00f6p&#8217; tart\u0131\u015fmas\u0131 sonras\u0131nda,<br \/>\nCHP Mersin Milletvekili ve TBMM Tar\u0131m, Orman ve K\u00f6y \u0130\u015fleri Komisyonu \u00fcyesi Cengiz G\u00f6k\u00e7el, Cumhurba\u015fkan\u0131 Yard\u0131mc\u0131s\u0131 Fuat Oktay\u2019\u0131n yan\u0131tlamas\u0131 talebiyle Meclis Ba\u015fkanl\u0131\u011f\u0131\u2019na soru \u00f6nergesi sundu.<br \/>\nMersin ve \u0130skenderun limanlar\u0131 \u00fczerinden \u00fclkemize sokulan 3 bin ton \u00e7\u00f6p\u00fcn i\u00e7inden ku\u015f \u00f6l\u00fcleri, ped ve \u00e7ocuk bezi gibi \u00e7\u00f6plerin \u00e7\u0131kt\u0131\u011f\u0131 iddias\u0131n\u0131 Meclis g\u00fcndemine ta\u015f\u0131d\u0131. T\u00fcrkiye\u2019de plastik po\u015fet kullan\u0131m\u0131n\u0131n y\u00fczde 77 azald\u0131\u011f\u0131 bir d\u00f6nemde do\u011fru at\u0131k y\u00f6netimi yerine 526 bin ton plastik \u00e7\u00f6p ithal edilerek \u00fclkemizin d\u00fcnyan\u0131n en b\u00fcy\u00fck \u00e7\u00f6p ithalat\u00e7\u0131lar\u0131ndan biri haline getirilmesinin izaha muhta\u00e7 oldu\u011funu belirten G\u00f6k\u00e7el, ithal \u00e7\u00f6p denetimlerinin konteyner kapaklar\u0131n\u0131n a\u00e7\u0131l\u0131p kapat\u0131lmas\u0131 \u015feklinde yap\u0131lmas\u0131n\u0131 ele\u015ftirdi.\u00a0 2019 y\u0131l\u0131 A\u011fustos ay\u0131nda da\u00a0 T\u00fcrkiye&#8217;nin ayl\u0131k 4 bin tondan 42 bin tona \u00e7\u0131kan \u00e7\u00f6p ithalat\u0131 kamuoyu taraf\u0131ndan tepkiyle kar\u015f\u0131lanm\u0131\u015ft\u0131.<\/p>\n<p>ATIK Y\u00d6NET\u0130M\u0130 YER\u0130NE \u0130THALAT<\/p>\n<p>Son d\u00f6nemde kamuoyunda tart\u0131\u015fma yaratan konulardan birinin ithal \u00e7\u00f6pler oldu\u011funu belirten Cengiz G\u00f6k\u00e7el, T\u00fcrkiye\u2019de plastik po\u015fet kullan\u0131m\u0131n\u0131n y\u00fczde 77 azald\u0131\u011f\u0131 bir d\u00f6nemde do\u011fru at\u0131k y\u00f6netimi yerine 526 ton plastik \u00e7\u00f6p ithal edilmesinin izaha muhta\u00e7 oldu\u011funu s\u00f6yledi. \u0130thal edilen \u00e7\u00f6plerin aras\u0131na geri d\u00f6n\u00fc\u015ft\u00fcr\u00fclebilir olmayan at\u0131klar\u0131n yer ald\u0131\u011f\u0131 iddialar\u0131n\u0131 soran G\u00f6k\u00e7el,Mersin ve \u0130skenderun limanlar\u0131na \u0130talya\u2019dan getirilen 3 bin ton \u00e7\u00f6p\u00fcn i\u00e7inde \u00f6l\u00fc ku\u015flar, ped ve \u00e7ocuk bezi gibi geri d\u00f6n\u00fc\u015ft\u00fcr\u00fclmesi m\u00fcmk\u00fcn olmayan \u00fcr\u00fcnler oldu\u011fu iddias\u0131n\u0131 aktard\u0131.<\/p>\n<p>PLAST\u0130K EN B\u00dcY\u00dcK TEHD\u0130T<\/p>\n<p>\u00c7evreyi en \u00e7ok kirleten \u00fcr\u00fcnlerin ba\u015f\u0131nda plastik ve naylon geldi\u011fini belirten CHP\u2019li G\u00f6k\u00e7el, son y\u0131llarda g\u00f6r\u00fclen d\u00fczensiz iklim olaylar\u0131n\u0131n, \u00fclkemizin de k\u00fcresel iklim de\u011fi\u015fikli\u011fi ve \u00e7evre felaketlerinden \u00f6nemli \u00f6l\u00e7\u00fcde etkilendi\u011fini g\u00f6sterdi\u011fini s\u00f6yledi. \u00c7evreyi en olumsuz etkileyen \u00fcr\u00fcnlerin ba\u015f\u0131nda plasti\u011fin geldi\u011fini ifade eden G\u00f6k\u00e7el, do\u011fada \u00e7\u00f6z\u00fcnmesi y\u00fczy\u0131llar\u0131 bulan plasti\u011fin deniz ve toprak kirlili\u011finin yan\u0131nda halk sa\u011fl\u0131\u011f\u0131 a\u00e7\u0131s\u0131ndan da tehdit olu\u015fturdu\u011funu belirtti. Denizlerimizden \u00e7\u0131kar\u0131lan her iki bal\u0131ktan birinde miktoplastik bulunmas\u0131n\u0131n bunu kan\u0131tlad\u0131\u011f\u0131n\u0131 ifade eden CHP\u2019li vekil,devletlerin plastik sorununa \u00e7\u00f6z\u00fcm bulmak i\u00e7in \u00e7e\u015fitli tedbirler ald\u0131\u011f\u0131na ve ithalat s\u0131n\u0131rlamas\u0131 getirdi\u011fine dikkat \u00e7ekti.<\/p>\n<p>\u00d6nerge sunarak konuyu meclis g\u00fcndemine ta\u015f\u0131yan G\u00f6k\u00e7el&#8217;in sorular\u0131 \u015fu \u015fekide;<\/p>\n<p>Y\u0131llara g\u00f6re ayr\u0131 ayr\u0131 belirtilmek \u00fczere son 10 y\u0131lda Mersin Liman\u0131\u2019ndan ka\u00e7 ton at\u0131k \u00fclkemize sokulmu\u015ftur? \u0130talya&#8217;dan\u00a0 KRC At\u0131k Y\u00f6netimi ad\u0131na gemilerle gelen at\u0131klar\u0131n geri d\u00f6n\u00fc\u015ft\u00fcr\u00fclebilir olmayan ku\u015f \u00f6l\u00fcleri, ped, \u00e7ocuk bezi gibi at\u0131klar\u0131 i\u00e7erdi\u011fi iddias\u0131na y\u00f6nelik herhangi bir soru\u015fturma ba\u015flat\u0131lm\u0131\u015f m\u0131d\u0131r? Ba\u015flat\u0131ld\u0131ysa ak\u0131beti nedir? Daha \u00f6nce bas\u0131na yans\u0131d\u0131\u011f\u0131 gibi, at\u0131k denetim uygulamas\u0131 konteynerin kapa\u011f\u0131n\u0131n a\u00e7\u0131l\u0131p kapat\u0131lmas\u0131 \u015feklinde mi devam etmektedir? \u0130thal edilen at\u0131klar\u0131n denetlenmesi konusunda uygulanan i\u015flemler nelerdir? Bu i\u015flemler sonucunda geri d\u00f6n\u00fc\u015ft\u00fcr\u00fclebilir olmayan at\u0131klar tespit edilmi\u015f midir? Bunlara y\u00f6nelik ne gibi i\u015flemler yap\u0131lm\u0131\u015ft\u0131r? Y\u0131llara g\u00f6re ayr\u0131 ayr\u0131 belirtilmek \u00fczere son 10 y\u0131lda ka\u00e7 ton at\u0131k ithal edilmi\u015ftir? Bu at\u0131klar\u0131n ne kadar\u0131 bertaraf, depolama ve\/veya yak\u0131lma i\u015flemlerine maruz kalm\u0131\u015ft\u0131r?Y\u0131llara g\u00f6re ayr\u0131 ayr\u0131 belirtilmek \u00fczere, son 10 y\u0131lda hangi \u00fclkelerden ne miktarda plastik at\u0131k ithal edilmi\u015ftir?Geri d\u00f6n\u00fc\u015ft\u00fcr\u00fclen ithal at\u0131klar ne miktarda, hangi tesiste geri d\u00f6n\u00fc\u015ft\u00fcr\u00fclm\u00fc\u015ft\u00fcr? \u0130thal edilen at\u0131klar, g\u00fcmr\u00fck kap\u0131lar\u0131 ve miktarlar\u0131 ayr\u0131 ayr\u0131 belirtilmek \u00fczere \u00fclkemize hangi g\u00fcmr\u00fck kap\u0131lar\u0131ndan sokulmu\u015ftur?T\u00fcrkiye\u2019de y\u0131ll\u0131k plastik t\u00fcketimi ne kadard\u0131r? Son 10 y\u0131lda nas\u0131l bir de\u011fi\u015fim ya\u015fanm\u0131\u015ft\u0131r? Plastik ihtiyac\u0131m\u0131z\u0131n ne kadar\u0131 ithal \u00e7\u00f6plerden kar\u015f\u0131lanmaktad\u0131r? T\u00fcrkiye i\u00e7inde \u00fcretilen plastik \u00e7\u00f6p miktar\u0131 ne kadard\u0131r? Bunun ne kadar\u0131 geri d\u00f6n\u00fc\u015f\u00fcmle yeniden kullan\u0131labilmektedir?At\u0131k ithalat\u0131 konusunda lisansl\u0131 firma say\u0131s\u0131 ka\u00e7t\u0131r? Bunlar\u0131n illere da\u011f\u0131l\u0131m\u0131 nedir? At\u0131k ithalat\u0131 ger\u00e7ekle\u015ftiren lisanss\u0131z firmalar hangileridir? Bu firmalar son on y\u0131lda ka\u00e7 ton \u00e7\u00f6p ithal etmi\u015flerdir?Plastik \u00e7\u00f6p ithalat\u0131 yerine geri d\u00f6n\u00fc\u015f\u00fcm e\u011fitimleri ve seferberli\u011fi ile plastik \u00e7\u00f6plerin hen\u00fcz hane i\u00e7indeyken ayr\u0131\u015ft\u0131r\u0131lmas\u0131 ile ithalat\u0131n \u00f6n\u00fcne ge\u00e7meye y\u00f6nelik bir \u00e7al\u0131\u015fman\u0131z mevcut mudur?<\/p>\n","protected":false},"excerpt":{"rendered":"<p>Mersin ve \u0130skendurun limanlar\u0131na \u0130talya&#8217;dan getirildi\u011fi 3 bin tonu a\u015fk\u0131n \u00e7\u00f6p iddialar\u0131n\u0131 Mersin Milletvekili Cengiz G\u00f6k\u00e7el, meclis g\u00fcndemine ta\u015f\u0131d\u0131. G\u00f6k\u00e7el, \u00f6nergesinde T\u00fcrkiye&#8217;nin d\u00fcnyan\u0131n en b\u00fcy\u00fck \u00e7\u00f6p ithalat\u00e7\u0131lar\u0131ndan biri haline getirilmesinin &hellip; <a href=\"https:\/\/mersinekonomipolitikagazetesi.com\/?p=5574\" class=\"more-link\">Devam\u0131n\u0131 Oku&#8230;<\/a><\/p>\n","protected":false},"author":1,"featured_media":0,"comment_status":"open","ping_status":"open","sticky":false,"template":"","format":"standard","meta":[],"categories":[],"tags":[],"_links":{"self":[{"href":"https:\/\/mersinekonomipolitikagazetesi.com\/index.php?rest_route=\/wp\/v2\/posts\/5574"}],"collection":[{"href":"https:\/\/mersinekonomipolitikagazetesi.com\/index.php?rest_route=\/wp\/v2\/posts"}],"about":[{"href":"https:\/\/mersinekonomipolitikagazetesi.com\/index.php?rest_route=\/wp\/v2\/types\/post"}],"author":[{"embeddable":true,"href":"https:\/\/mersinekonomipolitikagazetesi.com\/index.php?rest_route=\/wp\/v2\/users\/1"}],"replies":[{"embeddable":true,"href":"https:\/\/mersinekonomipolitikagazetesi.com\/index.php?rest_route=%2Fwp%2Fv2%2Fcomments&post=5574"}],"version-history":[{"count":0,"href":"https:\/\/mersinekonomipolitikagazetesi.com\/index.php?rest_route=\/wp\/v2\/posts\/5574\/revisions"}],"wp:attachment":[{"href":"https:\/\/mersinekonomipolitikagazetesi.com\/index.php?rest_route=%2Fwp%2Fv2%2Fmedia&parent=5574"}],"wp:term":[{"taxonomy":"category","embeddable":true,"href":"https:\/\/mersinekonomipolitikagazetesi.com\/index.php?rest_route=%2Fwp%2Fv2%2Fcategories&post=5574"},{"taxonomy":"post_tag","embeddable":true,"href":"https:\/\/mersinekonomipolitikagazetesi.com\/index.php?rest_route=%2Fwp%2Fv2%2Ftags&post=5574"}],"curies":[{"name":"wp","href":"https:\/\/api.w.org\/{rel}","templated":true}]}}