{"id":5575,"date":"2020-11-04T18:26:00","date_gmt":"2020-11-04T15:26:00","guid":{"rendered":"http:\/\/mersinekonomipolitikagazetesi.com\/?p=5575"},"modified":"2020-11-04T18:26:00","modified_gmt":"2020-11-04T15:26:00","slug":"mersindeki-kadinlar-belediye-hizmetlerine-gonullu-oldu","status":"publish","type":"post","link":"https:\/\/mersinekonomipolitikagazetesi.com\/?p=5575","title":{"rendered":"Mersin&#8217;deki kad\u0131nlar belediye hizmetlerine g\u00f6n\u00fcll\u00fc oldu"},"content":{"rendered":"<p>Mersin B\u00fcy\u00fck\u015fehir Belediyesi Kad\u0131n ve Aile Hizmetleri Dairesi Ba\u015fkanl\u0131\u011f\u0131, Akdeniz il\u00e7esindeki mahalle muhtarlar\u0131 ve il\u00e7ede ikamet eden kad\u0131nlar\u0131n kat\u0131l\u0131m\u0131yla, &#8216;Belediye hizmetlerine g\u00f6n\u00fcll\u00fc kat\u0131l\u0131m&#8217; toplant\u0131s\u0131 d\u00fczenledi.\u00a0<br \/>\nToplant\u0131da konu\u015fan B\u00fcy\u00fck\u015fehir Belediye Ba\u015fkan\u0131 Vahap Se\u00e7er&#8217;in e\u015fi Meral Se\u00e7er, kad\u0131n ve aile konular\u0131ndaki \u00e7al\u0131\u015fmalarda i\u015fbirli\u011fi sa\u011flayarak, g\u00f6n\u00fcll\u00fcl\u00fck esas\u0131yla sorunlar\u0131n h\u0131zl\u0131ca \u00e7\u00f6z\u00fcm\u00fcne katk\u0131 vermek istediklerini belirterek, \u201cBu bizim ikinci toplant\u0131m\u0131z. 11 \u015eubat\u2019a kadar t\u00fcm il\u00e7elerde birinci etap taramas\u0131n\u0131 yapaca\u011f\u0131z. Mahallelerimizdeki kad\u0131n ve aileyle ilgili problemlerin veya taleplerin daha etkili bir \u015fekilde \u00e7\u00f6z\u00fcme kavu\u015fturulabilmesi i\u00e7in g\u00f6n\u00fcll\u00fc kad\u0131nlar\u0131m\u0131zdan Kad\u0131n ve Aile Hizmetleri Dairesi\u2019ne gelecek taleplerin de\u011ferlendirilmesi ve belediyenin di\u011fer birimlerine ula\u015ft\u0131r\u0131lmas\u0131 konusunda h\u0131z kazanmak ve yap\u0131lan \u00e7al\u0131\u015fmalar\u0131n daha etkin olmas\u0131n\u0131 sa\u011flamak istiyoruz\u201d dedi.\u00a0<\/p>\n<p>\u201cHer konuda ihtiyac\u0131n\u0131za daha h\u0131zl\u0131 eri\u015fim sa\u011flanacak\u201d<br \/>\n\u00a0<br \/>\nMuhtarlar\u0131n sorunlar\u0131n \u00e7\u00f6z\u00fcm\u00fc noktas\u0131nda ciddi \u00e7abalar sarf ettiklerini vurgulayan Meral Se\u00e7er, \u00f6zellikle kad\u0131nlar\u0131n kimi zaman payla\u015fmakta dahi g\u00fc\u00e7l\u00fck \u00e7ektikleri sorunlarla kar\u015f\u0131 kar\u015f\u0131ya kald\u0131klar\u0131n\u0131 s\u00f6yledi. Sorunlar\u0131n \u00e7\u00f6z\u00fcme kavu\u015fturulmas\u0131 i\u00e7in ileti\u015fim a\u011f\u0131n\u0131n kurularak, gerekli s\u00fcre\u00e7lerin y\u00fcr\u00fct\u00fclmesini sa\u011flamak istediklerini dile getiren Se\u00e7er,\u201c\u0130\u015fbirli\u011fimiz artacak. Arzu etmeyiz ama hukuksal problemleriniz olabilir. Burada bir hukuksal problem dedi\u011finizde Mersin Barosu ile Kad\u0131n ve Aile Hizmetleri Dairesi\u2019nin yapt\u0131\u011f\u0131 bir i\u015fbirli\u011fi var. B\u00f6yle bir durumda sizin y\u00f6nlendirilmenizi sa\u011flayaca\u011f\u0131z. Hukuksal konuda, e\u011fitim konusunda, sa\u011fl\u0131k, k\u00fclt\u00fcr ve her konuda ihtiyac\u0131n\u0131za daha h\u0131zl\u0131 eri\u015fim sa\u011flanacak\u201d ifadelerini kulland\u0131.\u00a0<br \/>\n\u201cG\u00f6n\u00fcll\u00fcl\u00fck y\u00fcrek isteyen bir i\u015f\u201d\u00a0<br \/>\n&#8216;Mersin\u2019e g\u00f6nl\u00fcm\u00fc verdim&#8217; slogan\u0131yla yap\u0131lan ilk toplant\u0131da g\u00f6n\u00fcll\u00fcl\u00fck protokol\u00fcne ilk imzay\u0131 att\u0131\u011f\u0131n\u0131 belirten Meral Se\u00e7er, g\u00f6n\u00fcll\u00fc\u011f\u00fcn y\u00fcrek i\u015fi oldu\u011funu s\u00f6yledi. G\u00f6n\u00fcll\u00fcl\u00fckle y\u00fcr\u00fct\u00fclen \u00e7al\u0131\u015fmalar\u0131n ki\u015filerde de olumlu izler b\u0131rakt\u0131\u011f\u0131n\u0131 dile getiren Se\u00e7er, \u201cG\u00f6n\u00fcll\u00fcl\u00fck insanlar\u0131n bilgisini, becerisini, finansman\u0131n\u0131 kendi ailesi ve \u00e7evresi d\u0131\u015f\u0131nda hi\u00e7bir kar\u015f\u0131l\u0131k beklemeden topluma vermesi demektir. Asl\u0131nda g\u00f6n\u00fcll\u00fcl\u00fck y\u00fcrek isteyen bir i\u015f. Kad\u0131n ve aileye dokunarak toplumun t\u00fcm\u00fcne dokunmu\u015f oluyorsunuz. Onlara kar\u015f\u0131l\u0131ks\u0131z olarak dokunmak ve orada duyulan haz tarif edilemeyecek kadar b\u00fcy\u00fck.Topluma faydal\u0131 oldu\u011fumuz kadar asl\u0131nda fark\u0131nda olmadan kendimize de faydam\u0131z olacak. \u00d6zg\u00fcvenimiz artacak, kendimizi ifade etme \u00f6zg\u00fcrl\u00fc\u011f\u00fcm\u00fcz olacak. Di\u011fer kad\u0131nlar\u0131m\u0131za dokunman\u0131n verdi\u011fi mutlulukla ba\u015fka projeler \u00fcretebilece\u011fiz. Bir bakacaks\u0131n\u0131z \u2018evde ben hi\u00e7bir \u015fey yapam\u0131yorum\u2019 diye d\u00fc\u015f\u00fcnen ki\u015filerin i\u00e7inden ne cevherler \u00e7\u0131kacak\u201d diye konu\u015ftu.\u00a0<br \/>\nMersin, yeni g\u00f6n\u00fcll\u00fcler kazand\u0131\u00a0<br \/>\nMersin B\u00fcy\u00fck\u015fehir Belediyesi Kad\u0131n ve Aile Hizmetleri Dairesi b\u00fcnyesinde g\u00f6n\u00fcll\u00fcl\u00fck \u00e7al\u0131\u015fmalar\u0131na kat\u0131l\u0131m i\u00e7in imzalanan protokol ve g\u00f6n\u00fcll\u00fcl\u00fck esaslar\u0131 hakk\u0131nda bilgilendirilmelerin yap\u0131ld\u0131\u011f\u0131 toplant\u0131da, muhtarlar ve kat\u0131l\u0131mc\u0131lar da s\u00f6z ald\u0131. Sorunlar\u0131n\u0131, taleplerini ve d\u00fc\u015f\u00fcncelerini payla\u015fan kat\u0131l\u0131mc\u0131lar, sa\u011flanan ortam\u0131n umutlar\u0131n\u0131 ye\u015fertti\u011fini ifade etti. Muhtarl\u0131k \u0130\u015fleri Dairesi Ba\u015fkan\u0131 Ali R\u0131za \u00d6zdemir de g\u00f6n\u00fcll\u00fc vatanda\u015flar ve muhtarlarla i\u015fbirli\u011fini peki\u015ftirerek sorunlar\u0131 h\u0131zl\u0131 ve etkin bir \u015fekilde \u00e7\u00f6zebilmek i\u00e7in g\u00fc\u00e7l\u00fc bir ileti\u015fim a\u011f\u0131 i\u00e7erisinde olacaklar\u0131n\u0131 belirtti.\u00a0<br \/>\nToplant\u0131n\u0131n sonunda kat\u0131l\u0131mc\u0131lar g\u00f6n\u00fcll\u00fcl\u00fck protokol\u00fcn\u00fc imzalayarak i\u015fbirli\u011fine katk\u0131 sundu. \u00a0<\/p>\n","protected":false},"excerpt":{"rendered":"<p>Mersin B\u00fcy\u00fck\u015fehir Belediyesi Kad\u0131n ve Aile Hizmetleri Dairesi Ba\u015fkanl\u0131\u011f\u0131, Akdeniz il\u00e7esindeki mahalle muhtarlar\u0131 ve il\u00e7ede ikamet eden kad\u0131nlar\u0131n kat\u0131l\u0131m\u0131yla, &#8216;Belediye hizmetlerine g\u00f6n\u00fcll\u00fc kat\u0131l\u0131m&#8217; toplant\u0131s\u0131 d\u00fczenledi.\u00a0 Toplant\u0131da konu\u015fan B\u00fcy\u00fck\u015fehir Belediye Ba\u015fkan\u0131 &hellip; <a href=\"https:\/\/mersinekonomipolitikagazetesi.com\/?p=5575\" class=\"more-link\">Devam\u0131n\u0131 Oku&#8230;<\/a><\/p>\n","protected":false},"author":1,"featured_media":0,"comment_status":"open","ping_status":"open","sticky":false,"template":"","format":"standard","meta":[],"categories":[],"tags":[],"_links":{"self":[{"href":"https:\/\/mersinekonomipolitikagazetesi.com\/index.php?rest_route=\/wp\/v2\/posts\/5575"}],"collection":[{"href":"https:\/\/mersinekonomipolitikagazetesi.com\/index.php?rest_route=\/wp\/v2\/posts"}],"about":[{"href":"https:\/\/mersinekonomipolitikagazetesi.com\/index.php?rest_route=\/wp\/v2\/types\/post"}],"author":[{"embeddable":true,"href":"https:\/\/mersinekonomipolitikagazetesi.com\/index.php?rest_route=\/wp\/v2\/users\/1"}],"replies":[{"embeddable":true,"href":"https:\/\/mersinekonomipolitikagazetesi.com\/index.php?rest_route=%2Fwp%2Fv2%2Fcomments&post=5575"}],"version-history":[{"count":0,"href":"https:\/\/mersinekonomipolitikagazetesi.com\/index.php?rest_route=\/wp\/v2\/posts\/5575\/revisions"}],"wp:attachment":[{"href":"https:\/\/mersinekonomipolitikagazetesi.com\/index.php?rest_route=%2Fwp%2Fv2%2Fmedia&parent=5575"}],"wp:term":[{"taxonomy":"category","embeddable":true,"href":"https:\/\/mersinekonomipolitikagazetesi.com\/index.php?rest_route=%2Fwp%2Fv2%2Fcategories&post=5575"},{"taxonomy":"post_tag","embeddable":true,"href":"https:\/\/mersinekonomipolitikagazetesi.com\/index.php?rest_route=%2Fwp%2Fv2%2Ftags&post=5575"}],"curies":[{"name":"wp","href":"https:\/\/api.w.org\/{rel}","templated":true}]}}