{"id":5576,"date":"2020-11-04T18:26:00","date_gmt":"2020-11-04T15:26:00","guid":{"rendered":"http:\/\/mersinekonomipolitikagazetesi.com\/?p=5576"},"modified":"2020-11-04T18:26:00","modified_gmt":"2020-11-04T15:26:00","slug":"2-bin-800-ogrenci-mersinde-bulustu","status":"publish","type":"post","link":"https:\/\/mersinekonomipolitikagazetesi.com\/?p=5576","title":{"rendered":"2 bin 800 \u00f6\u011frenci  Mersin\u2019de bulu\u015ftu"},"content":{"rendered":"<p>Gen\u00e7lik ve Spor Bakanl\u0131\u011f\u0131 Kredi ve Yurtlar Kurumu Genel M\u00fcd\u00fcrl\u00fc\u011f\u00fc taraf\u0131ndan bu y\u0131l 5\u2019incisi d\u00fczenlenen Tematik K\u0131\u015f Kamplar\u0131n\u0131n Mersin aya\u011f\u0131 ba\u015flad\u0131. Mersin\u2019de \u2018Spor ve Sa\u011fl\u0131kl\u0131 Ya\u015fam Kamp\u0131\u2019 temas\u0131yla ger\u00e7ekle\u015ftirilecek k\u0131\u015f kamp\u0131na 6 ilden 200 KYK\u2019l\u0131 k\u0131z \u00f6\u011frenci kat\u0131l\u0131yor.\u00a0<br \/>\nKredi ve Yurtlar Kurumu (KYK) Genel M\u00fcd\u00fcrl\u00fc\u011f\u00fc \u201c5. Tematik K\u0131\u015f Kamplar\u0131\u201d kapsam\u0131nda, 15 farkl\u0131 tema ile aralar\u0131nda Mersin\u2019in de bulundu\u011fu 14 ilde, 81 ilden yurtlarda kalan \u00f6\u011frenciler, alan\u0131nda uzman isimlerle bulu\u015facak. \u0130llerde e\u015f zamanl\u0131 ba\u015flayan kamplar\u0131n Mersin aya\u011f\u0131, 20-24 Ocak tarihleri aras\u0131nda Mersin K\u0131z \u00d6\u011frenci Yurdu&#8217;nda ger\u00e7ekle\u015ftirilecek.\u00a0<br \/>\nMersin\u2019de, Spor ve Sa\u011fl\u0131kl\u0131 Ya\u015fam Kamp\u0131&#8217;n\u0131n a\u00e7\u0131l\u0131\u015f\u0131 Kredi ve Yurtlar Genel M\u00fcd\u00fcr\u00fc Recep Ali Er\u2019in kat\u0131l\u0131m\u0131yla ger\u00e7ekle\u015ftirildi. A\u00e7\u0131l\u0131\u015fa, Mersin Gen\u00e7lik ve Spor \u0130l M\u00fcd\u00fcr\u00fc O\u011fuz Kaymaz, \u0130stanbul \u00dcniversitesi \u00c7apa T\u0131p Fak\u00fcltesi Onkoloji Uzman\u0131 Dr. Yavuz Dizdar ve spiker Erdo\u011fan Ar\u0131kan ile Batman, Van, \u00c7ank\u0131r\u0131, Samsun, Bing\u00f6l ve Yalova\u2019dan gelen KYK\u2019l\u0131 k\u0131z \u00f6\u011frenciler kat\u0131ld\u0131.\u00a0<\/p>\n<p>Kredi ve Yurtlar Genel M\u00fcd\u00fcr\u00fc Recep Ali Er, kamp\u0131n a\u00e7\u0131l\u0131\u015f\u0131nda yapt\u0131\u011f\u0131 konu\u015fmada, Genel M\u00fcd\u00fcrl\u00fck olarak, milletin devlete emanet etti\u011fi gen\u00e7lere bar\u0131nma anlam\u0131nda \u00e7ok g\u00fczel \u015feyler yapt\u0131klar\u0131n\u0131 s\u00f6yledi. Gen\u00e7lerden bar\u0131nma konusunda hi\u00e7bir \u015fikayet gelmedi\u011fini belirten Er, \u201cBurs, kredi, beslenme hizmetleri yan\u0131nda, ders d\u0131\u015f\u0131 zamanlar\u0131n\u0131z\u0131 olumlu de\u011ferlendirmek, ki\u015fisel geli\u015fimlerinize ve k\u00fclt\u00fcrel birikimlerinize katk\u0131 sa\u011flamak; ba\u011f\u0131ml\u0131l\u0131k, k\u00f6t\u00fc al\u0131\u015fkanl\u0131klar ve olumsuzluklardan uzak, milli ve manevi de\u011ferlerine ba\u011fl\u0131, toplumsal aidiyet duygusu y\u00fcksek bireyler olman\u0131za destek olmak amac\u0131yla yurtlar\u0131m\u0131zda sosyal, k\u00fclt\u00fcrel ve sportif e\u011fitimler de d\u00fczenlemekteyiz\u201d dedi.\u00a0<\/p>\n<p>Bu \u00e7er\u00e7evede, bu y\u0131l 14 farkl\u0131 \u015fehirde 15 farkl\u0131 temada d\u00fczenledikleri K\u0131\u015f Kamp\u0131na, 81 ilden yakla\u015f\u0131k 2 bin 800 \u00f6\u011frencinin kat\u0131laca\u011f\u0131n\u0131 ifade eden Er, \u201cGen\u00e7lerimiz, 5 g\u00fcn s\u00fcrecek Tematik K\u0131\u015f Kamplar\u0131 boyunca hem T\u00fcrkiye\u2019nin sayg\u0131n ilim, fikir, hukuk, sanat, k\u00fclt\u00fcr ve spor adamlar\u0131yla bir araya gelerek, onlar\u0131n tecr\u00fcbelerinden istifade edecekler hem de ilgi duyduklar\u0131 alanlara ili\u015fkin g\u00fczel geli\u015fmeleri yak\u0131ndan takip edebilecekler. Bunlar\u0131n yan\u0131 s\u0131ra gen\u00e7lerimiz, farkl\u0131 \u015fehirlerde e\u011fitim-\u00f6\u011fretim hayat\u0131na devam eden di\u011fer \u00f6\u011frencilerle bir araya gelerek sosyalle\u015fme imkan\u0131 bulacak ve bu sayede yeni dostluklar edinebilecekler. Ayn\u0131 zamanda gen\u00e7lerimiz, kamp yap\u0131lan ilin tarihi, turistik ve k\u00fclt\u00fcrel de\u011ferlerini ve yerlerini de g\u00f6recekler&#8221; diye konu\u015ftu.\u00a0<\/p>\n<p>Kredi ve Yurtlar Genel M\u00fcd\u00fcrl\u00fc\u011f\u00fc olarak bar\u0131nmalar\u0131 ve beslenmeleri konusunda gen\u00e7lerin istekleri do\u011frultusunda b\u00fcy\u00fck \u00e7aba sarf ettiklerini vurgulayan Er, \u00f6\u011frencilere seslenerek, \u201c\u00d6\u011frenim hayat\u0131n\u0131z\u0131 tamamlad\u0131ktan sonra en \u00f6nemli an\u0131lar\u0131n\u0131z yurtlardaki an\u0131lar\u0131n\u0131z olacakt\u0131r. \u00c7\u00fcnk\u00fc payla\u015f\u0131mlar\u0131n daha \u00e7ok oldu\u011fu, dertlerin daha \u00e7ok konu\u015fuldu\u011fu yer yurtlard\u0131r. Devlet yurtlar\u0131nda bar\u0131nan \u00f6\u011frencilerin velileri \u00e7ok daha mutludur. Buna inan\u0131yorum, \u00e7\u00fcnk\u00fc kap\u0131lar\u0131nda bir g\u00fcvenlik\u00e7i, odalar\u0131 s\u0131cac\u0131k, belli saatlere kadar her an karn\u0131n\u0131 doyurabilece\u011fi yemek ve dertlerini anlatabilecekleri yurt y\u00f6netim memurlar\u0131 ve idarecileri var. Bu konuda aileleriniz \u00e7ok \u015fansl\u0131 ve mutlu, sizi \u00e7ok fazla d\u00fc\u015f\u00fcnm\u00fcyorlar. Siz de bunun de\u011ferini daha sonra anlayacaks\u0131n\u0131z. Gen\u00e7siniz, belki baz\u0131 ihtiya\u00e7lar\u0131n\u0131z kar\u015f\u0131lanm\u0131yor olabilir ama as\u0131l insan\u0131n temel ihtiya\u00e7lar\u0131 olan bar\u0131nman\u0131z\u0131 ve beslenmenizi kar\u015f\u0131l\u0131yoruz. D\u00fcnyadaki devletleri de ara\u015ft\u0131r\u0131yoruz. D\u00fcnyan\u0131n hi\u00e7bir \u00fclkesinde T\u00fcrkiye\u2019deki kadar y\u00fcksek \u00f6\u011frenim \u00f6\u011frencilerine katk\u0131 sa\u011flayan, onlar\u0131n dertleriyle dertlenen ba\u015fka bir \u00fclke yoktur. Siz bunu \u00e7ok ucuz bir \u015fekilde kar\u015f\u0131l\u0131yorsunuz ve e\u011fitiminizi tamaml\u0131yorsunuz. Biz bunu bir g\u00f6rev olarak kabul ediyoruz. Elimizden gelse \u00e7ok daha iyisini yapaca\u011f\u0131z. Yapmak i\u00e7in de gayet ediyoruz, buna emin olun. Kamp boyunca keyifli vakit ge\u00e7irmenizi, faydal\u0131 bilgiler ve yeni dostluklarla buradan ayr\u0131lman\u0131z\u0131, hayat\u0131n\u0131z boyunca ba\u015far\u0131l\u0131 olman\u0131z\u0131 diliyorum\u201d ifadelerini kulland\u0131. \u00a0<\/p>\n","protected":false},"excerpt":{"rendered":"<p>Gen\u00e7lik ve Spor Bakanl\u0131\u011f\u0131 Kredi ve Yurtlar Kurumu Genel M\u00fcd\u00fcrl\u00fc\u011f\u00fc taraf\u0131ndan bu y\u0131l 5\u2019incisi d\u00fczenlenen Tematik K\u0131\u015f Kamplar\u0131n\u0131n Mersin aya\u011f\u0131 ba\u015flad\u0131. Mersin\u2019de \u2018Spor ve Sa\u011fl\u0131kl\u0131 Ya\u015fam Kamp\u0131\u2019 temas\u0131yla ger\u00e7ekle\u015ftirilecek k\u0131\u015f &hellip; <a href=\"https:\/\/mersinekonomipolitikagazetesi.com\/?p=5576\" class=\"more-link\">Devam\u0131n\u0131 Oku&#8230;<\/a><\/p>\n","protected":false},"author":1,"featured_media":0,"comment_status":"open","ping_status":"open","sticky":false,"template":"","format":"standard","meta":[],"categories":[],"tags":[],"_links":{"self":[{"href":"https:\/\/mersinekonomipolitikagazetesi.com\/index.php?rest_route=\/wp\/v2\/posts\/5576"}],"collection":[{"href":"https:\/\/mersinekonomipolitikagazetesi.com\/index.php?rest_route=\/wp\/v2\/posts"}],"about":[{"href":"https:\/\/mersinekonomipolitikagazetesi.com\/index.php?rest_route=\/wp\/v2\/types\/post"}],"author":[{"embeddable":true,"href":"https:\/\/mersinekonomipolitikagazetesi.com\/index.php?rest_route=\/wp\/v2\/users\/1"}],"replies":[{"embeddable":true,"href":"https:\/\/mersinekonomipolitikagazetesi.com\/index.php?rest_route=%2Fwp%2Fv2%2Fcomments&post=5576"}],"version-history":[{"count":0,"href":"https:\/\/mersinekonomipolitikagazetesi.com\/index.php?rest_route=\/wp\/v2\/posts\/5576\/revisions"}],"wp:attachment":[{"href":"https:\/\/mersinekonomipolitikagazetesi.com\/index.php?rest_route=%2Fwp%2Fv2%2Fmedia&parent=5576"}],"wp:term":[{"taxonomy":"category","embeddable":true,"href":"https:\/\/mersinekonomipolitikagazetesi.com\/index.php?rest_route=%2Fwp%2Fv2%2Fcategories&post=5576"},{"taxonomy":"post_tag","embeddable":true,"href":"https:\/\/mersinekonomipolitikagazetesi.com\/index.php?rest_route=%2Fwp%2Fv2%2Ftags&post=5576"}],"curies":[{"name":"wp","href":"https:\/\/api.w.org\/{rel}","templated":true}]}}