{"id":5577,"date":"2020-11-04T18:26:00","date_gmt":"2020-11-04T15:26:00","guid":{"rendered":"http:\/\/mersinekonomipolitikagazetesi.com\/?p=5577"},"modified":"2020-11-04T18:26:00","modified_gmt":"2020-11-04T15:26:00","slug":"kirmizi-seytanlardan-yaylim-atesi-ozyigiti-maclarimizda-gormek-istemiyoruz","status":"publish","type":"post","link":"https:\/\/mersinekonomipolitikagazetesi.com\/?p=5577","title":{"rendered":"KIRMIZI \u015eEYTANLARDAN YAYLIM ATE\u015e\u0130 \u201c\u00d6ZY\u0130\u011e\u0130T\u2019\u0130 MA\u00c7LARIMIZDA G\u00d6RMEK \u0130STEM\u0130YORUZ\u201d"},"content":{"rendered":"<p>K\u0131rm\u0131z\u0131 \u015eeytanlar taraftar grubu \u0130\u00e7el \u0130dman Yurdu\u2019nun evinde a\u011f\u0131rlad\u0131\u011f\u0131 \u0130dman Yurdu 1925 ile 1-1 berabere kald\u0131\u011f\u0131 ma\u00e7\u0131n ard\u0131ndan Yeni\u015fehir Belediye Ba\u015fkan\u0131 Abdullah \u00d6zyi\u011fit&#8217;i ihanet ile su\u00e7layarak yayl\u0131m ate\u015fi a\u00e7t\u0131.\u00a0<br \/>\nTrib\u00fcne \u201c\u0130dman Yurdu 1925\u2019e Ba\u015far\u0131lar\u201d yaz\u0131l\u0131 pankart taraftarlar\u0131n tepkisine neden oldu. Taraftarlar yaz\u0131l\u0131 a\u00e7\u0131klamada, Abdullah \u00d6zyi\u011fit&#8217;i bir daha ma\u00e7lar\u0131nda g\u00f6rmek istemediklerini a\u00e7\u0131klarken \u201cHani \u00f6nceli\u011finiz \u0130\u00e7el \u0130dman Yurdu idi?\u201d sorusunu sordular. \u00a0\u00a0<\/p>\n<p>\u0130hanet kenti Mersin&#8230;<\/p>\n<p>Taraftar\u0131n yapt\u0131\u011f\u0131 yaz\u0131l\u0131 a\u00e7\u0131klaman\u0131n tamam\u0131 \u015f\u00f6yle:<br \/>\n\u0130hanet kenti Mersin&#8230;<br \/>\nY\u0131llard\u0131r Mersin ne \u00e7ektiyse birbirinin kuyusunu kazan insanlardan \u00e7ekti. Oynanan kar\u015f\u0131la\u015fmada \u0130\u00e7el<br \/>\n\u0130dman Yurdu&#8217;na yap\u0131lanlar\u0131 bu taraftar unutmayacak.<br \/>\nBu kadar canla ba\u015fla m\u00fccadele eden \u0130dman Yurdu 1925 tak\u0131m\u0131 \u015fampiyon mu olacak? Hani \u00f6nceli\u011finiz<br \/>\n\u0130\u00e7el \u0130dman Yurdu idi ? Bu nas\u0131l \u00f6ncelik ?<br \/>\nBug\u00fcn ma\u00e7ta ortaya konulan &#8220;hain&#8221; davran\u0131\u015flar\u0131 unutmayaca\u011f\u0131z.<br \/>\nSon olarak &#8220;\u0130dman Yurdu 1925 tak\u0131m\u0131na \u015fampiyonluk yolunda ba\u015far\u0131lar dilerim&#8221; pankart\u0131 ast\u0131ran<br \/>\nYeni\u015fehir Belediye Ba\u015fkan\u0131 Abdullah \u00d6zyi\u011fit&#8217;i ma\u00e7lar\u0131m\u0131zda g\u00f6rmek istemiyoruz&#8230;<\/p>\n<p>Sosyal medyada b\u00fcy\u00fck tepki<\/p>\n<p>Trib\u00fcne \u201c\u0130dman Yurdu 1925\u2019e Ba\u015far\u0131lar\u201d yaz\u0131s\u0131n\u0131n as\u0131lmas\u0131na sosyal medyadan da b\u00fcy\u00fck tepki geldi. \u0130dmanyurdu sevdal\u0131lar\u0131 bunu unutmayacaklar\u0131n\u0131 belirten yaz\u0131lar payla\u015ft\u0131lar.<br \/>\nBunlardan baz\u0131lar\u0131 \u015f\u00f6yle;<br \/>\n\u201c\u015eehir , futbolcular ve taraftar kenetlenmi\u015fken bu neyin nesi say\u0131n \u00d6zyi\u011fit?\u201d<br \/>\n\u201cBunlar ne yaparlarsa yaps\u0131nlar \u015fampiyonluktan bizi al\u0131koyam\u0131yacaklar. \u015eampiyon \u0130\u00e7el \u0130dmanyurdu in\u015fallah.<br \/>\n\u201cBen hi\u00e7 bir yerde g\u00f6rmek istemiyorum ama yapacak bir \u015fey yok 4 y\u0131l daha g\u00f6rece\u011fiz.\u201d<\/p>\n","protected":false},"excerpt":{"rendered":"<p>K\u0131rm\u0131z\u0131 \u015eeytanlar taraftar grubu \u0130\u00e7el \u0130dman Yurdu\u2019nun evinde a\u011f\u0131rlad\u0131\u011f\u0131 \u0130dman Yurdu 1925 ile 1-1 berabere kald\u0131\u011f\u0131 ma\u00e7\u0131n ard\u0131ndan Yeni\u015fehir Belediye Ba\u015fkan\u0131 Abdullah \u00d6zyi\u011fit&#8217;i ihanet ile su\u00e7layarak yayl\u0131m ate\u015fi a\u00e7t\u0131.\u00a0 Trib\u00fcne &hellip; <a href=\"https:\/\/mersinekonomipolitikagazetesi.com\/?p=5577\" class=\"more-link\">Devam\u0131n\u0131 Oku&#8230;<\/a><\/p>\n","protected":false},"author":1,"featured_media":0,"comment_status":"open","ping_status":"open","sticky":false,"template":"","format":"standard","meta":[],"categories":[],"tags":[],"_links":{"self":[{"href":"https:\/\/mersinekonomipolitikagazetesi.com\/index.php?rest_route=\/wp\/v2\/posts\/5577"}],"collection":[{"href":"https:\/\/mersinekonomipolitikagazetesi.com\/index.php?rest_route=\/wp\/v2\/posts"}],"about":[{"href":"https:\/\/mersinekonomipolitikagazetesi.com\/index.php?rest_route=\/wp\/v2\/types\/post"}],"author":[{"embeddable":true,"href":"https:\/\/mersinekonomipolitikagazetesi.com\/index.php?rest_route=\/wp\/v2\/users\/1"}],"replies":[{"embeddable":true,"href":"https:\/\/mersinekonomipolitikagazetesi.com\/index.php?rest_route=%2Fwp%2Fv2%2Fcomments&post=5577"}],"version-history":[{"count":0,"href":"https:\/\/mersinekonomipolitikagazetesi.com\/index.php?rest_route=\/wp\/v2\/posts\/5577\/revisions"}],"wp:attachment":[{"href":"https:\/\/mersinekonomipolitikagazetesi.com\/index.php?rest_route=%2Fwp%2Fv2%2Fmedia&parent=5577"}],"wp:term":[{"taxonomy":"category","embeddable":true,"href":"https:\/\/mersinekonomipolitikagazetesi.com\/index.php?rest_route=%2Fwp%2Fv2%2Fcategories&post=5577"},{"taxonomy":"post_tag","embeddable":true,"href":"https:\/\/mersinekonomipolitikagazetesi.com\/index.php?rest_route=%2Fwp%2Fv2%2Ftags&post=5577"}],"curies":[{"name":"wp","href":"https:\/\/api.w.org\/{rel}","templated":true}]}}