{"id":5578,"date":"2020-11-04T18:26:00","date_gmt":"2020-11-04T15:26:00","guid":{"rendered":"http:\/\/mersinekonomipolitikagazetesi.com\/?p=5578"},"modified":"2020-11-04T18:26:00","modified_gmt":"2020-11-04T15:26:00","slug":"erdemlinin-hal-sorunu-cozuluyor","status":"publish","type":"post","link":"https:\/\/mersinekonomipolitikagazetesi.com\/?p=5578","title":{"rendered":"Erdemli&#8217;nin hal sorunu \u00e7\u00f6z\u00fcl\u00fcyor"},"content":{"rendered":"<p>Mersin B\u00fcy\u00fck\u015fehir Belediye Ba\u015fkan\u0131 Vahap Se\u00e7er, \u00f6nceki d\u00f6nemde ihale edilen ve in\u015faat\u0131 yar\u0131m kalan Erdemli Toptanc\u0131 Hali i\u00e7in yeni bir ihaleye \u00e7\u0131kacaklar\u0131n\u0131, toplam 103 d\u00fckkan bulunan halin en k\u0131sa s\u00fcrede hizmete sunulaca\u011f\u0131n\u0131 s\u00f6yledi.\u00a0<\/p>\n<p>B\u00fcy\u00fck\u015fehir Belediyesi&#8217;nden yap\u0131lan a\u00e7\u0131klamaya g\u00f6re, Erdemli Belediyesi, 11 y\u0131l \u00f6nce 65 d\u00f6n\u00fcml\u00fck alan \u00fczerinde 86 d\u00fckkan, 17 sevkiyat\u00e7\u0131 d\u00fckkan\u0131 ve idari binas\u0131 da olan toptanc\u0131 hali i\u00e7in ihaleye \u00e7\u0131km\u0131\u015f ve m\u00fcteahhit eliyle in\u015faata ba\u015flanm\u0131\u015ft\u0131. 2014 y\u0131l\u0131nda B\u00fcy\u00fck\u015fehir Belediyeleri Yasas\u0131ndaki de\u011fi\u015fikli\u011fin ard\u0131ndan hal tesisinin arazisi ve yar\u0131m kalan in\u015faat\u0131 da Mersin B\u00fcy\u00fck\u015fehir Belediyesi\u2019ne ge\u00e7ti. \u00d6nceki d\u00f6nemde Mersin B\u00fcy\u00fck\u015fehir Belediyesi, hal tesisi i\u00e7in yeniden ihaleye \u00e7\u0131kt\u0131, ancak i\u015fi alan firma ekonomik sorunlar ya\u015fay\u0131nca 2018 y\u0131l\u0131 Haziran ay\u0131nda hal in\u015faat\u0131 bir kez daha durdu.\u00a0<br \/>\nBa\u015fkan Se\u00e7er in\u015faat alan\u0131n\u0131 gezdi\u00a0<br \/>\nB\u00fcy\u00fck\u015fehir Belediye Ba\u015fkan\u0131 Vahap Se\u00e7er, Erdemli\u2019de tar\u0131m ve ticaret a\u00e7\u0131s\u0131ndan olduk\u00e7a \u00f6nem ta\u015f\u0131yan hal tesisi in\u015faat\u0131n\u0131n tamamlanmas\u0131 ve esnafa tahsis edilmesi i\u00e7in d\u00fc\u011fmeye bast\u0131. Erdemli program\u0131 s\u0131ras\u0131nda hal tesisi in\u015faat\u0131 alan\u0131n\u0131 gezen ve birim sorumlular\u0131ndan bilgi alan Se\u00e7er, \u201cErdemli i\u00e7in sebze ve meyve hali \u00f6nemli. \u00c7\u00fcnk\u00fc \u00fcretici b\u00f6lgesi buras\u0131. 86 d\u00fckkana ve 17 sevkiyat\u00e7\u0131 d\u00fckkan\u0131na sahip bu komplekste, 2018 y\u0131l\u0131ndan bu yana in\u015faat durmu\u015f durumda. Y\u00fcklenici m\u00fcteahhit firman\u0131n ekonomik durumunun bozulmas\u0131yla ilgili bir durum s\u00f6z konusu. Biz bu konuyla ilgili baz\u0131 hukuki \u00e7al\u0131\u015fmalar\u0131 yapt\u0131k. \u00c7ok k\u0131sa s\u00fcre sonra da tekrar buran\u0131n yap\u0131m ihalesine \u00e7\u0131kaca\u011f\u0131z ve k\u0131sa s\u00fcre i\u00e7erisinde bunu bitirmek istiyoruz. Toplamda y\u00fczde 40-45 in\u015faat\u0131n ger\u00e7ekle\u015fme oran\u0131 var. Kalan y\u00fczde 55-60\u2019l\u0131k k\u0131sm\u0131n\u0131 da yeni verece\u011fimiz ihaleyle bitirece\u011fiz. 86 mevcut d\u00fckkan\u0131n asl\u0131nda kar\u015f\u0131l\u0131\u011f\u0131 var. Eski Erdemli Sebze ve Meyve Hali\u2019ndeki d\u00fckkan say\u0131m\u0131z da 86. Yaln\u0131z Kocahasanl\u0131\u2019da da esnaf\u0131m\u0131z var. Orada aktif \u00e7al\u0131\u015fan 14 esnaf\u0131m\u0131z var. Onlar\u0131 da buraya entegre etmek istiyoruz. Bu sebeple de ilave bir \u00fcnite yapma ihtiyac\u0131 ortaya \u00e7\u0131k\u0131yor. Bu konuyla ilgili de arkada\u015flar\u0131m\u0131z \u00e7al\u0131\u015f\u0131yorlar. Umut ediyorum en k\u0131sa s\u00fcrede in\u015faat\u0131 bitiririz. Hem hijyen, hem fiziki ko\u015fullar\u0131 uygun bir halde il\u00e7emize kavu\u015ftururuz\u201d dedi.\u00a0<br \/>\nErdemli\u2019ye 300 milyon liral\u0131k altyap\u0131 yat\u0131r\u0131m\u0131\u00a0<br \/>\nBa\u015fkan Se\u00e7er, Erdemli kent merkezinde MESK\u0130 taraf\u0131ndan y\u00fcr\u00fct\u00fclen ya\u011fmursuyu hatt\u0131 \u00e7al\u0131\u015fmalar\u0131n\u0131 da yerinde inceledi. \u015eantiye sahas\u0131n\u0131 gezen ve alanda g\u00f6revli ekipten bilgi alan Se\u00e7er, \u00f6n\u00fcm\u00fczdeki 4 y\u0131l i\u00e7inde il\u00e7eye 300 milyon lira tutar\u0131nda altyap\u0131 yat\u0131r\u0131m\u0131 yapacaklar\u0131n\u0131 s\u00f6yledi. Se\u00e7er, \u201cBurada MESK\u0130\u2019nin bir \u00e7al\u0131\u015fmas\u0131 var. G\u00fczeloluk yolundan a\u015fa\u011f\u0131ya deniz taraf\u0131na, Silifke yolunun a\u015fa\u011f\u0131s\u0131ndan ge\u00e7en bir menfez. Burada daha \u00f6nce sorunlar oldu. A\u015f\u0131r\u0131 ya\u011fmurlarda da t\u0131kanmalar oldu ve burada baz\u0131 yerleri su bast\u0131. Ama \u015fimdi bu \u00e7al\u0131\u015fmadan sonra rahatlayacak ve bu sorunu ortadan kald\u0131raca\u011f\u0131z\u201d ifadelerini kulland\u0131.<br \/>\n\u00a0<br \/>\nProjeler 4 y\u0131l i\u00e7inde hayata ge\u00e7irilecek<br \/>\n\u00a0<br \/>\nMersin Su ve Kanalizasyon \u0130daresi Genel M\u00fcd\u00fcrl\u00fc\u011f\u00fc\u2019n\u00fcn Erdemli ve Silifke ile ilgili \u00f6nemli projeleri oldu\u011funu vurgulayan Se\u00e7er, \u201c\u00d6zellikle Erdemli-Silifke hatt\u0131nda, k\u0131y\u0131 hatt\u0131nda hem temiz i\u00e7me suyu hem kanalizasyon hem de ar\u0131tma tesisi projelerimiz \u00f6n\u00fcm\u00fczdeki 4 y\u0131l i\u00e7inde hayata ge\u00e7irilecek. Sadece Erdemli i\u00e7in 300 milyon lira yat\u0131r\u0131m\u0131m\u0131z s\u00f6z konusu. Bunlar yat\u0131r\u0131m program\u0131na al\u0131nm\u0131\u015f. 2020, 2021, 2022, 2023 bu y\u0131llar i\u00e7erisinde ba\u015flanacak, in\u015faatlar\u0131m\u0131z\u0131 bitirece\u011fiz. \u0130n\u015fallah bu 4 y\u0131lda \u00f6zellikle kanalizasyon, ar\u0131tma ve altyap\u0131 konusunda sorunlar ya\u015fayan bu b\u00f6lgede \u00f6nemli yat\u0131r\u0131mlara imza ataca\u011f\u0131z\u201d diye konu\u015ftu. \u00a0<\/p>\n","protected":false},"excerpt":{"rendered":"<p>Mersin B\u00fcy\u00fck\u015fehir Belediye Ba\u015fkan\u0131 Vahap Se\u00e7er, \u00f6nceki d\u00f6nemde ihale edilen ve in\u015faat\u0131 yar\u0131m kalan Erdemli Toptanc\u0131 Hali i\u00e7in yeni bir ihaleye \u00e7\u0131kacaklar\u0131n\u0131, toplam 103 d\u00fckkan bulunan halin en k\u0131sa s\u00fcrede &hellip; <a href=\"https:\/\/mersinekonomipolitikagazetesi.com\/?p=5578\" class=\"more-link\">Devam\u0131n\u0131 Oku&#8230;<\/a><\/p>\n","protected":false},"author":1,"featured_media":0,"comment_status":"open","ping_status":"open","sticky":false,"template":"","format":"standard","meta":[],"categories":[],"tags":[],"_links":{"self":[{"href":"https:\/\/mersinekonomipolitikagazetesi.com\/index.php?rest_route=\/wp\/v2\/posts\/5578"}],"collection":[{"href":"https:\/\/mersinekonomipolitikagazetesi.com\/index.php?rest_route=\/wp\/v2\/posts"}],"about":[{"href":"https:\/\/mersinekonomipolitikagazetesi.com\/index.php?rest_route=\/wp\/v2\/types\/post"}],"author":[{"embeddable":true,"href":"https:\/\/mersinekonomipolitikagazetesi.com\/index.php?rest_route=\/wp\/v2\/users\/1"}],"replies":[{"embeddable":true,"href":"https:\/\/mersinekonomipolitikagazetesi.com\/index.php?rest_route=%2Fwp%2Fv2%2Fcomments&post=5578"}],"version-history":[{"count":0,"href":"https:\/\/mersinekonomipolitikagazetesi.com\/index.php?rest_route=\/wp\/v2\/posts\/5578\/revisions"}],"wp:attachment":[{"href":"https:\/\/mersinekonomipolitikagazetesi.com\/index.php?rest_route=%2Fwp%2Fv2%2Fmedia&parent=5578"}],"wp:term":[{"taxonomy":"category","embeddable":true,"href":"https:\/\/mersinekonomipolitikagazetesi.com\/index.php?rest_route=%2Fwp%2Fv2%2Fcategories&post=5578"},{"taxonomy":"post_tag","embeddable":true,"href":"https:\/\/mersinekonomipolitikagazetesi.com\/index.php?rest_route=%2Fwp%2Fv2%2Ftags&post=5578"}],"curies":[{"name":"wp","href":"https:\/\/api.w.org\/{rel}","templated":true}]}}