{"id":5580,"date":"2020-11-04T18:26:00","date_gmt":"2020-11-04T15:26:00","guid":{"rendered":"http:\/\/mersinekonomipolitikagazetesi.com\/?p=5580"},"modified":"2020-11-04T18:26:00","modified_gmt":"2020-11-04T15:26:00","slug":"mersinden-idlibe-17-yardim-tiri-yola-cikti","status":"publish","type":"post","link":"https:\/\/mersinekonomipolitikagazetesi.com\/?p=5580","title":{"rendered":"Mersin&#8217;den \u0130dlib&#8217;e 17 yard\u0131m t\u0131r\u0131 yola \u00e7\u0131kt\u0131"},"content":{"rendered":"<p>T\u00fcrkiye Diyanet Vakf\u0131 ve Diyanet \u0130\u015fleri Ba\u015fkanl\u0131\u011f\u0131 taraf\u0131ndan &#8216;Yolun \u0130yilik Olsun&#8217; temas\u0131yla ba\u015flat\u0131lan kampanya \u00e7er\u00e7evesinde, Mersin \u0130l M\u00fcft\u00fcl\u00fc\u011f\u00fcnce toplanan 17 yard\u0131m t\u0131r\u0131 dualarla \u0130dlib&#8217;e u\u011furland\u0131. Yard\u0131m t\u0131rlar\u0131yla \u0130dlib&#8217;e yiyecek, giyecek, temizlik malzemesi, soba, yatak ve \u00e7ad\u0131r ula\u015ft\u0131r\u0131lacak.\u00a0<br \/>\nMersin \u0130l M\u00fcft\u00fcl\u00fc\u011f\u00fc, T\u00fcrkiye Diyanet Vakf\u0131 ve Diyanet \u0130\u015fleri Ba\u015fkanl\u0131\u011f\u0131 taraf\u0131ndan &#8216;Yolun \u0130yilik Olsun&#8217; temas\u0131yla ba\u015flatt\u0131\u011f\u0131 kampanya kapsam\u0131nda \u0130dlib&#8217;e 17 t\u0131r yard\u0131m g\u00f6nderdi. Eski Tevfik S\u0131rr\u0131 G\u00fcr Stadyumu \u00f6n\u00fcnde yap\u0131lan u\u011furlama t\u00f6renine, Mersin Valisi Ali \u0130hsan Su, \u0130l M\u00fcft\u00fcs\u00fc \u015eaban Kondo, Akdeniz Belediye Ba\u015fkan\u0131 Mustafa G\u00fcltak, il protokol \u00fcyeleri ve hay\u0131rsever vatanda\u015flar kat\u0131ld\u0131. Burada konu\u015fan \u0130l M\u00fcft\u00fcs\u00fc \u015eaban Kondi, Diyanet \u0130\u015fleri Ba\u015fkanl\u0131\u011f\u0131&#8217;n\u0131n \u00f6zellikle yurt i\u00e7i ve d\u0131\u015f\u0131nda mazlum ve ma\u011fdurun g\u00f6z ya\u015f\u0131n\u0131 silebilmek amac\u0131yla hay\u0131r kampanyalar\u0131 ba\u015flatt\u0131\u011f\u0131n\u0131 s\u00f6yledi. &#8216;Yolun \u0130yilik Olsun&#8217; temas\u0131yla da \u00f6zellikle \u0130dlib&#8217;de \u00e7amurlar\u0131n i\u00e7erisinde kalan, zor \u015fartlarda ge\u00e7inmeye \u00e7al\u0131\u015fan vatanda\u015flara y\u00f6nelik t\u00fcm T\u00fcrkiye \u00e7ap\u0131nda yard\u0131m kampanyas\u0131n\u0131n ba\u015flat\u0131ld\u0131\u011f\u0131n\u0131 vurgulayan Kondi, &#8220;Biz de Mersin \u0130l M\u00fcft\u00fcl\u00fc\u011f\u00fc ve Diyanet Vakf\u0131 Mersin Temsilcili\u011fiyle birlikte 15 g\u00fcn \u00f6nce bir yard\u0131m kampanyas\u0131 ba\u015flatt\u0131k. \u015eu ana kadar 3 t\u0131r g\u00f6nderdik. Burada 15 t\u0131r\u0131m\u0131z, Tarsus&#8217;ta 2 t\u0131r\u0131m\u0131z hareket ediyor. Allah izin verirse Cuma g\u00fcn\u00fcne kadar da 5 t\u0131r\u0131m\u0131z yola \u00e7\u0131kacak. Yard\u0131mlarda \u00f6zellikle g\u0131da, yatak, battaniye, giysi, bot, soba, \u00e7ad\u0131r var. Yani birinci derece yard\u0131ma ihtiya\u00e7 duyulan malzemelerle ilgili yard\u0131m topluyoruz&#8221; diye konu\u015ftu.\u00a0<br \/>\nKampanyan\u0131n halen devam etti\u011fine dikkat \u00e7eken Kondi, &#8220;Mersin&#8217;den \u00e7ok memnunuz. Hangi hay\u0131r sahibine gitsek, b\u00f6yle bir hay\u0131r kampanyam\u0131z var dedi\u011fimizde &#8216;ne kadar laz\u0131m&#8217; dediler. O y\u00fczden Mersinli hay\u0131rsever vatanda\u015flar\u0131m\u0131za \u00e7ok te\u015fekk\u00fcr ediyorum. Diyanet \u0130\u015fleri Ba\u015fkanl\u0131\u011f\u0131 olarak bizim Suriye&#8217;de lojistik merkezlerimiz var. Buradan bug\u00fcn giden 17 t\u0131r\u0131m\u0131z oradaki kamp\u0131m\u0131za malzemeleri indiriyor ve kamplarda nerenin neye ihtiyac\u0131 var belli, onlar hemen o b\u00f6lgelere g\u00f6nderiliyor. Bu \u00e7ok hay\u0131rl\u0131 hizmet oluyor. \u0130yilik ve hay\u0131r bir irade i\u015fidir. \u0130radesini, hay\u0131r ve iyilik yolunda kullanan b\u00fct\u00fcn Mersinli hay\u0131r sahiplerine, destek veren herkese can\u0131 g\u00f6n\u00fclden te\u015fekk\u00fcr ediyorum&#8221; dedi.\u00a0<br \/>\nVali Ali \u0130hsan Su ise devlet ve millet olarak nerede ma\u011fdur, mazlum varsa onlara yard\u0131m elini uzatt\u0131klar\u0131n\u0131 s\u00f6yledi. Cumhurba\u015fkan\u0131n\u0131n liderli\u011finde, h\u00fck\u00fcmetin, devletin ve milletin hep birlikte \u00e7al\u0131\u015ft\u0131\u011f\u0131n\u0131 kaydeden Su, &#8220;Devletimiz bu b\u00f6lgelerde yeniden huzurun, g\u00fcvenin tesisi i\u00e7in \u00e7ok yo\u011fun \u00e7al\u0131\u015fmalar y\u00fcr\u00fct\u00fcyor. Bizler de millet olarak burada ma\u011fdur olan, mazlum olan vatanda\u015flar\u0131m\u0131za hay\u0131rseverlerimiz vas\u0131tas\u0131yla yard\u0131mc\u0131 olmaya gayret ediyoruz. \u0130dlib b\u00f6lgesinde yap\u0131lan sald\u0131r\u0131lar sonucunda yakla\u015f\u0131k 300 binin \u00fczerinde ki\u015fi g\u00f6\u00e7 etmek zorunda kalm\u0131\u015ft\u0131r. Bunlar\u0131n yakla\u015f\u0131k y\u00fczde 76&#8217;s\u0131 kad\u0131n ve \u00e7ocuklardan olu\u015fuyor. Bu karde\u015flerimize yard\u0131m etme amac\u0131yla &#8216;Yolun \u0130yilik Olsun&#8217; yard\u0131m kampanyas\u0131 ba\u015flat\u0131ld\u0131. Biz de ilimizde bu yard\u0131m kampanyas\u0131n\u0131 s\u00fcrd\u00fcr\u00fcyoruz. T\u00fcm vatanda\u015flar\u0131m\u0131za buradan bir kez daha b\u00f6lgedeki ma\u011fdur, mazlum vatanda\u015flara yard\u0131m etmeye davet ediyorum. Bug\u00fcne kadar yard\u0131mc\u0131 olan b\u00fct\u00fcn herkese te\u015fekk\u00fcr ediyorum&#8221; ifadelerini kulland\u0131lar. \u00a0<\/p>\n","protected":false},"excerpt":{"rendered":"<p>T\u00fcrkiye Diyanet Vakf\u0131 ve Diyanet \u0130\u015fleri Ba\u015fkanl\u0131\u011f\u0131 taraf\u0131ndan &#8216;Yolun \u0130yilik Olsun&#8217; temas\u0131yla ba\u015flat\u0131lan kampanya \u00e7er\u00e7evesinde, Mersin \u0130l M\u00fcft\u00fcl\u00fc\u011f\u00fcnce toplanan 17 yard\u0131m t\u0131r\u0131 dualarla \u0130dlib&#8217;e u\u011furland\u0131. Yard\u0131m t\u0131rlar\u0131yla \u0130dlib&#8217;e yiyecek, giyecek, &hellip; <a href=\"https:\/\/mersinekonomipolitikagazetesi.com\/?p=5580\" class=\"more-link\">Devam\u0131n\u0131 Oku&#8230;<\/a><\/p>\n","protected":false},"author":1,"featured_media":0,"comment_status":"open","ping_status":"open","sticky":false,"template":"","format":"standard","meta":[],"categories":[],"tags":[],"_links":{"self":[{"href":"https:\/\/mersinekonomipolitikagazetesi.com\/index.php?rest_route=\/wp\/v2\/posts\/5580"}],"collection":[{"href":"https:\/\/mersinekonomipolitikagazetesi.com\/index.php?rest_route=\/wp\/v2\/posts"}],"about":[{"href":"https:\/\/mersinekonomipolitikagazetesi.com\/index.php?rest_route=\/wp\/v2\/types\/post"}],"author":[{"embeddable":true,"href":"https:\/\/mersinekonomipolitikagazetesi.com\/index.php?rest_route=\/wp\/v2\/users\/1"}],"replies":[{"embeddable":true,"href":"https:\/\/mersinekonomipolitikagazetesi.com\/index.php?rest_route=%2Fwp%2Fv2%2Fcomments&post=5580"}],"version-history":[{"count":0,"href":"https:\/\/mersinekonomipolitikagazetesi.com\/index.php?rest_route=\/wp\/v2\/posts\/5580\/revisions"}],"wp:attachment":[{"href":"https:\/\/mersinekonomipolitikagazetesi.com\/index.php?rest_route=%2Fwp%2Fv2%2Fmedia&parent=5580"}],"wp:term":[{"taxonomy":"category","embeddable":true,"href":"https:\/\/mersinekonomipolitikagazetesi.com\/index.php?rest_route=%2Fwp%2Fv2%2Fcategories&post=5580"},{"taxonomy":"post_tag","embeddable":true,"href":"https:\/\/mersinekonomipolitikagazetesi.com\/index.php?rest_route=%2Fwp%2Fv2%2Ftags&post=5580"}],"curies":[{"name":"wp","href":"https:\/\/api.w.org\/{rel}","templated":true}]}}