{"id":5581,"date":"2020-11-04T18:26:00","date_gmt":"2020-11-04T15:26:00","guid":{"rendered":"http:\/\/mersinekonomipolitikagazetesi.com\/?p=5581"},"modified":"2020-11-04T18:26:00","modified_gmt":"2020-11-04T15:26:00","slug":"10-yasinda-kitap-yazan-nazim-evrenden-buyuk-basari-kepce-kulakli-keci","status":"publish","type":"post","link":"https:\/\/mersinekonomipolitikagazetesi.com\/?p=5581","title":{"rendered":"10 YA\u015eINDA K\u0130TAP YAZAN NAZIM EVREN\u2019DEN B\u00dcY\u00dcK BA\u015eARI KEP\u00c7E KULAKLI KE\u00c7\u0130"},"content":{"rendered":"<p>10 Ya\u015f\u0131nda kitap yazan Naz\u0131m Evren Hizmet\u00e7i ikinci kitab\u0131 i\u00e7in haz\u0131rl\u0131klara ba\u015flad\u0131.<\/p>\n<p>Tarsus Hasan Karamehmet \u0130lkokulu\u2019nda 4\u2019\u00fcnc\u00fc s\u0131n\u0131fta okuyan Naz\u0131m Evren Hizmet\u00e7i, \u2018Kep\u00e7e Kulakl\u0131 Ke\u00e7i\u2019 eseriyle herkesi \u015fa\u015f\u0131rtt\u0131. Eserinin ders ve at\u00f6lye sonucu ortaya \u00e7\u0131kt\u0131\u011f\u0131n\u0131 belirten ve kitap yazma yetene\u011finin sonradan ke\u015ffedildi\u011fini vurgulayan anne G\u00fcl Hizmet\u00e7i, ailesi olarak daha \u00f6nce bu yetene\u011finin bilinmedi\u011fini s\u00f6yleyerek, \u201cNaz\u0131m bir\u00e7ok kez d\u00fc\u015f\u00fcncelere dalarak hayal d\u00fcnyas\u0131nda kurgular geli\u015ftiriyor. 2 yada 3 ay \u00f6ncesinde s\u0131n\u0131f \u00f6\u011fretmenleri hikaye yazmalar\u0131 gerekti\u011fini s\u00f6yleyerek bir yazarl\u0131k yar\u0131\u015fmas\u0131 oldu\u011funu dile getirmi\u015fti. Bizler bu etkinlik sonras\u0131 Naz\u0131m Evren\u2019i ke\u015ffettik.\u201d diye konu\u015ftu.<\/p>\n<p>Etkinlik sonucunda ortaya \u00e7\u0131kt\u0131<\/p>\n<p>S\u0131n\u0131f i\u00e7erisinde ger\u00e7ekle\u015ftirilen etkinlik sonras\u0131nda yazd\u0131\u011f\u0131 kitap ile \u00f6\u011fretmenini etkileyen 10 ya\u015f\u0131ndaki Naz\u0131m Evren yazd\u0131\u011f\u0131 fabl t\u00fcr\u00fc \u00f6yk\u00fc ile herkesi \u015fa\u015f\u0131rtt\u0131. Kep\u00e7e Kulakl\u0131 Ke\u00e7i ile \u00a0ders veren ve arkada\u015flar\u0131na \u00f6rnek olan Naz\u0131m Evren \u00f6\u011fretmeninin s\u00fcrpriz bir \u015fekilde \u00e7ok be\u011fendi\u011fi yaz\u0131y\u0131 kitap haline getirdi. Yazd\u0131\u011f\u0131 yaz\u0131n\u0131n kitap olarak ortaya konulmas\u0131 ailede ve kendisinde heyecana neden oldu. Naz\u0131m Evren Hizmet\u00e7i\u2019nin \u00f6\u011fretmeni Hakan Yapar ise, \u201cNaz\u0131m Evren \u00e7ok ba\u015far\u0131l\u0131 ve zeki bir \u00e7ocuk. Edebiyat ve bilim konular\u0131nda ise \u00f6zellikle ba\u015far\u0131l\u0131. \u0130sterim ki her zaman g\u00fczel eserler ortaya koysun.\u201d diyerek destek oldu.<\/p>\n<p>Okul m\u00fcd\u00fcr\u00fc destek oldu<\/p>\n<p>Tarsus Hasan Karamehmet \u0130lkokulu M\u00fcd\u00fcr\u00fc Hasan Do\u011fan da Naz\u0131m Evren Hizmet\u00e7i\u2019ye daha b\u00fcy\u00fck bir s\u00fcrpriz yaparak, \u2018Kep\u00e7e Kulakl\u0131 Ke\u00e7i\u2019 kitab\u0131na sponsor olarak 1000 adet bast\u0131rd\u0131 ve karne hediyesi olarak b\u00fct\u00fcn \u00e7ocuklara da\u011f\u0131tt\u0131.<\/p>\n<p>\u0130kinci kitap haz\u0131rlan\u0131yor<\/p>\n<p>Okullar\u0131n ara tatile girmesinin ard\u0131ndan yeniden yazmaya ba\u015flayan Naz\u0131m Evren Hizmet\u00e7i ise ikinci eseri, \u2018\u00c7\u0131ta\u2019ya Hayat\u0131n\u0131n Dersi\u2019 adl\u0131 kitab\u0131n\u0131 yazmaya ba\u015flad\u0131.<\/p>\n","protected":false},"excerpt":{"rendered":"<p>10 Ya\u015f\u0131nda kitap yazan Naz\u0131m Evren Hizmet\u00e7i ikinci kitab\u0131 i\u00e7in haz\u0131rl\u0131klara ba\u015flad\u0131. Tarsus Hasan Karamehmet \u0130lkokulu\u2019nda 4\u2019\u00fcnc\u00fc s\u0131n\u0131fta okuyan Naz\u0131m Evren Hizmet\u00e7i, \u2018Kep\u00e7e Kulakl\u0131 Ke\u00e7i\u2019 eseriyle herkesi \u015fa\u015f\u0131rtt\u0131. Eserinin ders &hellip; <a href=\"https:\/\/mersinekonomipolitikagazetesi.com\/?p=5581\" class=\"more-link\">Devam\u0131n\u0131 Oku&#8230;<\/a><\/p>\n","protected":false},"author":1,"featured_media":0,"comment_status":"open","ping_status":"open","sticky":false,"template":"","format":"standard","meta":[],"categories":[],"tags":[],"_links":{"self":[{"href":"https:\/\/mersinekonomipolitikagazetesi.com\/index.php?rest_route=\/wp\/v2\/posts\/5581"}],"collection":[{"href":"https:\/\/mersinekonomipolitikagazetesi.com\/index.php?rest_route=\/wp\/v2\/posts"}],"about":[{"href":"https:\/\/mersinekonomipolitikagazetesi.com\/index.php?rest_route=\/wp\/v2\/types\/post"}],"author":[{"embeddable":true,"href":"https:\/\/mersinekonomipolitikagazetesi.com\/index.php?rest_route=\/wp\/v2\/users\/1"}],"replies":[{"embeddable":true,"href":"https:\/\/mersinekonomipolitikagazetesi.com\/index.php?rest_route=%2Fwp%2Fv2%2Fcomments&post=5581"}],"version-history":[{"count":0,"href":"https:\/\/mersinekonomipolitikagazetesi.com\/index.php?rest_route=\/wp\/v2\/posts\/5581\/revisions"}],"wp:attachment":[{"href":"https:\/\/mersinekonomipolitikagazetesi.com\/index.php?rest_route=%2Fwp%2Fv2%2Fmedia&parent=5581"}],"wp:term":[{"taxonomy":"category","embeddable":true,"href":"https:\/\/mersinekonomipolitikagazetesi.com\/index.php?rest_route=%2Fwp%2Fv2%2Fcategories&post=5581"},{"taxonomy":"post_tag","embeddable":true,"href":"https:\/\/mersinekonomipolitikagazetesi.com\/index.php?rest_route=%2Fwp%2Fv2%2Ftags&post=5581"}],"curies":[{"name":"wp","href":"https:\/\/api.w.org\/{rel}","templated":true}]}}