{"id":5582,"date":"2020-11-04T18:26:00","date_gmt":"2020-11-04T15:26:00","guid":{"rendered":"http:\/\/mersinekonomipolitikagazetesi.com\/?p=5582"},"modified":"2020-11-04T18:26:00","modified_gmt":"2020-11-04T15:26:00","slug":"ozdemir-tarim-bakanligimiz-bakliyatta-yol-haritasini-belirledi","status":"publish","type":"post","link":"https:\/\/mersinekonomipolitikagazetesi.com\/?p=5582","title":{"rendered":"\u00d6zdemir: \u201cTar\u0131m Bakanl\u0131\u011f\u0131m\u0131z bakliyatta yol haritas\u0131n\u0131 belirledi\u201d"},"content":{"rendered":"<p>Mersin Ticaret Borsas\u0131 Ba\u015fkan\u0131 Abdullah \u00d6zdemir, Bakliyat Sekt\u00f6r\u00fc Politika Belgesinin sekt\u00f6r a\u00e7\u0131s\u0131ndan moral ve motivasyon kayna\u011f\u0131 oldu\u011funu belirterek, \u201cBakanl\u0131\u011f\u0131m\u0131z taraf\u0131ndan olu\u015fturulmas\u0131 planlanan bu politikalar ivedilikle hayata ge\u00e7irildi\u011fi taktirde \u00fcretim hacmimizde ya\u015fanacak art\u0131\u015f ile orant\u0131l\u0131 olarak ilk etapta kendi kendine yeten, takip eden a\u015famada bakliyat ihracat\u0131nda yeniden rekabet\u00e7i olan bir \u00fclke konumuna ula\u015fabilece\u011fiz\u201d dedi.\u00a0<br \/>\nMersin Ticaret Borsas\u0131 Ba\u015fkan\u0131 \u00d6zdemir, bir a\u00e7\u0131klama yaparak, Tar\u0131m ve Orman Bakanl\u0131\u011f\u0131 taraf\u0131ndan a\u00e7\u0131klanan ve baklagil \u00fcretimi ve t\u00fcketiminin art\u0131r\u0131lmas\u0131 amac\u0131yla haz\u0131rlanan \u2018Bakliyat Sekt\u00f6r\u00fc Politika Belgesi&#8217;ni de\u011ferlendirdi.\u00a0<\/p>\n<p>\u201cBakanl\u0131\u011f\u0131m\u0131z yol haritas\u0131n\u0131 belirledi\u201d\u00a0<\/p>\n<p>T\u00fcrkiye\u2019nin, 1980&#8217;li y\u0131llarda bakliyat ithalat\u0131 yapmayan ve d\u00fcnya bakliyat ihracat\u0131n\u0131n y\u00fczde 20&#8217;sini ger\u00e7ekle\u015ftirerek bu alanda ilk s\u0131rada yer alan bir \u00fclke konumunda oldu\u011funu belirten \u00d6zdemir, aradan ge\u00e7en 30 y\u0131lda bakliyat \u00fcretimindeki \u00f6nemli azal\u0131\u015f sonucunda T\u00fcrkiye\u2019nin 2010 y\u0131l\u0131ndan bu yana net ithalat\u00e7\u0131 pozisyonda bulundu\u011funu ifade etti. Bu olumsuz tablonun tersine \u00e7evrilebilmesi amac\u0131yla Tar\u0131m ve Orman Bakanl\u0131\u011f\u0131 himayesinde, Tar\u0131msal Ara\u015ft\u0131rmalar ve Politikalar Genel M\u00fcd\u00fcrl\u00fc\u011f\u00fc (TAGEM) taraf\u0131ndan haz\u0131rlanan &#8216;Baklagil Sekt\u00f6r Politika Belgesi&#8217;nin, bakanl\u0131\u011f\u0131n resmi internet sitesinde yay\u0131nland\u0131\u011f\u0131n\u0131 kaydeden \u00d6zdemir, belgeye Mersin Ticaret Borsas\u0131 ile Ulusal Baklagil Konseyinin de aktif olarak katk\u0131 sa\u011flad\u0131\u011f\u0131n\u0131 vurgulad\u0131.\u00a0<\/p>\n<p>\u201cBaklagil \u00fcretimi ve t\u00fcketimi art\u0131r\u0131lacak\u201d<br \/>\n\u00a0<br \/>\nRapor kapsam\u0131nda, baklagil \u00fcretimi ve t\u00fcketiminin art\u0131r\u0131lmas\u0131 ana hedefi \u00e7er\u00e7evesinde \u00f6n\u00fcm\u00fczdeki d\u00f6nem i\u00e7in at\u0131lmas\u0131 planlanan ad\u0131mlara ili\u015fkin bilgilendirme yap\u0131ld\u0131\u011f\u0131n\u0131 dile getiren \u00d6zdemir, 11 maddeden olu\u015fan belgeyi, \u015f\u00f6yle a\u00e7\u0131klad\u0131:\u00a0<br \/>\n\u201cD\u00f6nemsel arz ve fiyat dalgalanmalar\u0131na kar\u015f\u0131 baklagiller \u2018\u00f6zel \u00fcr\u00fcn\u2019 olarak tan\u0131mlanacak. Kuru tar\u0131m alanlar\u0131nda baklagillerin m\u00fcnavebe (ekim n\u00f6beti) programlar\u0131na al\u0131nmas\u0131 \u00f6zendirilecek. B\u00f6lgeye g\u00f6re hangi baklagilin t\u00fcketimi yayg\u0131nsa o t\u00fcr\u00fcn \u00fcr\u00fcn deseninde yer almas\u0131 sa\u011flanacak. Baklagil \u00fcretiminde ihtisasla\u015fm\u0131\u015f alanlara \u00f6ncelik verilecek. Baklagil \u00fcreticilerinin piyasadaki fiyat olu\u015fumunda ve pazarlama a\u011f\u0131nda rol\u00fc art\u0131r\u0131lacak. \u0130hracat pazarlar\u0131n\u0131n kaybedilmemesi i\u00e7in uygun kalite ve miktarda baklagil \u00fcretilecek. \u00dcretici bilin\u00e7lendirilerek talebe uygun \u00fcretim te\u015fvik edilecek ve Ar-Ge hizmetleri art\u0131r\u0131lacak. Arz-talep dengesi dikkate al\u0131narak, dinamik bir \u00fcretim planlamas\u0131 olu\u015fturulacak. Tarla, depo ve lojistik a\u015famalar\u0131nda kay\u0131plara kar\u015f\u0131 tedbirler al\u0131nacak. \u00c7e\u015fitli etkinlikler ve e\u011fitimlerle yeni baklagil \u00e7e\u015fitleri \u00fcreticilere tan\u0131t\u0131lacak. Baklagil \u00fcr\u00fcnlerinin sa\u011fl\u0131k a\u00e7\u0131s\u0131ndan faydalar\u0131 konusunda yaz\u0131l\u0131 ve g\u00f6rsel medya tan\u0131t\u0131mlar\u0131 ile \u00fcr\u00fcnlerin t\u00fcketimi \u00f6zendirilecek.\u201d\u00a0<\/p>\n<p>\u201cSekt\u00f6r\u00fcm\u00fcz alt\u0131n \u00e7a\u011f\u0131n\u0131 yeniden yakalayacakt\u0131r\u201d<br \/>\n\u00a0<br \/>\n\u00d6zdemir, bakanl\u0131k \u00f6nc\u00fcl\u00fc\u011f\u00fcnde ger\u00e7ekle\u015ftirilen toplant\u0131lar sonucunda haz\u0131rlanan belgeyle son 5 y\u0131ld\u0131r dile getirdikleri sorunlar\u0131n sahiplenildi\u011fini g\u00f6rmenin ve bu sorunlar\u0131n a\u015f\u0131lmas\u0131 konusunda bakanl\u0131\u011f\u0131n icraat odakl\u0131 yakla\u015f\u0131m\u0131n\u0131n, sekt\u00f6r a\u00e7\u0131s\u0131ndan moral ve motivasyon kayna\u011f\u0131 oldu\u011funu belirtti. \u00d6zdemir, \u201cBakanl\u0131\u011f\u0131m\u0131z taraf\u0131ndan olu\u015fturulmas\u0131 planlanan bu politikalar ivedilikle hayata ge\u00e7irildi\u011fi taktirde \u00fcretim hacmimizde ya\u015fanacak art\u0131\u015f ile orant\u0131l\u0131 olarak ilk etapta kendi kendine yeten ve takip eden a\u015famada bakliyat ihracat\u0131nda yeniden rekabet\u00e7i olan bir \u00fclke konumuna ula\u015fabilece\u011fimiz kanaatindeyiz. Di\u011fer yandan, sertifikal\u0131 tohum \u00fcretimi ve kullan\u0131m\u0131n\u0131n yayg\u0131nla\u015ft\u0131r\u0131lmas\u0131 ile bakanl\u0131\u011f\u0131m\u0131z taraf\u0131ndan sadece nohutla pilot proje olarak ba\u015flat\u0131lan Nadas Alanlar\u0131n\u0131n \u00dcretime Kazand\u0131r\u0131lmas\u0131 Projesinin t\u00fcm baklagil \u00fcr\u00fcnlerini kapsayacak \u015fekilde geni\u015fletilmesine y\u00f6nelik \u00e7al\u0131\u015fmalar\u0131n da \u00fcretime ivme kazand\u0131r\u0131lmas\u0131 a\u00e7\u0131s\u0131ndan bu s\u00fcrece dahil edilmesinin yararl\u0131 olaca\u011f\u0131 kan\u0131s\u0131nday\u0131z. B\u00f6ylece, \u00fclke olarak, sekt\u00f6r\u00fcm\u00fcz 1980&#8217;li y\u0131llarda ya\u015fad\u0131\u011f\u0131 alt\u0131n \u00e7a\u011f\u0131n\u0131 yeniden yakalayabilece\u011fi gibi bakliyatta hem i\u00e7 hem de d\u0131\u015f ticaretin merkezi olan Mersin de konumunu daha da g\u00fc\u00e7lendirecektir. Sekt\u00f6r\u00fcm\u00fcz a\u00e7\u0131s\u0131ndan kangren haline d\u00f6n\u00fc\u015fm\u00fc\u015f sorunlar\u0131m\u0131za ne\u015fter vuran ba\u015fta Tar\u0131m ve Orman Bakan\u0131m\u0131z Bekir Pakdemirli olmak \u00fczere, t\u00fcm ekibine ve eme\u011fi ge\u00e7en herkese te\u015fekk\u00fcrlerimizi sunuyoruz\u201d ifadelerini kulland\u0131. \u00a0<\/p>\n","protected":false},"excerpt":{"rendered":"<p>Mersin Ticaret Borsas\u0131 Ba\u015fkan\u0131 Abdullah \u00d6zdemir, Bakliyat Sekt\u00f6r\u00fc Politika Belgesinin sekt\u00f6r a\u00e7\u0131s\u0131ndan moral ve motivasyon kayna\u011f\u0131 oldu\u011funu belirterek, \u201cBakanl\u0131\u011f\u0131m\u0131z taraf\u0131ndan olu\u015fturulmas\u0131 planlanan bu politikalar ivedilikle hayata ge\u00e7irildi\u011fi taktirde \u00fcretim hacmimizde &hellip; <a href=\"https:\/\/mersinekonomipolitikagazetesi.com\/?p=5582\" class=\"more-link\">Devam\u0131n\u0131 Oku&#8230;<\/a><\/p>\n","protected":false},"author":1,"featured_media":0,"comment_status":"open","ping_status":"open","sticky":false,"template":"","format":"standard","meta":[],"categories":[],"tags":[],"_links":{"self":[{"href":"https:\/\/mersinekonomipolitikagazetesi.com\/index.php?rest_route=\/wp\/v2\/posts\/5582"}],"collection":[{"href":"https:\/\/mersinekonomipolitikagazetesi.com\/index.php?rest_route=\/wp\/v2\/posts"}],"about":[{"href":"https:\/\/mersinekonomipolitikagazetesi.com\/index.php?rest_route=\/wp\/v2\/types\/post"}],"author":[{"embeddable":true,"href":"https:\/\/mersinekonomipolitikagazetesi.com\/index.php?rest_route=\/wp\/v2\/users\/1"}],"replies":[{"embeddable":true,"href":"https:\/\/mersinekonomipolitikagazetesi.com\/index.php?rest_route=%2Fwp%2Fv2%2Fcomments&post=5582"}],"version-history":[{"count":0,"href":"https:\/\/mersinekonomipolitikagazetesi.com\/index.php?rest_route=\/wp\/v2\/posts\/5582\/revisions"}],"wp:attachment":[{"href":"https:\/\/mersinekonomipolitikagazetesi.com\/index.php?rest_route=%2Fwp%2Fv2%2Fmedia&parent=5582"}],"wp:term":[{"taxonomy":"category","embeddable":true,"href":"https:\/\/mersinekonomipolitikagazetesi.com\/index.php?rest_route=%2Fwp%2Fv2%2Fcategories&post=5582"},{"taxonomy":"post_tag","embeddable":true,"href":"https:\/\/mersinekonomipolitikagazetesi.com\/index.php?rest_route=%2Fwp%2Fv2%2Ftags&post=5582"}],"curies":[{"name":"wp","href":"https:\/\/api.w.org\/{rel}","templated":true}]}}