{"id":5583,"date":"2020-11-04T18:26:00","date_gmt":"2020-11-04T15:26:00","guid":{"rendered":"http:\/\/mersinekonomipolitikagazetesi.com\/?p=5583"},"modified":"2020-11-04T18:26:00","modified_gmt":"2020-11-04T15:26:00","slug":"yeni-ekonomi-bolgesi-temelinde-guvenli-bir-liman-olusturmak-zorundayiz","status":"publish","type":"post","link":"https:\/\/mersinekonomipolitikagazetesi.com\/?p=5583","title":{"rendered":"\u201cYeni ekonomi b\u00f6lgesi temelinde  g\u00fcvenli bir liman olu\u015fturmak zorunday\u0131z\u201d"},"content":{"rendered":"<p>Mersin Ticaret ve Sanayi Odas\u0131 (MTSO) Ba\u015fkan\u0131 Ayhan K\u0131z\u0131ltan, Mersin ve Adana\u2019n\u0131n da i\u00e7inde bulundu\u011fu yeni ekonomi b\u00f6lgesinin 15 ili ve 6 kalk\u0131nma ajans\u0131n\u0131 kapsad\u0131\u011f\u0131n\u0131 belirterek, \u201cEkonomik b\u00fcy\u00fckl\u00fck ve \u00f6nem anlam\u0131nda Marmara B\u00f6lgesinin bile ekonomik g\u00fcc\u00fcn\u00fc a\u015fan bir b\u00f6lge \u00e7\u0131kmaktad\u0131r. Bir araya gelmek, ortak akl\u0131 yakalamak ve bahsetti\u011fimiz b\u00f6lge temelinde g\u00fcvenli bir liman olu\u015fturmak zorunday\u0131z. Bu, hem b\u00f6lgemizin hem de \u00fclkemizin \u00e7\u0131kar\u0131nad\u0131r\u201d \u00e7a\u011fr\u0131s\u0131nda bulundu.\u00a0<br \/>\nMTSO Y\u00f6netim Kurulu Ba\u015fkan\u0131 K\u0131z\u0131ltan, yaz\u0131l\u0131 bir a\u00e7\u0131klama yaparak, yeni ekonomi b\u00f6lgeleri ve kentlerin birlikte hareket etmelerini de\u011ferlendirdi. Kalk\u0131nma Plan\u0131n\u0131n, \u2018yeni ekonomi b\u00f6lgeleri\u2019ne vurgu yapt\u0131\u011f\u0131n\u0131 belirten K\u0131z\u0131ltan, \u00e7ok ak\u0131lc\u0131 ve ger\u00e7ek\u00e7i bu vurgunun planlardan hayata ge\u00e7mesi i\u00e7in daha \u00e7ok \u00e7aba g\u00f6stermek zorunda olduklar\u0131n\u0131 kaydetti.\u00a0<\/p>\n<p>Yeni ekonomi b\u00f6lgelerinin bir\u00e7ok kenti kapsayan bir olu\u015fum oldu\u011funa i\u015faret eden K\u0131z\u0131ltan, benzer veya birbirini tamamlayan ekonomik \u00fcretim desenlerine sahip kentleri planl\u0131 bir \u015fekilde birbirine ba\u011flaman\u0131n ve b\u00fct\u00fcnc\u00fcl bir ekonomik sistem olu\u015fturman\u0131n, kentlerin etkin bir i\u015fbirli\u011fi kurabilmesinde yatt\u0131\u011f\u0131n\u0131 vurgulad\u0131. K\u0131z\u0131ltan, \u201cBizim b\u00f6lgemiz s\u00f6z konusu oldu\u011funda birinci halkay\u0131 elbette Mersin ve Adana\u2019n\u0131n olu\u015fturdu\u011fu \u00c7ukurova Ekonomi B\u00f6lgesi olu\u015fturuyor. Bu b\u00f6lge gerek do\u011fal anlamda gerekse ekonomik anlamda aras\u0131na bir s\u0131n\u0131r \u00e7izilemeyen, ortak kaderi payla\u015fan bir b\u00f6lge. Zaten bu iki ilin kalk\u0131nma ajans\u0131 olan \u00c7ukurova Kalk\u0131nma Ajans\u0131 da Mersin ve Adana illerini kapsad\u0131\u011f\u0131 i\u00e7in bu birli\u011fi g\u00f6stermektedir. Adana gerek sanayi \u00fcretimi gerek tar\u0131msal \u00fcretimi gerekse enerji ve kimya alanlar\u0131ndaki k\u00fcmelenme ve \u00f6nemi ile Mersin ise bu \u00fcretimi d\u00fcnyaya a\u00e7an d\u0131\u015f ticaret, lojistik ve liman g\u00fcc\u00fcyle Adana sanayisini tamamlayan, sanayi ve tar\u0131m g\u00fcc\u00fcyle tam bir ekonomik b\u00fct\u00fcnl\u00fck arz etmektedir. Her ne kadar bu iki kentin kendi dinamikleri bu konuda hala yeterli i\u015f birli\u011fini ortaya koymay\u0131 ba\u015faramad\u0131larsa da \u00c7ukurova var olan do\u011fal ortak de\u011ferleri ile bu birli\u011fi ve yeni ekonomik b\u00f6lgeyi ortaya \u00e7\u0131kartmaktad\u0131r. Bu anlamda b\u00f6ylesi ortak bir kaderi olan kentler art\u0131k birbirini rakip de\u011fil, do\u011fal bir ortak ve destek\u00e7i olarak g\u00f6rmek zorundad\u0131r. Aksi halde artan rekabet ortam\u0131nda ve zorla\u015fan bir ekonomide tek ba\u015f\u0131na ayakta kalmak m\u00fcmk\u00fcn olmayacakt\u0131r. Bu b\u00f6lgenin Mersin ve Adana dinamiklerinin ortak akl\u0131yla ekonomik olarak g\u00fc\u00e7lenmesi, \u00c7ukurova\u2019y\u0131 bir cazibe merkezi haline getirecek, b\u00f6ylece bu b\u00f6lgede yat\u0131r\u0131m yapmak isteyen yabanc\u0131 yat\u0131r\u0131mc\u0131lar i\u00e7in birinci tercih olacakt\u0131r. Bu ayn\u0131 zamanda ulusal boyutta \u00fclkelerin T\u00fcrkiye\u2019ye y\u00f6nelmesi gibi dolayl\u0131 bir katk\u0131y\u0131 sunacakt\u0131r\u201d dedi.\u00a0<\/p>\n<p>K\u0131z\u0131ltan, Mersin i\u015f d\u00fcnyas\u0131 olarak s\u00fcrekli g\u00fcndeme getirdikleri ve MTSO olarak uzun s\u00fcredir bir\u00e7ok veri altyap\u0131s\u0131n\u0131 \u00e7al\u0131\u015ft\u0131klar\u0131 \u201c\u00c7ukurova Stratejik Yat\u0131r\u0131m ve Kalk\u0131nma Plan\u0131\u201dn\u0131n, Mersin ve Adana dinamiklerinin, \u00f6zellikle \u00c7ukurova Kalk\u0131nma Ajans\u0131n\u0131n da deste\u011fi ile haz\u0131rlanmak, merkezi destek ve onaylarla ulusal strateji ve hedeflere de uyumlu hale getirilerek ortaya konmak zorunda oldu\u011funun alt\u0131n\u0131 \u00e7izdi. \u201cBiz Mersin olarak haz\u0131r\u0131z. Karde\u015f Adana\u2019n\u0131n da bu konuda daha aktif olmas\u0131n\u0131 bekliyoruz\u201d diyen K\u0131z\u0131ltan, \u015f\u00f6yle devam etti:\u00a0<br \/>\n\u201c\u00c7\u00fcnk\u00fc bizler kararl\u0131 ve istekli olmazsak, arzu etti\u011fimiz makro \u00f6l\u00e7ekli deste\u011fi alamay\u0131z. Bizim i\u00e7in \u00c7ukurova Ekonomi B\u00f6lgesi bu b\u00fcy\u00fck halkan\u0131n merkezidir. Ancak bu halkan\u0131n bir de d\u0131\u015f ve daha geni\u015f halkas\u0131 olarak d\u00fc\u015f\u00fcnd\u00fc\u011f\u00fcm\u00fcz ve \u00c7ukurova\u2019dan ayr\u0131 g\u00f6remeyece\u011fimiz Kahramanmara\u015f, Osmaniye, Hatay\u2019\u0131 kapsayan \u2018Do\u011fu Akdeniz Ekonomi B\u00f6lgesi\u2019 vard\u0131r. Bu illerle birlikte hayata ge\u00e7mesini hayal etti\u011fimiz Do\u011fu Akdeniz Ekonomi B\u00f6lgesinde sadece bu 5 il de\u011fil, ayn\u0131 zamanda \u00c7ukurova Kalk\u0131nma Ajans\u0131na ek olarak bir de Do\u011fu Akdeniz Kalk\u0131nma Ajans\u0131 var. Yani sanayisi, tar\u0131m\u0131, ticareti, d\u0131\u015f ticareti, lojisti\u011fi, limanlar\u0131, iki \u00f6nemli ovas\u0131 ve ihracat g\u00fcc\u00fc ile 5 il ve 2 \u00f6nemli kalk\u0131nma ajans\u0131 var b\u00f6lgenin. Bu 5 ilin sahip oldu\u011fu organize sanayi b\u00f6lgeleri, limanlar, serbest b\u00f6lgeler, ihtisas OSB\u2019ler, teknoparklar, tar\u0131msal enstit\u00fcler ve daha \u00f6nemli say\u0131s\u0131z \u00fcniversitelerle olu\u015fturulan ola\u011fan \u00fcst\u00fc vas\u0131fl\u0131 bir insan kayna\u011f\u0131 var. \u00c7ukurova Ekonomi B\u00f6lgesini destekleyen Do\u011fu Akdeniz Ekonomi B\u00f6lgesinin hemen d\u0131\u015f\u0131ndaki hinterland\u0131n i\u00e7inde olan ve bir\u00e7ok konuda bu iki b\u00f6lgenin ayr\u0131lmaz par\u00e7as\u0131 olan Gaziantep, Kayseri, Ni\u011fde, Aksaray, Karaman, Konya, Malatya da eklendi\u011finde ekonomik b\u00fcy\u00fckl\u00fck ve \u00f6nem anlam\u0131nda Marmara B\u00f6lgesinin bile ekonomik g\u00fcc\u00fcn\u00fc a\u015fan bir b\u00f6lge \u00e7\u0131kmaktad\u0131r.\u201d\u00a0<br \/>\nBu yeni ekonomi b\u00f6lgesinin, Ahiler, \u00c7ukurova, Do\u011fu Akdeniz, \u0130pek Yolu, Karacada\u011f ve Mevlana Kalk\u0131nma Ajanslar\u0131n\u0131 da kapsad\u0131\u011f\u0131na dikkat \u00e7eken K\u0131z\u0131ltan, \u201cYani en az 15 il ve 6 kalk\u0131nma ajans\u0131n\u0131 kapsayan bir ekonomi b\u00f6lgesinden bahsediyoruz. T\u00fcrkiye\u2019nin sanayi ve tar\u0131m \u00fcretimini s\u0131rtlayan bir ekonomi b\u00f6lgesinden bahsediyoruz. T\u00fcrkiye\u2019nin ihracat\u0131n\u0131, istihdam\u0131n\u0131 s\u0131rtlayan bir ekonomi b\u00f6lgesinden; \u00fclkenin katma de\u011fer olu\u015fturan bir b\u00f6lgesini b\u00fct\u00fcnc\u00fcl bir hale getirmekten ve bunun olu\u015fturaca\u011f\u0131 b\u00fcy\u00fck cazibeyi yat\u0131r\u0131ma ve katma de\u011fere d\u00f6n\u00fc\u015ft\u00fcrmekten bahsediyoruz. Neden \u00fclkemizin ekonomik anlamda yeni bir Marmara\u2019s\u0131, hatta Marmara\u2019y\u0131 bile ge\u00e7en yeni bir ekonomi b\u00f6lgesi daha olmas\u0131n? Bu vizyon ve yap\u0131lacak destekle olu\u015fturulacak bir Marmara daha \u00fclke ihracat\u0131n\u0131n iki kat artmas\u0131, cari a\u00e7\u0131\u011f\u0131n d\u00fc\u015fmesi, i\u015f ve a\u015f demektir. Bu anlamda bu i\u015fin olmazsa olmaz\u0131 yerel y\u00f6netimler olmal\u0131d\u0131r\u201d ifadelerini kulland\u0131.\u00a0<\/p>\n<p>\u201cB\u00f6lge siyaset\u00e7ileri, vekillerimiz bu vizyon ve hedefi \u00f6nemsemeli ve bu vizyona destek vermelidir. Belki de bu konu hepimizin ba\u015fat konusu olmal\u0131d\u0131r. \u00c7\u00fcnk\u00fc ekonomik refah demek sosyal ya\u015fam kalitesi, sosyal huzur demektir. Mersin Ticaret ve Sanayi Odas\u0131 olarak bu hedefe ula\u015fmak i\u00e7in her \u00e7abay\u0131 g\u00f6sterece\u011fiz. D\u00fcnya b\u00fcy\u00fck bir ekonomik f\u0131rt\u0131na ya\u015f\u0131yor ve g\u00f6r\u00fcnen o ki, bu f\u0131rt\u0131na daha da artacak. Bu f\u0131rt\u0131nadan tek tek kurtulmak m\u00fcmk\u00fcn de\u011fil. Bir araya gelmek, ortak akl\u0131 yakalamak ve bahsetti\u011fimiz b\u00f6lge temelinde g\u00fcvenli bir liman olu\u015fturmak zorunday\u0131z. Bu, hem b\u00f6lgemizin hem de \u00fclkemizin \u00e7\u0131kar\u0131nad\u0131r. Mersin Ticaret ve Sanayi Odas\u0131 olarak bu \u00e7a\u011fr\u0131m\u0131za gerek bahsedilen illerin i\u015f olu\u015fumlar\u0131n\u0131n gerek kalk\u0131nma ajanslar\u0131 ve yerel y\u00f6netimlerinin gerekse b\u00f6lge vekillerinin bir tepki verece\u011fine ve kurtulu\u015fumuz olan bu vizyonu sahipleneceklerine inan\u0131yoruz. \u0130nand\u0131\u011f\u0131m\u0131z bir \u015fey varsa; birlikten kuvvet do\u011fdu\u011fudur.\u201d\u00a0<\/p>\n","protected":false},"excerpt":{"rendered":"<p>Mersin Ticaret ve Sanayi Odas\u0131 (MTSO) Ba\u015fkan\u0131 Ayhan K\u0131z\u0131ltan, Mersin ve Adana\u2019n\u0131n da i\u00e7inde bulundu\u011fu yeni ekonomi b\u00f6lgesinin 15 ili ve 6 kalk\u0131nma ajans\u0131n\u0131 kapsad\u0131\u011f\u0131n\u0131 belirterek, \u201cEkonomik b\u00fcy\u00fckl\u00fck ve \u00f6nem &hellip; <a href=\"https:\/\/mersinekonomipolitikagazetesi.com\/?p=5583\" class=\"more-link\">Devam\u0131n\u0131 Oku&#8230;<\/a><\/p>\n","protected":false},"author":1,"featured_media":0,"comment_status":"open","ping_status":"open","sticky":false,"template":"","format":"standard","meta":[],"categories":[],"tags":[],"_links":{"self":[{"href":"https:\/\/mersinekonomipolitikagazetesi.com\/index.php?rest_route=\/wp\/v2\/posts\/5583"}],"collection":[{"href":"https:\/\/mersinekonomipolitikagazetesi.com\/index.php?rest_route=\/wp\/v2\/posts"}],"about":[{"href":"https:\/\/mersinekonomipolitikagazetesi.com\/index.php?rest_route=\/wp\/v2\/types\/post"}],"author":[{"embeddable":true,"href":"https:\/\/mersinekonomipolitikagazetesi.com\/index.php?rest_route=\/wp\/v2\/users\/1"}],"replies":[{"embeddable":true,"href":"https:\/\/mersinekonomipolitikagazetesi.com\/index.php?rest_route=%2Fwp%2Fv2%2Fcomments&post=5583"}],"version-history":[{"count":0,"href":"https:\/\/mersinekonomipolitikagazetesi.com\/index.php?rest_route=\/wp\/v2\/posts\/5583\/revisions"}],"wp:attachment":[{"href":"https:\/\/mersinekonomipolitikagazetesi.com\/index.php?rest_route=%2Fwp%2Fv2%2Fmedia&parent=5583"}],"wp:term":[{"taxonomy":"category","embeddable":true,"href":"https:\/\/mersinekonomipolitikagazetesi.com\/index.php?rest_route=%2Fwp%2Fv2%2Fcategories&post=5583"},{"taxonomy":"post_tag","embeddable":true,"href":"https:\/\/mersinekonomipolitikagazetesi.com\/index.php?rest_route=%2Fwp%2Fv2%2Ftags&post=5583"}],"curies":[{"name":"wp","href":"https:\/\/api.w.org\/{rel}","templated":true}]}}