{"id":5597,"date":"2020-11-04T18:26:01","date_gmt":"2020-11-04T15:26:01","guid":{"rendered":"http:\/\/mersinekonomipolitikagazetesi.com\/?p=5597"},"modified":"2020-11-04T18:26:01","modified_gmt":"2020-11-04T15:26:01","slug":"kopekler-zehirlenerek-olduruldu","status":"publish","type":"post","link":"https:\/\/mersinekonomipolitikagazetesi.com\/?p=5597","title":{"rendered":"K\u00f6pekler Zehirlenerek \u00d6ld\u00fcr\u00fcld\u00fc&#8230;"},"content":{"rendered":"<div dir=\"auto\" style=\"color: rgb(34, 34, 34); font-family: Arial, Helvetica, sans-serif; font-size: small;\">Mersin B\u00fcy\u00fck\u015fehir Belediyesi&#8217;nin, b\u0131rakt\u0131\u011f\u0131 iddia edilen k\u00f6pekler, k\u00f6ylerde k\u00fc\u00e7\u00fckba\u015f hayvanlar\u0131 telef ediyor. Ba\u015fka bir k\u00f6yde b\u0131rak\u0131lan k\u00f6pekler zehirlenmi\u015f \u00f6l\u00fc olarak bulunuyor. Tepki \u00e7eken her iki olaya ili\u015fkin B\u00fcy\u00fck\u015fehir sorumlu tutuluyor.\u00a0<\/div>\n<div dir=\"auto\" style=\"color: rgb(34, 34, 34); font-family: Arial, Helvetica, sans-serif; font-size: small;\">\u00a0<\/div>\n<div dir=\"auto\" style=\"color: rgb(34, 34, 34); font-family: Arial, Helvetica, sans-serif; font-size: small;\">\u00a0\u00a0<\/div>\n<p><span style=\"color: rgb(34, 34, 34); font-family: Arial, Helvetica, sans-serif; font-size: small;\">Mersin&#8217;in Akdeniz il\u00e7esine ba\u011fl\u0131 Bekirde K\u00f6y\u00fc&#8217;nde hen\u00fcz kimin yapt\u0131\u011f\u0131 bilinmeyen ki\u015fi veya ki\u015filer taraf\u0131ndan k\u00f6pekler zehirlendi. Sosyal medya \u00fczerinden yap\u0131lan payla\u015f\u0131mlarla b\u00fcy\u00fck tepki \u00e7eken olaya ili\u015fkin vatanda\u015flar, &#8221; Bizler bir taneyi ya\u015fatal\u0131m diye \u00e7\u0131rp\u0131n\u0131yoruz, sizler hi\u00e7 ac\u0131madan zehirleyerek \u00f6ld\u00fcr\u00fcyorsunuz..! Hayvanlara yap\u0131lan bu zul\u00fcm, art\u0131k su\u00e7 olarak kabul edilmeli ve hapis cezas\u0131 gelmeli..!&#8221; diyerek tepki g\u00f6sterdiler.\u00a0<\/span><\/p>\n<div dir=\"auto\" style=\"color: rgb(34, 34, 34); font-family: Arial, Helvetica, sans-serif; font-size: small;\">\u00a0<\/div>\n<div dir=\"auto\" style=\"color: rgb(34, 34, 34); font-family: Arial, Helvetica, sans-serif; font-size: small;\">&#8220;Hayvanlar\u0131m\u0131z telef oldu. Derdimizi kime anlataca\u011f\u0131z?&#8221;\u00a0<\/div>\n<div dir=\"auto\" style=\"color: rgb(34, 34, 34); font-family: Arial, Helvetica, sans-serif; font-size: small;\">\u00a0<\/div>\n<div dir=\"auto\" style=\"color: rgb(34, 34, 34); font-family: Arial, Helvetica, sans-serif; font-size: small;\">Mersin B\u00fcy\u00fck\u015fehir Belediyesi\u2019nin\u00a0 k\u00f6ylere s\u00fcrekli k\u00f6pek b\u0131rakt\u0131\u011f\u0131 iddias\u0131 da tepki \u00e7eken bir di\u011fer konu oldu. Toroslar il\u00e7esine ba\u011fl\u0131 Ayvagedi\u011fi Yaylas\u0131&#8217;nda da k\u00fc\u00e7\u00fckba\u015f hayvanlar\u0131 olan Ayd\u0131n Aslan isimli vatanda\u015f, B\u00fcy\u00fck\u015fehir Belediyesi\u2019nin ba\u015f\u0131 bo\u015f bir \u015fekilde b\u0131rakt\u0131\u011f\u0131 k\u00f6peklerin hayvanlar\u0131 telef etti\u011fini iddia etti. B\u00fcy\u00fck\u015fehir taraf\u0131ndan kamyon dolusu k\u00f6peklerin s\u00fcrekli getirilip b\u0131rak\u0131ld\u0131\u011f\u0131n\u0131 belirten Aslan, sosyal medya hesab\u0131 \u00fczerinden, &#8221; B\u00fcy\u00fck\u015fehir Belediyesi bar\u0131naktan kamyon kamyon getirip k\u00f6y\u00fcm\u00fcze b\u0131rakm\u0131\u015f oldu\u011fu k\u00f6pekler, s\u00fcr\u00fcm\u00fcze sald\u0131rd\u0131&#8230; Bir de\u011fil, iki de\u011fil. Bu ka\u00e7\u0131nc\u0131 vaka! Derdimizi kime anlataca\u011f\u0131z.&#8221; payla\u015f\u0131m\u0131nda bulundu.<\/div>\n<div dir=\"auto\" style=\"color: rgb(34, 34, 34); font-family: Arial, Helvetica, sans-serif; font-size: small;\">Her iki olay\u0131n birbiriyle ili\u015fkisi oldu\u011fu d\u00fc\u015f\u00fcn\u00fcl\u00fcrken, vatanda\u015flar konuyla alakal\u0131 B\u00fcy\u00fck\u015fehir\u2019den a\u00e7\u0131klama bekliyor.\u00a0<\/div>\n","protected":false},"excerpt":{"rendered":"<p>Mersin B\u00fcy\u00fck\u015fehir Belediyesi&#8217;nin, b\u0131rakt\u0131\u011f\u0131 iddia edilen k\u00f6pekler, k\u00f6ylerde k\u00fc\u00e7\u00fckba\u015f hayvanlar\u0131 telef ediyor. Ba\u015fka bir k\u00f6yde b\u0131rak\u0131lan k\u00f6pekler zehirlenmi\u015f \u00f6l\u00fc olarak bulunuyor. Tepki \u00e7eken her iki olaya ili\u015fkin B\u00fcy\u00fck\u015fehir sorumlu tutuluyor.\u00a0 &hellip; <a href=\"https:\/\/mersinekonomipolitikagazetesi.com\/?p=5597\" class=\"more-link\">Devam\u0131n\u0131 Oku&#8230;<\/a><\/p>\n","protected":false},"author":1,"featured_media":0,"comment_status":"open","ping_status":"open","sticky":false,"template":"","format":"standard","meta":[],"categories":[],"tags":[],"_links":{"self":[{"href":"https:\/\/mersinekonomipolitikagazetesi.com\/index.php?rest_route=\/wp\/v2\/posts\/5597"}],"collection":[{"href":"https:\/\/mersinekonomipolitikagazetesi.com\/index.php?rest_route=\/wp\/v2\/posts"}],"about":[{"href":"https:\/\/mersinekonomipolitikagazetesi.com\/index.php?rest_route=\/wp\/v2\/types\/post"}],"author":[{"embeddable":true,"href":"https:\/\/mersinekonomipolitikagazetesi.com\/index.php?rest_route=\/wp\/v2\/users\/1"}],"replies":[{"embeddable":true,"href":"https:\/\/mersinekonomipolitikagazetesi.com\/index.php?rest_route=%2Fwp%2Fv2%2Fcomments&post=5597"}],"version-history":[{"count":0,"href":"https:\/\/mersinekonomipolitikagazetesi.com\/index.php?rest_route=\/wp\/v2\/posts\/5597\/revisions"}],"wp:attachment":[{"href":"https:\/\/mersinekonomipolitikagazetesi.com\/index.php?rest_route=%2Fwp%2Fv2%2Fmedia&parent=5597"}],"wp:term":[{"taxonomy":"category","embeddable":true,"href":"https:\/\/mersinekonomipolitikagazetesi.com\/index.php?rest_route=%2Fwp%2Fv2%2Fcategories&post=5597"},{"taxonomy":"post_tag","embeddable":true,"href":"https:\/\/mersinekonomipolitikagazetesi.com\/index.php?rest_route=%2Fwp%2Fv2%2Ftags&post=5597"}],"curies":[{"name":"wp","href":"https:\/\/api.w.org\/{rel}","templated":true}]}}