{"id":5598,"date":"2020-11-04T18:26:01","date_gmt":"2020-11-04T15:26:01","guid":{"rendered":"http:\/\/mersinekonomipolitikagazetesi.com\/?p=5598"},"modified":"2020-11-04T18:26:01","modified_gmt":"2020-11-04T15:26:01","slug":"%ef%bb%bfkent-denize-hasret-birakiliyor","status":"publish","type":"post","link":"https:\/\/mersinekonomipolitikagazetesi.com\/?p=5598","title":{"rendered":"\ufeffKENT DEN\u0130ZE HASRET BIRAKILIYOR!"},"content":{"rendered":"<div id=\":3\">\n<div id=\":1\">\n<div role=\"main\">\n<div style=\"clear:both;\">\n<p>Mimar Abdullah Y\u0131lmaz Mersin sahil projelerini ele\u015ftirdi. Yapt\u0131\u011f\u0131 sosyal medya payla\u015f\u0131m\u0131nda Mersin\u2019e ve Akdeniz iklimine yak\u0131\u015fmayan projeler uyguland\u0131\u011f\u0131n\u0131 vurgulayan Y\u0131lmaz, \u201cOlmad\u0131, yapmad\u0131lar. \u00c7\u00fcnk\u00fc kibar kent soyguncular\u0131, payda\u015flar\u0131 kendi deyimleriyle ekmek yiyemezlerdi, \u00e7alamazlard\u0131.\u201d dedi.<\/p>\n<p>\u00a0<\/p>\n<p>\u201c\u0130kazlar\u0131ma ra\u011fmen yap\u0131lmad\u0131\u201d<\/p>\n<p>\u00a0<\/p>\n<p>T\u00fcrkiye\u2019nin en uzun k\u0131y\u0131s\u0131na sahip illerden olan Mersin kenti denize hasret b\u0131rak\u0131l\u0131yor. Yap\u0131lan \u00e7al\u0131\u015fmalar ve projeleri ele\u015ftiren Y\u0131lmaz, \u201cMersin sahil dolgu alan\u0131nda, defalarca ikaz\u0131ma ra\u011fmen y\u00f6re iklim \u015fartlar\u0131na uygun olarak yap\u0131lmas\u0131 gereken yaya y\u00fcr\u00fcy\u00fc\u015f ailesinde ana tema bu olmal\u0131yd\u0131.\u201d diyerek payla\u015ft\u0131\u011f\u0131 foto\u011fraf\u0131 \u00f6rnek g\u00f6sterdi.<\/p>\n<p>\u00a0<\/p>\n<p>\u201cProje ile klimantasyon kanallar\u0131 ile serinler, vatanda\u015f mutlu olurdu\u201d<\/p>\n<p>\u00a0<\/p>\n<p>Mersin\u2019in sahil ve y\u00fcr\u00fcy\u00fc\u015f yollar\u0131n\u0131n k\u00fc\u00e7\u00fck b\u00fct\u00e7eler aktar\u0131larak \u00e7\u00f6z\u00fclebilece\u011fini s\u00f6yleyen Y\u0131lmaz, \u201c\u0130nsan\u0131m\u0131z g\u00fcn\u00fcn her saatinde hissedilmeyen denizi ya\u015fayarak y\u00fcr\u00fcy\u00fc\u015f\u00fcn\u00fc yapar, tabi olu\u015fan klimantasyon kanallar\u0131 ile serinler, ekolojik mimari tasar\u0131mlarla mutlu olurdu olmad\u0131, yapmad\u0131lar.\u201d diye ele\u015ftirdi.<\/p>\n<p>\u00a0<\/p>\n<p>\u201cKibar kent soyguncular\u0131!\u201d<\/p>\n<p>\u00a0<\/p>\n<p>Planlaman\u0131n ve g\u00f6r\u00fc\u015fmelerin \u00e7\u0131karlar do\u011frultusunda yap\u0131larak vatanda\u015fa faaliyetlerinin \u00f6nemsiz k\u0131l\u0131nd\u0131\u011f\u0131n\u0131 vurgulayan Y\u0131lmaz, \u201cKibar kent soyguncular\u0131, payda\u015flar\u0131 kendi deyimleriyle ekmek yiyemezlerdi, \u00e7alamazlard\u0131. Devletin mal\u0131 deniz yemeyen domuz.\u201d diye vurgulad\u0131.<\/p>\n<\/div>\n<\/div>\n<\/div>\n<\/div>\n","protected":false},"excerpt":{"rendered":"<p>Mimar Abdullah Y\u0131lmaz Mersin sahil projelerini ele\u015ftirdi. Yapt\u0131\u011f\u0131 sosyal medya payla\u015f\u0131m\u0131nda Mersin\u2019e ve Akdeniz iklimine yak\u0131\u015fmayan projeler uyguland\u0131\u011f\u0131n\u0131 vurgulayan Y\u0131lmaz, \u201cOlmad\u0131, yapmad\u0131lar. \u00c7\u00fcnk\u00fc kibar kent soyguncular\u0131, payda\u015flar\u0131 kendi deyimleriyle ekmek &hellip; <a href=\"https:\/\/mersinekonomipolitikagazetesi.com\/?p=5598\" class=\"more-link\">Devam\u0131n\u0131 Oku&#8230;<\/a><\/p>\n","protected":false},"author":1,"featured_media":0,"comment_status":"open","ping_status":"open","sticky":false,"template":"","format":"standard","meta":[],"categories":[],"tags":[],"_links":{"self":[{"href":"https:\/\/mersinekonomipolitikagazetesi.com\/index.php?rest_route=\/wp\/v2\/posts\/5598"}],"collection":[{"href":"https:\/\/mersinekonomipolitikagazetesi.com\/index.php?rest_route=\/wp\/v2\/posts"}],"about":[{"href":"https:\/\/mersinekonomipolitikagazetesi.com\/index.php?rest_route=\/wp\/v2\/types\/post"}],"author":[{"embeddable":true,"href":"https:\/\/mersinekonomipolitikagazetesi.com\/index.php?rest_route=\/wp\/v2\/users\/1"}],"replies":[{"embeddable":true,"href":"https:\/\/mersinekonomipolitikagazetesi.com\/index.php?rest_route=%2Fwp%2Fv2%2Fcomments&post=5598"}],"version-history":[{"count":0,"href":"https:\/\/mersinekonomipolitikagazetesi.com\/index.php?rest_route=\/wp\/v2\/posts\/5598\/revisions"}],"wp:attachment":[{"href":"https:\/\/mersinekonomipolitikagazetesi.com\/index.php?rest_route=%2Fwp%2Fv2%2Fmedia&parent=5598"}],"wp:term":[{"taxonomy":"category","embeddable":true,"href":"https:\/\/mersinekonomipolitikagazetesi.com\/index.php?rest_route=%2Fwp%2Fv2%2Fcategories&post=5598"},{"taxonomy":"post_tag","embeddable":true,"href":"https:\/\/mersinekonomipolitikagazetesi.com\/index.php?rest_route=%2Fwp%2Fv2%2Ftags&post=5598"}],"curies":[{"name":"wp","href":"https:\/\/api.w.org\/{rel}","templated":true}]}}