{"id":5599,"date":"2020-11-04T18:26:01","date_gmt":"2020-11-04T15:26:01","guid":{"rendered":"http:\/\/mersinekonomipolitikagazetesi.com\/?p=5599"},"modified":"2020-11-04T18:26:01","modified_gmt":"2020-11-04T15:26:01","slug":"mersinli-gazetecinin-cigligi","status":"publish","type":"post","link":"https:\/\/mersinekonomipolitikagazetesi.com\/?p=5599","title":{"rendered":"MERS\u0130NL\u0130 GAZETEC\u0130N\u0130N \u00c7I\u011eLI\u011eI&#8230;"},"content":{"rendered":"<p>\u00a0<\/p>\n<p>\u00a0<\/p>\n<p>\u201cG\u00f6rmezden gelmesinler!\u201d<\/p>\n<p>\u00a0<\/p>\n<p>Bir\u00e7ok gazetede ve belediyede uzun s\u00fcre bas\u0131n dan\u0131\u015fmanl\u0131\u011f\u0131 ile gazetecilik mesleklerini icra eden, fakat ba\u011f\u0131ml\u0131 olduktan sonra \u00f6l\u00fcmle burun buruna gelen Ali G\u00fcltekin m\u00fccadeleye devam ediyor. G\u00fcltekin, \u201cSosyal hayata geri d\u00f6nmeye \u00e7al\u0131\u015f\u0131yorum. Tek iste\u011fim k\u0131z\u0131ma ve bana yard\u0131m eli uzats\u0131nlar. G\u00f6rmezden gelmesinler.\u201d diye konu\u015ftu.<\/p>\n<p>\u00a0<\/p>\n<p>Mersin Gazetesi\u2019ni ziyaret ederek ya\u015fad\u0131\u011f\u0131 zorluklar\u0131 ve hayat hikayesini anlatan Ali G\u00fcltekin destek bekliyor. Uzun bir s\u00fcre Milliyet&#8217;in Mersin b\u00fcrosunda muhabir olarak \u00e7al\u0131\u015ft\u0131\u011f\u0131n\u0131 ard\u0131ndan Milliyet gazetesi sat\u0131l\u0131nca s\u00f6zle\u015fmelerinin fesih edildi\u011fini s\u00f6yleyen G\u00fcltekin, \u201cS\u00f6zle\u015fme fesih edilince muhabirlerde i\u015fsiz kald\u0131 bende i\u015fsiz kald\u0131m. \u0130\u015fsiz kal\u0131nca 15 g\u00fcnde bir \u00e7\u0131kan yerel gazetede \u00e7al\u0131\u015fmaya ba\u015flad\u0131m ve\u00a0 2 y\u0131la yak\u0131n \u00e7al\u0131\u015ft\u0131m. Sonras\u0131nda ise Toroslar Belediyesi\u2019nde Fatih \u015eahin ile bas\u0131n b\u00fcrosunda \u00e7al\u0131\u015fmaya ba\u015flad\u0131k. Mustafa Demirci se\u00e7imi kaybedince yerine Hamit Tuna geldi ve Hamit Tuna gelince biz i\u015ften ayr\u0131lmak zorunda kald\u0131k. \u0130\u015ften ayr\u0131lmam sonun ba\u015flang\u0131c\u0131 oldu.\u201d diye anlatt\u0131.<\/p>\n<p>\u00a0<\/p>\n<p>\u201cUyuyarak sorunlar\u0131mdan ve dertlerimden ka\u00e7maya \u00e7al\u0131\u015ft\u0131m\u201d<\/p>\n<p>\u00a0<\/p>\n<p>\u0130\u015ften ayr\u0131lmak zorunda kald\u0131\u011f\u0131n\u0131 belirten ve i\u015fsizlik sonucu e\u015fini de kaybetti\u011fini ve bunal\u0131ma girdi\u011fini belirten G\u00fcltekin, \u201cNe yaz\u0131k ki bunal\u0131m ve yaln\u0131zl\u0131k sonucu ba\u011f\u0131ml\u0131 oldum. \u00c7\u0131k\u0131\u015f yolu olarak g\u00f6rd\u00fc\u011f\u00fcm bu yol beni uyu\u015fturarak hayal d\u00fcnyas\u0131na dal\u0131yordum. Uyuyarak sorunlar\u0131mdan ve dertlerimden ka\u00e7maya \u00e7al\u0131\u015ft\u0131m.\u201d dedi.<\/p>\n<p>\u00a0<\/p>\n<p>\u201cUtand\u0131\u011f\u0131m i\u00e7in h\u0131rs\u0131zl\u0131k yapmad\u0131m\u201d<\/p>\n<p>\u00a0<\/p>\n<p>\u0130\u015fsiz kald\u0131\u011f\u0131 s\u00fcre\u00e7te yeterli paras\u0131 olmad\u0131\u011f\u0131 i\u00e7in madde alamad\u0131\u011f\u0131n\u0131 bu s\u00fcre zarf\u0131nda zor g\u00fcnler ge\u00e7irdi\u011fini belirten G\u00fcltekin, \u201cUyu\u015fturucu maddeyi almak i\u00e7in h\u0131rs\u0131zl\u0131k yapacaks\u0131n. H\u0131rs\u0131zl\u0131k yapmay\u0131 da kendime yediremedim. Benim bir gazeteci ge\u00e7mi\u015fim vard\u0131. Daha d\u00fcne kadar oturdu\u011fum, \u00e7ay i\u00e7ti\u011fim emniyet m\u00fcd\u00fcrlerinin kar\u015f\u0131s\u0131na h\u0131rs\u0131z diye \u00e7\u0131kmaktan utand\u0131\u011f\u0131m i\u00e7in h\u0131rs\u0131zl\u0131\u011f\u0131 yapamad\u0131m.\u201d diye konu\u015ftu.<\/p>\n<p>\u00a0<\/p>\n<p>Madde ba\u011f\u0131ml\u0131l\u0131\u011f\u0131 sonucu zoraki kullan\u0131ma y\u00f6nelen Ali G\u00fcltekin madde alabilmek i\u00e7in \u00e7\u00f6p toplamaya ba\u015flad\u0131\u011f\u0131n\u0131 ve bunu da di\u011fer ba\u011f\u0131ml\u0131lardan g\u00f6rd\u00fc\u011f\u00fcn\u00fc belirtti. G\u00fcltekin, \u201cAli Ekber \u015een&#8217;in yan\u0131na gittim. Bana yard\u0131mc\u0131 olarak bir tane 3 tekerlekli bisiklet ald\u0131 \u00e7\u00f6p toplamak amac\u0131yla ve \u00e7\u00f6p toplamaya ba\u015flad\u0131m. \u0130\u015fte \u00e7\u00f6p toplad\u0131\u011f\u0131m parayla da uyu\u015fturucu madde al\u0131yordum derken fel\u00e7 ge\u00e7irdim ve \u00e7\u00f6p toplayamaz hale geldim.\u201d diye anlatt\u0131.<\/p>\n<p>\u00a0<\/p>\n<p>\u201c\u00c7\u0131rp\u0131nd\u0131k\u00e7a daha \u00e7ok bat\u0131yorsun\u201d<\/p>\n<p>\u00a0<\/p>\n<p>Ge\u00e7irdi\u011fi fel\u00e7 sonras\u0131 sokaklarda kalarak yara band\u0131 satmaya ba\u015flad\u0131\u011f\u0131n\u0131 belirten G\u00fcltekin, \u201cAld\u0131\u011f\u0131m paray\u0131 da g\u00f6t\u00fcr\u00fcp uyu\u015fturucu maddelere veriyordum. Benim gibi bir \u00e7ok ki\u015fi de vard\u0131 bu illetin pe\u015finde. Mesela 16-17 ya\u015f\u0131nda gen\u00e7 k\u0131zlar gen\u00e7 erkekler olurdu. \u015eunu s\u00f6ylemek istiyorum\u00a0 madde insan\u0131n hayat\u0131na girerse insan\u0131n elinden \u015ferefini, haysiyetini, onurunu, gururunu ve namusunu elinden al\u0131r. Yani bunlar\u0131n hi\u00e7birini arayamazs\u0131n. Madde geldi mi onlar gider. Tek g\u00f6rd\u00fc\u011f\u00fc \u015fey maddedir. Ba\u011f\u0131ml\u0131 oldu\u011fu i\u00e7in her \u015feyi yapar h\u0131rs\u0131zl\u0131kta yapar, gaspta yapar, adam da soyar ve bir\u00e7ok \u00f6rnek verebilirim. Gen\u00e7 k\u0131zlar\u0131n ve erkeklerin neler yapt\u0131\u011f\u0131na \u015fahit olsan\u0131z dayanamazd\u0131n\u0131z. G\u00f6r\u00fcyordum \u00e7ok \u00fcz\u00fcl\u00fcyordum, yapacak bir \u015feyim yoktu, ayn\u0131 batakl\u0131\u011f\u0131n i\u00e7inde bende vard\u0131m. \u00c7\u0131rp\u0131nd\u0131k\u00e7a daha \u00e7ok bat\u0131yorsun.\u201d diye belirtti.<\/p>\n<p>\u00a0<\/p>\n<p>\u201cK\u0131z\u0131m\u0131n deste\u011fiyle geri d\u00f6nd\u00fcm\u201d<\/p>\n<p>\u00a0<\/p>\n<p>Y\u0131llar sonra kurtulu\u015funu anlatan Ali G\u00fcltekin k\u0131z\u0131n\u0131n b\u00fcy\u00fcmesiyle birlikte ya\u015fan\u0131lanlar\u0131 fark etti\u011fini ve art\u0131k kendisine kar\u015f\u0131 \u00e7\u0131kt\u0131\u011f\u0131n\u0131 vurgulad\u0131.<\/p>\n<p>K\u0131z\u0131n\u0131n \u201cBaba seni bir g\u00fcn gelipte evde \u00f6l\u00fc olarak bulmak benim i\u00e7in bir \u00f6l\u00fcm olur\u201d dedi\u011fini belirten G\u00fcltekin, \u201cK\u0131z\u0131m bana a\u015f\u0131r\u0131 d\u00fc\u015fk\u00fcnd\u00fcr. Annesi de, \u2018E\u011fer seni \u00e7ocu\u011fumuz evde \u00f6l\u00fc olarak bulursa ben bu \u00e7ocu\u011fu zapt edemem bu \u00e7ocuk kafay\u0131 yer delirir.\u2019 dedi. Bende k\u0131z\u0131ma k\u0131yamad\u0131m. Kay\u0131n biraderim Tece\u2019de Akkum\u2019da f\u0131r\u0131n i\u015fletiyordu, f\u0131r\u0131n\u0131n \u00fcst kat\u0131 bo\u015ftu. Bende k\u0131z\u0131ma dedim ki &#8216;k\u0131z\u0131m benim buralardan uzakla\u015fmam laz\u0131m uyu\u015fturucuyu b\u0131rakmak i\u00e7in yani bu ortamdan \u00e7\u0131kmam laz\u0131m ba\u015fka yolu yok yoksa b\u0131rakamam.\u2019 dedim. O da &#8216;Baba gel seni Tece\u2019deki o yere g\u00f6t\u00fcreyim.\u2019 dedi ve\u00a0 Tece&#8217;ye g\u00f6t\u00fcrd\u00fc.\u201d diyerek ba\u011f\u0131ml\u0131l\u0131\u011f\u0131 atlatma s\u00fcrecini anlatt\u0131.<\/p>\n<p>\u00a0<\/p>\n<p>\u201cBedeli a\u011f\u0131r olmadan b\u0131rakabilmeli\u201d<\/p>\n<p>\u00a0<\/p>\n<p>Tece\u2019ye giderken uyu\u015fturucudan kurtulmak i\u00e7in verilen bir ila\u00e7 kulland\u0131\u011f\u0131n\u0131 belirten G\u00fcltekin, \u201c\u015eu an kulland\u0131\u011f\u0131m ila\u00e7 var onu ald\u0131m ve her g\u00fcn kullan\u0131yordum ilac\u0131. K\u0131z\u0131m yan\u0131mdan ayr\u0131lm\u0131yordu. Tabi o zamanlar ataklar\u0131m oluyordu. Kendime gelmem i\u00e7in k\u0131z\u0131ma beni zapt etmesini s\u00f6yledim. Kendime gelene kadar sudan \u00e7\u0131karma diyordum. Bu \u015fekilde 10-15 g\u00fcn orada kald\u0131m. 1 hafta sonra maddeyi g\u00f6r\u00fcnce art\u0131k d\u00fczelmeye ba\u015flad\u0131m, i\u00e7mek istemiyordum. K\u0131z\u0131mda ben maddeyi kullanmay\u0131m diye yan\u0131mda kal\u0131yor ve bana destek oluyordu. Kullanmay\u0131 o g\u00fcnden sonra b\u0131rakt\u0131m. \u00d6nemli olan beyinde bitirmek i\u00e7miyorum diyebilmek. Yani ba\u015far\u0131labilir, ben bunun canl\u0131 \u00f6rne\u011fiyim. Maksat bedeli bu kadar a\u011f\u0131r olmadan b\u0131rakabilmesini istiyorum insanlar\u0131n, yani benim gibi fel\u00e7 ge\u00e7irmeden sa\u011fl\u0131kl\u0131yken bu maddeden kurtulabilirler.\u201d dedi.<\/p>\n<p>\u00a0<\/p>\n<p>\n\u201cHi\u00e7 kimse evlad\u0131ndan vazge\u00e7mesin\u201c<\/p>\n<p>\n\u00a0<\/p>\n<p>Ailelere tavsiyede bulunan G\u00fcltekin, \u201cHi\u00e7 kimse evlad\u0131ndan vazge\u00e7mesin. Elinden tutsunlar onlar vazge\u00e7erlerse \u00e7ocuklar\u0131m\u0131z batakl\u0131kta kaybolur gider. Kurtarmay\u0131 denesinler, biri elinden tutarsa ba\u015far\u0131r. Benim k\u0131z\u0131m ba\u015f\u0131mda bekledi, elimden tuttu o batakl\u0131\u011f\u0131n i\u00e7inden beni \u00e7\u0131kard\u0131.10 y\u0131l boyunca kulland\u0131\u011f\u0131m \u015feyi 10 y\u0131l ge\u00e7ti kullanm\u0131yorum.\u201d diye belirtti.<\/p>\n<p>\u00a0<\/p>\n<p>\u201cK\u00f6m\u00fcrl\u00fc\u011fe s\u0131\u011f\u0131nm\u0131\u015f durumday\u0131m\u201d<\/p>\n<p>\u00a0<\/p>\n<p>Yapt\u0131\u011f\u0131 a\u00e7\u0131klamalar sonunda kendi i\u00e7erisindeki ba\u015far\u0131y\u0131 ve azmi insanlar taraf\u0131ndan g\u00f6r\u00fclmesini istedi\u011fini belirten G\u00fcltekin, \u201cBana insanlar sadaka vermesinler. \u015euanda yeni bir hayat i\u00e7in \u00e7\u0131rp\u0131n\u0131yorum ve i\u015fsiz olarak ge\u00e7inmeye \u00e7al\u0131\u015f\u0131yorum. Gerek belediyeler gerekse kurum kurulu\u015flardan destek bekliyorum. Ben Ali G\u00fcltekin i\u00e7in hayata tutunacak dal ve s\u0131ms\u0131k\u0131 sar\u0131laca\u011f\u0131m bir hayat istiyorum. Bana bal\u0131k vermesinler benim bal\u0131k tutmam i\u00e7in yan\u0131mda dursunlar. Tek odal\u0131 odunlukta so\u011fu\u011fun i\u00e7erisinde kal\u0131yorum. Gelip bak\u0131ls\u0131n ne kap\u0131s\u0131 var ne penceresi, k\u00f6m\u00fcrl\u00fc\u011fe s\u0131\u011f\u0131nm\u0131\u015f durumday\u0131m.\u201d diye konu\u015ftu.<\/p>\n<p>\u00a0<\/p>\n<p>\u201cAyakta durabilmem i\u00e7in tutunacak bir destek bekliyorum\u201d<\/p>\n<p>\u00a0<\/p>\n<p>Fizik tedavi g\u00f6rd\u00fc\u011f\u00fcn\u00fc ve sol taraf\u0131n\u0131n fel\u00e7li halde bulundu\u011funu belirten G\u00fcltekin kendisine engelli stat\u00fcs\u00fcnde i\u015f arad\u0131\u011f\u0131n\u0131 da belirtti.<\/p>\n<p>Ali G\u00fcltekin, \u201cHayat m\u00fccadelesi veriyorum. Bir gelirim olmal\u0131 ki k\u0131z\u0131ma ve kendime sahip \u00e7\u0131kay\u0131m bir faydam olsun. Kendi ayaklar\u0131m\u0131n \u00fczerinde durmak istiyorum. Tek iste\u011fim insanl\u0131k ad\u0131na devlet b\u00fcy\u00fckleri ve hay\u0131rseverlerden destek bekliyorum. Batakl\u0131ktan \u00e7\u0131kt\u0131m ve tekrar d\u00fc\u015fmemek i\u00e7in ayakta durabilmem i\u00e7in tutunacak bir destek bekliyorum.\u201d diye vurgulad\u0131.<\/p>\n<p>\u00a0<\/p>\n<p>Yap\u0131lan s\u00f6yle\u015fi sonras\u0131 Mersin Gazetesi Ali G\u00fcltekin\u2019i takip ederek geli\u015fmelerle ilgili s\u00fcrekli takip\u00e7isi olacakt\u0131r.<\/p>\n","protected":false},"excerpt":{"rendered":"<p>\u00a0 \u00a0 \u201cG\u00f6rmezden gelmesinler!\u201d \u00a0 Bir\u00e7ok gazetede ve belediyede uzun s\u00fcre bas\u0131n dan\u0131\u015fmanl\u0131\u011f\u0131 ile gazetecilik mesleklerini icra eden, fakat ba\u011f\u0131ml\u0131 olduktan sonra \u00f6l\u00fcmle burun buruna gelen Ali G\u00fcltekin m\u00fccadeleye devam &hellip; <a href=\"https:\/\/mersinekonomipolitikagazetesi.com\/?p=5599\" class=\"more-link\">Devam\u0131n\u0131 Oku&#8230;<\/a><\/p>\n","protected":false},"author":1,"featured_media":0,"comment_status":"open","ping_status":"open","sticky":false,"template":"","format":"standard","meta":[],"categories":[],"tags":[],"_links":{"self":[{"href":"https:\/\/mersinekonomipolitikagazetesi.com\/index.php?rest_route=\/wp\/v2\/posts\/5599"}],"collection":[{"href":"https:\/\/mersinekonomipolitikagazetesi.com\/index.php?rest_route=\/wp\/v2\/posts"}],"about":[{"href":"https:\/\/mersinekonomipolitikagazetesi.com\/index.php?rest_route=\/wp\/v2\/types\/post"}],"author":[{"embeddable":true,"href":"https:\/\/mersinekonomipolitikagazetesi.com\/index.php?rest_route=\/wp\/v2\/users\/1"}],"replies":[{"embeddable":true,"href":"https:\/\/mersinekonomipolitikagazetesi.com\/index.php?rest_route=%2Fwp%2Fv2%2Fcomments&post=5599"}],"version-history":[{"count":0,"href":"https:\/\/mersinekonomipolitikagazetesi.com\/index.php?rest_route=\/wp\/v2\/posts\/5599\/revisions"}],"wp:attachment":[{"href":"https:\/\/mersinekonomipolitikagazetesi.com\/index.php?rest_route=%2Fwp%2Fv2%2Fmedia&parent=5599"}],"wp:term":[{"taxonomy":"category","embeddable":true,"href":"https:\/\/mersinekonomipolitikagazetesi.com\/index.php?rest_route=%2Fwp%2Fv2%2Fcategories&post=5599"},{"taxonomy":"post_tag","embeddable":true,"href":"https:\/\/mersinekonomipolitikagazetesi.com\/index.php?rest_route=%2Fwp%2Fv2%2Ftags&post=5599"}],"curies":[{"name":"wp","href":"https:\/\/api.w.org\/{rel}","templated":true}]}}