{"id":5616,"date":"2020-11-04T18:26:03","date_gmt":"2020-11-04T15:26:03","guid":{"rendered":"http:\/\/mersinekonomipolitikagazetesi.com\/?p=5616"},"modified":"2020-11-04T18:26:03","modified_gmt":"2020-11-04T15:26:03","slug":"tarsus-idman-yurdu-yonetimi-destek-istedi","status":"publish","type":"post","link":"https:\/\/mersinekonomipolitikagazetesi.com\/?p=5616","title":{"rendered":"Tarsus \u0130dman Yurdu y\u00f6netimi destek istedi"},"content":{"rendered":"<p>\u00a0TFF 2. Lig Beyaz Grup ekiplerinden Tarsus \u0130dman Yurdu Kul\u00fcb\u00fc\u2019n\u00fcn yeni y\u00f6netimi, Tarsus Kaymakam\u0131 Kadir Sertel Otcu\u2019yu ziyaret edip destek istedi.\u00a0 \u00a0<br \/>\n\u00a0 Tarsus idman Yurdu Kul\u00fcb\u00fc Ba\u015fkan\u0131 Dr. Musa Atay, ikinci ba\u015fkanlar\u0131 Hasan \u015eemsi, Erden Zaman, Ali Y\u0131ld\u0131r\u0131m, Fikri Bucak, Bas\u0131n ve Medya Sorumlusu Hakan Canan Can, Mali \u0130\u015fler Sorumlusu \u00d6nder Erdo\u011fan, Y\u00f6netim Kurulu \u00dcyeleri Nil \u00d6zveren A\u015fk\u0131n ile Murat Aydo\u011fan, Kaymakam Otcu\u2019yu makam\u0131nda ziyaret etti.\u00a0<br \/>\n\u00a0 9 Aral\u0131k 2019 tarihinde yap\u0131lan Ola\u011fan\u00fcst\u00fc Genel Kurul ile g\u00f6reve se\u00e7ildiklerini belirten Ba\u015fkan Atay, Kaymakam Otcu\u2019ya y\u00f6netim kurulu arkada\u015flar\u0131n\u0131 tek tek tan\u0131tt\u0131.\u00a0<br \/>\n\u00a0 Ba\u015fkan Atay, Cumhuriyetle ya\u015f\u0131t Tarsus \u0130dman Yurdu&#8217;nu ba\u015far\u0131ya ula\u015ft\u0131rmak i\u00e7in y\u00f6netim kurulu arkada\u015flar\u0131yla birlik, beraberlik ve uyum i\u00e7erisinde \u00e7al\u0131\u015ft\u0131klar\u0131n\u0131 ifade ederek, Tarsus halk\u0131n\u0131n ve i\u015f adamlar\u0131n\u0131n da tak\u0131mlar\u0131na destek vermelerini istedi. Kaymakam Otcu da Ba\u015fkan Atay ve y\u00f6netim kurulunun ziyaretinden duydu\u011fu memnuniyeti dile getirerek, ba\u015far\u0131lar diledi.\u00a0<br \/>\n\u00a0 Tarsus \u0130dman Yurdu Y\u00f6netim Kurulu ziyaret an\u0131s\u0131na Tarsus Kaymakam\u0131 Kadir Sertel Otcu&#8217;nun ismi yaz\u0131l\u0131 33 s\u0131rt numaral\u0131 Tarsus idman Yurdu formas\u0131 hediye etti.\u00a0<\/p>\n","protected":false},"excerpt":{"rendered":"<p>\u00a0TFF 2. Lig Beyaz Grup ekiplerinden Tarsus \u0130dman Yurdu Kul\u00fcb\u00fc\u2019n\u00fcn yeni y\u00f6netimi, Tarsus Kaymakam\u0131 Kadir Sertel Otcu\u2019yu ziyaret edip destek istedi.\u00a0 \u00a0 \u00a0 Tarsus idman Yurdu Kul\u00fcb\u00fc Ba\u015fkan\u0131 Dr. Musa &hellip; <a href=\"https:\/\/mersinekonomipolitikagazetesi.com\/?p=5616\" class=\"more-link\">Devam\u0131n\u0131 Oku&#8230;<\/a><\/p>\n","protected":false},"author":1,"featured_media":0,"comment_status":"open","ping_status":"open","sticky":false,"template":"","format":"standard","meta":[],"categories":[],"tags":[],"_links":{"self":[{"href":"https:\/\/mersinekonomipolitikagazetesi.com\/index.php?rest_route=\/wp\/v2\/posts\/5616"}],"collection":[{"href":"https:\/\/mersinekonomipolitikagazetesi.com\/index.php?rest_route=\/wp\/v2\/posts"}],"about":[{"href":"https:\/\/mersinekonomipolitikagazetesi.com\/index.php?rest_route=\/wp\/v2\/types\/post"}],"author":[{"embeddable":true,"href":"https:\/\/mersinekonomipolitikagazetesi.com\/index.php?rest_route=\/wp\/v2\/users\/1"}],"replies":[{"embeddable":true,"href":"https:\/\/mersinekonomipolitikagazetesi.com\/index.php?rest_route=%2Fwp%2Fv2%2Fcomments&post=5616"}],"version-history":[{"count":0,"href":"https:\/\/mersinekonomipolitikagazetesi.com\/index.php?rest_route=\/wp\/v2\/posts\/5616\/revisions"}],"wp:attachment":[{"href":"https:\/\/mersinekonomipolitikagazetesi.com\/index.php?rest_route=%2Fwp%2Fv2%2Fmedia&parent=5616"}],"wp:term":[{"taxonomy":"category","embeddable":true,"href":"https:\/\/mersinekonomipolitikagazetesi.com\/index.php?rest_route=%2Fwp%2Fv2%2Fcategories&post=5616"},{"taxonomy":"post_tag","embeddable":true,"href":"https:\/\/mersinekonomipolitikagazetesi.com\/index.php?rest_route=%2Fwp%2Fv2%2Ftags&post=5616"}],"curies":[{"name":"wp","href":"https:\/\/api.w.org\/{rel}","templated":true}]}}