{"id":5618,"date":"2020-11-04T18:26:03","date_gmt":"2020-11-04T15:26:03","guid":{"rendered":"http:\/\/mersinekonomipolitikagazetesi.com\/?p=5618"},"modified":"2020-11-04T18:26:03","modified_gmt":"2020-11-04T15:26:03","slug":"atik-malzemeler-emeklilerin-ellerinde-sekilleniyor","status":"publish","type":"post","link":"https:\/\/mersinekonomipolitikagazetesi.com\/?p=5618","title":{"rendered":"At\u0131k malzemeler emeklilerin ellerinde \u015fekilleniyor"},"content":{"rendered":"<p>Mersin B\u00fcy\u00fck\u015fehir Belediyesi, \u0130kinci Bahar Emekli Evinde \u201cGeri D\u00f6n\u00fc\u015f\u00fcm-El \u0130\u015fleri\u201d kursu a\u00e7t\u0131. Kursta, at\u0131k malzemelerden yeni e\u015fyalar \u00fcreten emekliler, bu e\u015fyalarla a\u00e7acaklar\u0131 kermesten elde edecekleri geliri hay\u0131r kurumlar\u0131na ba\u011f\u0131\u015flayacak.\u00a0<br \/>\n\u00a0 B\u00fcy\u00fck\u015fehir Belediyesinden yap\u0131lan a\u00e7\u0131klamaya g\u00f6re, Sosyal Hizmetler Dairesi Ba\u015fkanl\u0131\u011f\u0131 b\u00fcnyesinde hizmet veren \u0130kinci Bahar Emekli Evinde birbirinden renkli etkinliklerle, emekliler hem sosyalle\u015fiyor hem de kaliteli vakit ge\u00e7iriyor. At\u0131k malzemelerin yeni e\u015fyalara d\u00f6n\u00fc\u015ft\u00fcr\u00fclmesi amac\u0131yla haz\u0131rlanan \u201cGeri D\u00f6n\u00fc\u015f\u00fcm-El \u0130\u015fleri\u201d kursu, haftada bir g\u00fcn olmak \u00fczere Emekli Evi \u00fcyelerine verilmeye ba\u015fland\u0131.\u00a0\u00a0<br \/>\n\u00a0 \u0130kinci Bahar Emekli Evi sorumlusu Merve Akkaya Tek, kursta olu\u015fturduklar\u0131 yeni e\u015fyalar birikti\u011finde d\u00fczenlenecek bir kermeste sergilemeyi ve buradan elde edilen geliri, hay\u0131r kurumlar\u0131na ba\u011f\u0131\u015flamak istediklerini s\u00f6yledi. Tek, \u201cGeri d\u00f6n\u00fc\u015f\u00fcm malzemeleri, at\u0131k malzemeleri kullanarak yeni objeler \u00fcretebilece\u011fimiz bir kurs a\u00e7t\u0131k. Do\u011fa bilincini olu\u015fturmak, \u00e7evreye sayg\u0131l\u0131 olmak ve at\u0131k malzemeleri \u00e7ok daha farkl\u0131 kullanarak yeni e\u015fyalara d\u00f6n\u00fc\u015ft\u00fcrmek amac\u0131yla bu kursumuzu ba\u015flatt\u0131k. Bu kurslarla birlikte emeklilerimiz, hem emeklilik zamanlar\u0131n\u0131 etkinlik yaparak de\u011ferlendirecekler hem de yeni objeler olu\u015fturacaklar. Kendi evlerinde kullanabilirler, sevdiklerine hediye edebilirler. \u015eimdilik gazete ka\u011f\u0131tlar\u0131n\u0131 kullanmaya ba\u015flad\u0131k. Gazete ka\u011f\u0131tlar\u0131n\u0131n d\u0131\u015f\u0131nda akl\u0131n\u0131za gelebilecek her t\u00fcrl\u00fc at\u0131k malzeme, plastik, metal, ka\u011f\u0131t ne olursa olsun biz bunlar\u0131 farkl\u0131 objelere d\u00f6n\u00fc\u015ft\u00fcr\u00fcp, yeni e\u015fyalar yapmay\u0131 planl\u0131yoruz\u201d dedi.\u00a0<br \/>\n\u00a0<br \/>\n\u00a0 Emekliler el i\u015fi kursundan memnun\u00a0<br \/>\n\u00a0 \u0130ki y\u0131ld\u0131r \u0130kinci Bahar Emekli Evine \u00fcye olan Cumali Y\u0131ld\u0131r\u0131m, \u201cSSK emeklisiyim, burada zaman zaman \u00e7e\u015fitli etkinlikler oluyor, bu etkinliklere kat\u0131l\u0131yorum. Bug\u00fcn de geri d\u00f6n\u00fc\u015f\u00fcm el i\u015fleri i\u00e7in bir araday\u0131z. Yeni \u00f6\u011freniyoruz, ilerde bundan gelecek gelirleri \u00e7e\u015fitli kurumlara ba\u011f\u0131\u015flayaca\u011f\u0131z\u201d diye konu\u015ftu.\u00a0<br \/>\n\u00a0 Sebiha Kr\u00f6ning ise \u201cBuraya bir y\u0131ld\u0131r geliyorum. \u015eimdi at\u0131k malzemelerden geri d\u00f6n\u00fc\u015f\u00fcm kursuna geldik. \u00c7ok g\u00fczel oldu bizim i\u00e7in. Evde oturmaktan \u00e7ok daha g\u00fczel. Bunlar\u0131 yapt\u0131\u011f\u0131m\u0131zda, objelere d\u00f6n\u00fc\u015ft\u00fcrd\u00fc\u011f\u00fcm\u00fczde, bunlar\u0131 kermeste sat\u0131p, hay\u0131r kurumlar\u0131na da verebilme olana\u011f\u0131m\u0131z olacakm\u0131\u015f. Bu da bizi \u00e7ok mutlu eder. \u0130n\u015fallah g\u00fczel \u015feyler olacak\u201d ifadelerini kulland\u0131.\u00a0<br \/>\n\u00a0 Kursu duyduktan sonra Emekli Evine \u00fcye olan Bediha \u00c7etin de \u201cBug\u00fcn ba\u015flad\u0131m. \u0130lk defa geliyorum. At\u0131klardan malzeme, \u00fcr\u00fcn yap\u0131laca\u011f\u0131n\u0131 duydum. K\u0131z karde\u015fim geliyordu bir-iki senedir, o tavsiye etti. Ben de bug\u00fcn ba\u015flad\u0131m, ilk g\u00fcn\u00fcm. \u0130n\u015fallah iyi \u015feyler \u00e7\u0131karaca\u011f\u0131z\u201d dedi.\u00a0<\/p>\n","protected":false},"excerpt":{"rendered":"<p>Mersin B\u00fcy\u00fck\u015fehir Belediyesi, \u0130kinci Bahar Emekli Evinde \u201cGeri D\u00f6n\u00fc\u015f\u00fcm-El \u0130\u015fleri\u201d kursu a\u00e7t\u0131. Kursta, at\u0131k malzemelerden yeni e\u015fyalar \u00fcreten emekliler, bu e\u015fyalarla a\u00e7acaklar\u0131 kermesten elde edecekleri geliri hay\u0131r kurumlar\u0131na ba\u011f\u0131\u015flayacak.\u00a0 \u00a0 &hellip; <a href=\"https:\/\/mersinekonomipolitikagazetesi.com\/?p=5618\" class=\"more-link\">Devam\u0131n\u0131 Oku&#8230;<\/a><\/p>\n","protected":false},"author":1,"featured_media":0,"comment_status":"open","ping_status":"open","sticky":false,"template":"","format":"standard","meta":[],"categories":[],"tags":[],"_links":{"self":[{"href":"https:\/\/mersinekonomipolitikagazetesi.com\/index.php?rest_route=\/wp\/v2\/posts\/5618"}],"collection":[{"href":"https:\/\/mersinekonomipolitikagazetesi.com\/index.php?rest_route=\/wp\/v2\/posts"}],"about":[{"href":"https:\/\/mersinekonomipolitikagazetesi.com\/index.php?rest_route=\/wp\/v2\/types\/post"}],"author":[{"embeddable":true,"href":"https:\/\/mersinekonomipolitikagazetesi.com\/index.php?rest_route=\/wp\/v2\/users\/1"}],"replies":[{"embeddable":true,"href":"https:\/\/mersinekonomipolitikagazetesi.com\/index.php?rest_route=%2Fwp%2Fv2%2Fcomments&post=5618"}],"version-history":[{"count":0,"href":"https:\/\/mersinekonomipolitikagazetesi.com\/index.php?rest_route=\/wp\/v2\/posts\/5618\/revisions"}],"wp:attachment":[{"href":"https:\/\/mersinekonomipolitikagazetesi.com\/index.php?rest_route=%2Fwp%2Fv2%2Fmedia&parent=5618"}],"wp:term":[{"taxonomy":"category","embeddable":true,"href":"https:\/\/mersinekonomipolitikagazetesi.com\/index.php?rest_route=%2Fwp%2Fv2%2Fcategories&post=5618"},{"taxonomy":"post_tag","embeddable":true,"href":"https:\/\/mersinekonomipolitikagazetesi.com\/index.php?rest_route=%2Fwp%2Fv2%2Ftags&post=5618"}],"curies":[{"name":"wp","href":"https:\/\/api.w.org\/{rel}","templated":true}]}}