{"id":5620,"date":"2020-11-04T18:26:03","date_gmt":"2020-11-04T15:26:03","guid":{"rendered":"http:\/\/mersinekonomipolitikagazetesi.com\/?p=5620"},"modified":"2020-11-04T18:26:03","modified_gmt":"2020-11-04T15:26:03","slug":"mersinin-bellegi-100-yillik-cinar-av-sinasi-develi-vefat-etti","status":"publish","type":"post","link":"https:\/\/mersinekonomipolitikagazetesi.com\/?p=5620","title":{"rendered":"Mersin\u2019in belle\u011fi, 100 y\u0131ll\u0131k \u00e7\u0131nar Av. \u015einasi Develi vefat etti"},"content":{"rendered":"<p>\u00a0Mersin\u2019in tarihine \u0131\u015f\u0131k tutan, \u2018Mersin\u2019in belle\u011fi\u2019, \u2018Mersin\u2019in haf\u0131zas\u0131\u2019 olarak nitelendirilen Ara\u015ft\u0131rmac\u0131 Yazar Av. \u015einasi Develi, 100 ya\u015f\u0131nda hayat\u0131n\u0131 kaybetti. Mersin Barosu Ba\u015fkan\u0131 Bilgin Ye\u015filbo\u011faz, \u201c\u015einasi Develi, \u00e7ok ba\u015far\u0131l\u0131 bir hukuk\u00e7u olmas\u0131n\u0131n yan\u0131 s\u0131ra ara\u015ft\u0131rmac\u0131 ve yazar kimli\u011fiyle de Mersin\u2019in tarihine \u0131\u015f\u0131k tutan, Mersin tarihinin haf\u0131zas\u0131d\u0131r\u201d dedi.\u00a0<br \/>\n\u00a0 1964-1974 d\u00f6neminde Mersin Barosu Ba\u015fkan\u0131 olarak g\u00f6rev yapan \u015einasi Develi\u2019nin vefat\u0131, kentte b\u00fcy\u00fck \u00fcz\u00fcnt\u00fcyle kar\u015f\u0131land\u0131. 100 y\u0131ll\u0131k \u00e7\u0131nar Develi\u2019nin vefat\u0131 nedeniyle bir a\u00e7\u0131klama yapan Mersin Barosu Ba\u015fkan\u0131 Bilgin Ye\u015filbo\u011faz, \u201cDuayenimiz, a\u011fabeyimiz, 100 ya\u015f\u0131ndaki Av. \u015einasi Develi\u2019nin hayat\u0131n\u0131 kaybetmesinin derin \u00fcz\u00fcnt\u00fcs\u00fc i\u00e7erisindeyiz. \u00c7ok ba\u015far\u0131l\u0131 bir hukuk\u00e7u olmas\u0131n\u0131n yan\u0131 s\u0131ra ara\u015ft\u0131rmac\u0131 ve yazar kimli\u011fiyle de Mersin\u2019in tarihine \u0131\u015f\u0131k tutan, Mersin tarihinin haf\u0131zas\u0131 olan \u015einasi Develi, meslek ilkelerinden \u00f6d\u00fcn vermeden, laik ve demokratik bir \u00fclke i\u00e7in adalet ve hukuk m\u00fccadelesi vermi\u015ftir. Baro ba\u015fkanl\u0131\u011f\u0131 d\u00f6neminde de meslekta\u015flar\u0131m\u0131z\u0131n ve baromuzun g\u00fc\u00e7lenmesine \u00f6nc\u00fcl\u00fck etmi\u015ftir\u201d dedi.\u00a0 \u00a0<br \/>\n\u00a0 Mersin Barosu\u2019nda 4 Nisan 2019 tarihinde kendisine meslekte 71. y\u0131l plaketini takdim etmenin onurunu ya\u015fad\u0131klar\u0131n\u0131 ifade eden Ye\u015filbo\u011faz, \u201c100 ya\u015f\u0131nda olmas\u0131na ve sa\u011fl\u0131k sorunu olmas\u0131na ra\u011fmen, hi\u00e7bir ko\u015ful onu baromuzdan ve meslekta\u015flar\u0131m\u0131zdan ay\u0131rmad\u0131; \u00e7\u00fcnk\u00fc mesle\u011fine a\u015f\u0131k birisiydi. Av. \u015einasi Develi, baromuzda en son yapt\u0131\u011f\u0131 konu\u015fmas\u0131nda, avukatl\u0131k mesle\u011finin, mesleklerin en g\u00fczeli oldu\u011funu s\u00f6ylemi\u015fti. \u2018O\u011flumu ve torunumu avukat yapt\u0131m. 10 \u00e7ocu\u011fum olsayd\u0131, hepsini de avukat yapard\u0131m. Sizlerden en b\u00fcy\u00fck beklentim, birbirinizi sevin, birbirinize sar\u0131l\u0131n\u2019 demi\u015fti. Meslekte ve ya\u015fam\u0131 boyunca ba\u015far\u0131l\u0131 olmas\u0131n\u0131n form\u00fcl\u00fc de buydu. Kendisi, mesleki bilgilerin yan\u0131 s\u0131ra kentimizin tarihi ve ya\u015fam m\u00fccadelesi ad\u0131na \u00e7ok \u015fey \u00f6\u011frendi\u011fimiz \u00f6\u011fretmenimizdi. Bizlere, \u20181948 y\u0131l\u0131nda girdi\u011fim Mersin Barosunu hi\u00e7bir zaman unutmad\u0131m, hi\u00e7bir zaman da unutmayaca\u011f\u0131m\u2019 demi\u015fti. Bizler de kendisini unutmayaca\u011f\u0131z. 100 y\u0131ll\u0131k \u00e7\u0131nar\u0131m\u0131z, duayenimiz Av. \u015einasi Develi\u2019ye Allah&#8217;tan rahmet, meslek camiam\u0131za de\u011ferli ailesine, Mersin\u2019e, t\u00fcm sevenlerine sab\u0131r ve ba\u015fsa\u011fl\u0131\u011f\u0131 dilerim. Mekan\u0131 cennet olsun\u201d ifadesini kulland\u0131.\u00a0<br \/>\n\u00a0<br \/>\n01.07.1920 tarihinde Karaman\u2019da d\u00fcnyaya gelen Av. \u015einasi Develi, Ankara \u00dcniversitesi Hukuk Fak\u00fcltesi\u2019nden mezun olup,\u00a0 6 Nisan 1948\u2019de avukatl\u0131k mesle\u011fine ba\u015flam\u0131\u015ft\u0131r.\u00a0 Av. \u015einasi Develi 24 Ocak Cuma g\u00fcn\u00fc saat 11.00&#8217;da Mersin Adliyesi&#8217;nde d\u00fczenlenecek cenaze t\u00f6reninin ard\u0131ndan, \u00f6\u011fle namaz\u0131n\u0131 m\u00fcteakiben M\u00fcft\u00fc Camii&#8217;nde k\u0131l\u0131nacak cenaze namaz\u0131n\u0131n ard\u0131ndan Akbelen Mezarl\u0131\u011f\u0131&#8217;nda defnedilecek.\u00a0<\/p>\n","protected":false},"excerpt":{"rendered":"<p>\u00a0Mersin\u2019in tarihine \u0131\u015f\u0131k tutan, \u2018Mersin\u2019in belle\u011fi\u2019, \u2018Mersin\u2019in haf\u0131zas\u0131\u2019 olarak nitelendirilen Ara\u015ft\u0131rmac\u0131 Yazar Av. \u015einasi Develi, 100 ya\u015f\u0131nda hayat\u0131n\u0131 kaybetti. Mersin Barosu Ba\u015fkan\u0131 Bilgin Ye\u015filbo\u011faz, \u201c\u015einasi Develi, \u00e7ok ba\u015far\u0131l\u0131 bir hukuk\u00e7u &hellip; <a href=\"https:\/\/mersinekonomipolitikagazetesi.com\/?p=5620\" class=\"more-link\">Devam\u0131n\u0131 Oku&#8230;<\/a><\/p>\n","protected":false},"author":1,"featured_media":0,"comment_status":"open","ping_status":"open","sticky":false,"template":"","format":"standard","meta":[],"categories":[],"tags":[],"_links":{"self":[{"href":"https:\/\/mersinekonomipolitikagazetesi.com\/index.php?rest_route=\/wp\/v2\/posts\/5620"}],"collection":[{"href":"https:\/\/mersinekonomipolitikagazetesi.com\/index.php?rest_route=\/wp\/v2\/posts"}],"about":[{"href":"https:\/\/mersinekonomipolitikagazetesi.com\/index.php?rest_route=\/wp\/v2\/types\/post"}],"author":[{"embeddable":true,"href":"https:\/\/mersinekonomipolitikagazetesi.com\/index.php?rest_route=\/wp\/v2\/users\/1"}],"replies":[{"embeddable":true,"href":"https:\/\/mersinekonomipolitikagazetesi.com\/index.php?rest_route=%2Fwp%2Fv2%2Fcomments&post=5620"}],"version-history":[{"count":0,"href":"https:\/\/mersinekonomipolitikagazetesi.com\/index.php?rest_route=\/wp\/v2\/posts\/5620\/revisions"}],"wp:attachment":[{"href":"https:\/\/mersinekonomipolitikagazetesi.com\/index.php?rest_route=%2Fwp%2Fv2%2Fmedia&parent=5620"}],"wp:term":[{"taxonomy":"category","embeddable":true,"href":"https:\/\/mersinekonomipolitikagazetesi.com\/index.php?rest_route=%2Fwp%2Fv2%2Fcategories&post=5620"},{"taxonomy":"post_tag","embeddable":true,"href":"https:\/\/mersinekonomipolitikagazetesi.com\/index.php?rest_route=%2Fwp%2Fv2%2Ftags&post=5620"}],"curies":[{"name":"wp","href":"https:\/\/api.w.org\/{rel}","templated":true}]}}