{"id":5621,"date":"2020-11-04T18:26:03","date_gmt":"2020-11-04T15:26:03","guid":{"rendered":"http:\/\/mersinekonomipolitikagazetesi.com\/?p=5621"},"modified":"2020-11-04T18:26:03","modified_gmt":"2020-11-04T15:26:03","slug":"metruk-binadaki-yangin-mahalleliye-korku-dolu-anlar-yasatti","status":"publish","type":"post","link":"https:\/\/mersinekonomipolitikagazetesi.com\/?p=5621","title":{"rendered":"Metruk binadaki yang\u0131n mahalleliye korku dolu anlar ya\u015fatt\u0131"},"content":{"rendered":"<p>Mersin&#8217;in Erdemli il\u00e7esinde gece saatlerinde metruk bir binada \u00e7\u0131kan ve palmiye a\u011fa\u00e7lar\u0131na da s\u0131\u00e7rayan yang\u0131n, mahalle sakinlerine korku dolu anlar ya\u015fatt\u0131.\u00a0 \u00a0<br \/>\n\u00a0 Edinilen bilgiye g\u00f6re, Erdemli Merkez Mahallesi, Hal Caddesi \u00fczerindeki \u0130shak Efendi Sokak&#8217;ta bulunan metruk bir binada gece saat 03.00 s\u0131ralar\u0131nda yang\u0131n \u00e7\u0131kt\u0131.\u00a0<br \/>\n\u00a0 Metruk binada ba\u015flayan daha sonra palmiye a\u011fa\u00e7lar\u0131na da s\u0131\u00e7rayan yang\u0131n mahalle sakinlerine korku dolu anlar ya\u015fatt\u0131.\u00a0<br \/>\n\u00a0 Yang\u0131n itfaiyenin zaman\u0131nda m\u00fcdahalesiyle \u00fcst kat\u0131nda vatanda\u015flar\u0131n bulundu\u011fu alt kat\u0131n\u0131n ise bir esnaf\u0131n depo olarak kulland\u0131\u011f\u0131 m\u00fcstakil eve s\u0131\u00e7ramadan s\u00f6nd\u00fcr\u00fcld\u00fc. Yang\u0131n\u0131n s\u00f6nd\u00fcr\u00fclmesiyle mahalle sakinleri de derin bir nefes ald\u0131.\u00a0<br \/>\n\u00a0 Mahalle esnaf\u0131ndan Adem Kara, &#8220;Yang\u0131n \u00e7\u0131kt\u0131, palmiye a\u011fa\u00e7lar\u0131na s\u0131\u00e7rad\u0131. Allah&#8217;tan eve ve deponun penceresine s\u0131\u00e7ramadan itfaiye gelip s\u00f6nd\u00fcrd\u00fc. Kimin \u00e7\u0131kard\u0131\u011f\u0131n\u0131 bilmiyoruz, birden alev ald\u0131, kom\u015fular haber verdi, itfaiye de gelip s\u00f6nd\u00fcrd\u00fc&#8221; dedi.\u00a0<br \/>\n\u00a0 Emniyet g\u00fc\u00e7leri yang\u0131n\u0131n \u00e7\u0131k\u0131\u015f sebebinin belirlenmesi i\u00e7in soru\u015fturma ba\u015flatt\u0131.\u00a0<\/p>\n","protected":false},"excerpt":{"rendered":"<p>Mersin&#8217;in Erdemli il\u00e7esinde gece saatlerinde metruk bir binada \u00e7\u0131kan ve palmiye a\u011fa\u00e7lar\u0131na da s\u0131\u00e7rayan yang\u0131n, mahalle sakinlerine korku dolu anlar ya\u015fatt\u0131.\u00a0 \u00a0 \u00a0 Edinilen bilgiye g\u00f6re, Erdemli Merkez Mahallesi, Hal &hellip; <a href=\"https:\/\/mersinekonomipolitikagazetesi.com\/?p=5621\" class=\"more-link\">Devam\u0131n\u0131 Oku&#8230;<\/a><\/p>\n","protected":false},"author":1,"featured_media":0,"comment_status":"open","ping_status":"open","sticky":false,"template":"","format":"standard","meta":[],"categories":[],"tags":[],"_links":{"self":[{"href":"https:\/\/mersinekonomipolitikagazetesi.com\/index.php?rest_route=\/wp\/v2\/posts\/5621"}],"collection":[{"href":"https:\/\/mersinekonomipolitikagazetesi.com\/index.php?rest_route=\/wp\/v2\/posts"}],"about":[{"href":"https:\/\/mersinekonomipolitikagazetesi.com\/index.php?rest_route=\/wp\/v2\/types\/post"}],"author":[{"embeddable":true,"href":"https:\/\/mersinekonomipolitikagazetesi.com\/index.php?rest_route=\/wp\/v2\/users\/1"}],"replies":[{"embeddable":true,"href":"https:\/\/mersinekonomipolitikagazetesi.com\/index.php?rest_route=%2Fwp%2Fv2%2Fcomments&post=5621"}],"version-history":[{"count":0,"href":"https:\/\/mersinekonomipolitikagazetesi.com\/index.php?rest_route=\/wp\/v2\/posts\/5621\/revisions"}],"wp:attachment":[{"href":"https:\/\/mersinekonomipolitikagazetesi.com\/index.php?rest_route=%2Fwp%2Fv2%2Fmedia&parent=5621"}],"wp:term":[{"taxonomy":"category","embeddable":true,"href":"https:\/\/mersinekonomipolitikagazetesi.com\/index.php?rest_route=%2Fwp%2Fv2%2Fcategories&post=5621"},{"taxonomy":"post_tag","embeddable":true,"href":"https:\/\/mersinekonomipolitikagazetesi.com\/index.php?rest_route=%2Fwp%2Fv2%2Ftags&post=5621"}],"curies":[{"name":"wp","href":"https:\/\/api.w.org\/{rel}","templated":true}]}}