{"id":5622,"date":"2020-11-04T18:26:03","date_gmt":"2020-11-04T15:26:03","guid":{"rendered":"http:\/\/mersinekonomipolitikagazetesi.com\/?p=5622"},"modified":"2020-11-04T18:26:03","modified_gmt":"2020-11-04T15:26:03","slug":"il-koordinasyon-kurulu-vali-su-baskanliginda-toplandi","status":"publish","type":"post","link":"https:\/\/mersinekonomipolitikagazetesi.com\/?p=5622","title":{"rendered":"\u0130l Koordinasyon Kurulu Vali Su ba\u015fkanl\u0131\u011f\u0131nda topland\u0131"},"content":{"rendered":"<p>\u00a0Mersin Valisi Ali \u0130hsan Su, 2019 y\u0131l\u0131nda oldu\u011fu gibi 2020 y\u0131l\u0131nda da Mersin&#8217;de \u00e7ok ciddi yat\u0131r\u0131mlar\u0131n ger\u00e7ekle\u015ftirilece\u011fini belirterek, &#8220;Esas olan vatanda\u015f odakl\u0131, vatanda\u015f\u0131m\u0131z\u0131 memnun eden yat\u0131r\u0131mlar ve vatanda\u015flar\u0131m\u0131z\u0131n sorunlar\u0131n\u0131 \u00e7\u00f6zmekte g\u00f6sterdi\u011finiz ba\u015far\u0131d\u0131r. Birinci vazifemiz, vatanda\u015f memnuniyetidir&#8221; dedi.\u00a0 \u00a0<br \/>\n\u00a0 \u0130l Koordinasyon Kurulunun, 2020 y\u0131l\u0131 ilk toplant\u0131s\u0131, Vali Su ba\u015fkanl\u0131\u011f\u0131nda yap\u0131ld\u0131. Valilik Toplant\u0131 Salonunda ger\u00e7ekle\u015ftirilen toplant\u0131ya vali yard\u0131mc\u0131lar\u0131, kaymakamlar, b\u00f6lge m\u00fcd\u00fcrleri, il m\u00fcd\u00fcrleri, ilgili kamu kurum ve kurulu\u015flar\u0131 ile belediye ba\u015fkanlar\u0131 ve sivil toplum kurulu\u015flar\u0131n\u0131n temsilcileri kat\u0131ld\u0131.\u00a0<br \/>\n\u00a0 Toplant\u0131da konu\u015fan Vali Su, yat\u0131r\u0131mlar\u0131n etkin, verimli ve rasyonel bir \u015fekilde s\u00fcrd\u00fcr\u00fclmesinin ama\u00e7land\u0131\u011f\u0131n\u0131 belirterek, 2019 y\u0131l\u0131nda Mersin&#8217;de y\u00fcr\u00fct\u00fclmekte olan 507 i\u015fin toplam proje tutar\u0131n\u0131n 19 milyar 290 milyon 786 bin lira oldu\u011funu, 1 milyar 927 milyon 429 bin lira olan y\u0131l \u00f6dene\u011finin, 1 milyar 573 milyon 57 bin TL\u2019sinin kullan\u0131larak y\u00fczde 81.61\u2019lik nakdi ger\u00e7ekle\u015fme sa\u011fland\u0131\u011f\u0131n\u0131 ifade etti. 2019 y\u0131l\u0131 i\u00e7erisinde 171 projenin tamamland\u0131\u011f\u0131n\u0131, 239 projenin devam etti\u011fini, 20 projenin ise ihale a\u015famas\u0131nda oldu\u011funu kaydeden Vali Su, 77 projeye \u00e7e\u015fitli sebeplerden dolay\u0131 ba\u015flanamad\u0131\u011f\u0131n\u0131, bu projelerin hayata ge\u00e7irilmesi i\u00e7in \u00e7al\u0131\u015fmalar\u0131n s\u00fcrd\u00fcr\u00fcld\u00fc\u011f\u00fcn\u00fc a\u00e7\u0131klad\u0131.\u00a0<br \/>\n\u00a0 2019 y\u0131l\u0131nda oldu\u011fu gibi 2020 y\u0131l\u0131nda da Mersin&#8217;de \u00e7ok ciddi yat\u0131r\u0131mlar\u0131n ger\u00e7ekle\u015ftirilece\u011finin alt\u0131n\u0131 \u00e7izen Su, \u201c\u00d6ncelikle mevcut devam eden yat\u0131r\u0131mlar\u0131m\u0131z\u0131 takip ederek en k\u0131sa zamanda sonu\u00e7land\u0131raca\u011f\u0131z. 2020 y\u0131l\u0131nda teklif etti\u011fimiz yat\u0131r\u0131mlar\u0131m\u0131z\u0131 takip edece\u011fiz ve bunlarla ilgili neler yapmam\u0131z gerekiyorsa bunlar\u0131 en seri \u015fekilde yapaca\u011f\u0131z&#8221; diye konu\u015ftu.\u00a0<br \/>\n\u00a0 &#8220;Birinci vazifemiz, vatanda\u015f memnuniyetidir\u201d\u00a0<br \/>\n\u00a0 T\u00fcm kurum ve kurulu\u015flar\u0131n koordinasyon ve i\u015f birli\u011fi i\u00e7erisinde \u00e7al\u0131\u015fmalar\u0131n\u0131n \u00f6nemine de\u011finen Vali Su, \u201cEsas olan vatanda\u015f odakl\u0131, vatanda\u015f\u0131m\u0131z\u0131 memnun eden yat\u0131r\u0131mlar ve vatanda\u015flar\u0131m\u0131z\u0131n sorunlar\u0131n\u0131 \u00e7\u00f6zmekte g\u00f6sterdi\u011finiz ba\u015far\u0131d\u0131r. Birinci vazifemiz, vatanda\u015f memnuniyetidir&#8221; ifadelerini kulland\u0131.\u00a0<br \/>\n\u00a0 Toplant\u0131, kamu kurum ve kurulu\u015flar\u0131n\u0131n devam eden projeleriyle ilgili sunum yapmalar\u0131 ve kar\u015f\u0131l\u0131kl\u0131 g\u00f6r\u00fc\u015f al\u0131\u015fveri\u015finde bulunulmas\u0131yla sona erdi.\u00a0<\/p>\n","protected":false},"excerpt":{"rendered":"<p>\u00a0Mersin Valisi Ali \u0130hsan Su, 2019 y\u0131l\u0131nda oldu\u011fu gibi 2020 y\u0131l\u0131nda da Mersin&#8217;de \u00e7ok ciddi yat\u0131r\u0131mlar\u0131n ger\u00e7ekle\u015ftirilece\u011fini belirterek, &#8220;Esas olan vatanda\u015f odakl\u0131, vatanda\u015f\u0131m\u0131z\u0131 memnun eden yat\u0131r\u0131mlar ve vatanda\u015flar\u0131m\u0131z\u0131n sorunlar\u0131n\u0131 \u00e7\u00f6zmekte &hellip; <a href=\"https:\/\/mersinekonomipolitikagazetesi.com\/?p=5622\" class=\"more-link\">Devam\u0131n\u0131 Oku&#8230;<\/a><\/p>\n","protected":false},"author":1,"featured_media":0,"comment_status":"open","ping_status":"open","sticky":false,"template":"","format":"standard","meta":[],"categories":[],"tags":[],"_links":{"self":[{"href":"https:\/\/mersinekonomipolitikagazetesi.com\/index.php?rest_route=\/wp\/v2\/posts\/5622"}],"collection":[{"href":"https:\/\/mersinekonomipolitikagazetesi.com\/index.php?rest_route=\/wp\/v2\/posts"}],"about":[{"href":"https:\/\/mersinekonomipolitikagazetesi.com\/index.php?rest_route=\/wp\/v2\/types\/post"}],"author":[{"embeddable":true,"href":"https:\/\/mersinekonomipolitikagazetesi.com\/index.php?rest_route=\/wp\/v2\/users\/1"}],"replies":[{"embeddable":true,"href":"https:\/\/mersinekonomipolitikagazetesi.com\/index.php?rest_route=%2Fwp%2Fv2%2Fcomments&post=5622"}],"version-history":[{"count":0,"href":"https:\/\/mersinekonomipolitikagazetesi.com\/index.php?rest_route=\/wp\/v2\/posts\/5622\/revisions"}],"wp:attachment":[{"href":"https:\/\/mersinekonomipolitikagazetesi.com\/index.php?rest_route=%2Fwp%2Fv2%2Fmedia&parent=5622"}],"wp:term":[{"taxonomy":"category","embeddable":true,"href":"https:\/\/mersinekonomipolitikagazetesi.com\/index.php?rest_route=%2Fwp%2Fv2%2Fcategories&post=5622"},{"taxonomy":"post_tag","embeddable":true,"href":"https:\/\/mersinekonomipolitikagazetesi.com\/index.php?rest_route=%2Fwp%2Fv2%2Ftags&post=5622"}],"curies":[{"name":"wp","href":"https:\/\/api.w.org\/{rel}","templated":true}]}}